{"id":24925,"date":"2018-11-24T11:48:58","date_gmt":"2018-11-24T08:48:58","guid":{"rendered":"http:\/\/arantv.az\/?p=24925"},"modified":"2018-11-24T11:48:58","modified_gmt":"2018-11-24T08:48:58","slug":"deputat-rusiya-erm%c9%99nistan-munasib%c9%99tl%c9%99ri-tarixd%c9%99-hec-vaxt-olmadigi-q%c9%99d%c9%99r-korlanib","status":"publish","type":"post","link":"https:\/\/arantv.az\/?p=24925","title":{"rendered":"Deputat: &#8220;Rusiya-Erm\u0259nistan m\u00fcnasib\u0259tl\u0259ri tarixd\u0259 he\u00e7 vaxt olmad\u0131\u011f\u0131 q\u0259d\u0259r korlan\u0131b&#8221;"},"content":{"rendered":"<p><strong>&#8220;Siyasi prosesl\u0259r el\u0259 istiqam\u0259td\u0259 inki\u015faf edir ki, Rusiya-Erm\u0259nistan m\u00fcnasib\u0259tl\u0259ri tarixd\u0259 he\u00e7 vaxt olmad\u0131\u011f\u0131 q\u0259d\u0259r korlan\u0131b&#8221;.<\/strong><\/p>\n<p><strong>ARANTV.AZ\u00a0<\/strong> x\u0259b\u0259r verir ki, bunu\u00a0 trend-\u0259 mill\u0259t v\u0259kili\u00a0<strong>Hikm\u0259t Babao\u011flu<\/strong>\u00a0deyib.<\/p>\n<p>H.Babao\u011flu bildirib ki, d\u00fcn\u0259n\u0259 q\u0259d\u0259r Az\u0259rbaycan\u0131 Kollektiv T\u0259hl\u00fck\u0259sizlik M\u00fcqavil\u0259si T\u0259\u015fkilat\u0131 il\u0259 h\u0259d\u0259l\u0259y\u0259n Erm\u0259nistanda bu g\u00fcn h\u0259min t\u0259\u015fkilata \u00fczvl\u00fckd\u0259n imtina etm\u0259k bar\u0259d\u0259 fikirl\u0259r s\u0259sl\u0259ndirilir:<\/p>\n<p>&#8220;B\u0259s, g\u00f6r\u0259s\u0259n, bird\u0259n-bir\u0259 n\u0259 ba\u015f verdi ki, Erm\u0259nistan\u0131n m\u00f6vqeyind\u0259 bel\u0259 radikal d\u0259yi\u015fiklik meydana \u00e7\u0131xd\u0131. \u018fvv\u0259la qeyd etm\u0259k laz\u0131md\u0131r ki, idmanda oldu\u011fu kimi, diplomatiyada da r\u0259qibin g\u00fcc\u00fcnd\u0259n \u00f6z\u00fcn\u0259 qar\u015f\u0131 istifad\u0259etm\u0259 metodlar\u0131 var. Az\u0259rbaycan uzun ill\u0259rdir h\u0259yata ke\u00e7irdiyi prinsipial v\u0259 ard\u0131c\u0131l xarici siyas\u0259ti say\u0259sind\u0259 i\u015f\u011fal\u00e7\u0131 Erm\u0259nistana arxa olan, yaxud onu bu v\u0259 ya dig\u0259r s\u0259viyy\u0259d\u0259 d\u0259st\u0259kl\u0259y\u0259n \u00f6lk\u0259l\u0259rl\u0259 m\u00fcnasib\u0259tl\u0259ri el\u0259 s\u0259viyy\u0259y\u0259 qald\u0131rd\u0131 ki, Erm\u0259nistan\u0131n \u00f6z\u00fcn\u0259 arxa hesab etdiyi ayr\u0131-ayr\u0131 \u00f6lk\u0259l\u0259r v\u0259 regional t\u0259\u015fkilatlar art\u0131q bu g\u00fcn onu d\u0259st\u0259kl\u0259mirl\u0259r. Do\u011frudur, C\u0259nubi Qafqazda son iki \u0259srd\u0259 formala\u015fan olduqca h\u0259ssas geosiyasi tarazl\u0131\u011f\u0131 d\u0259yi\u015fm\u0259k \u00e7ox \u00e7\u0259tin olsa da, n\u0259hay\u0259t, son bir ne\u00e7\u0259 ild\u0259 Az\u0259rbaycan buna xeyli d\u0259r\u0259c\u0259d\u0259 m\u00fcv\u0259ff\u0259q oldu&#8221;.<\/p>\n<p>Mill\u0259t v\u0259kili vur\u011fulay\u0131b ki, 2016-c\u0131 il Aprel d\u00f6y\u00fc\u015fl\u0259ri \u0259slind\u0259 C\u0259nubi Qafqazda ba\u015f ver\u0259 bil\u0259c\u0259k yeni geosiyasi reall\u0131\u011f\u0131n ba\u015flan\u011f\u0131c\u0131 idi: &#8220;Art\u0131q bu d\u0259f\u0259 son iki y\u00fcz ild\u0259 ilk bel\u0259 hal idi ki, Az\u0259rbaycan h\u0259rbi-siyasi reall\u0131\u011f\u0131 d\u0259yi\u015fdirm\u0259k \u00fc\u00e7\u00fcn dikt\u0259 ed\u0259n t\u0259r\u0259f\u0259 \u00e7evrilirdi. El\u0259 bundan sonra da Erm\u0259nistanda eyforiya d\u00f6vr\u00fc ba\u015fa \u00e7atd\u0131 v\u0259 yeni siyasi reall\u0131qlar yaranma\u011fa ba\u015flad\u0131. Haz\u0131rda reall\u0131q ondan ibar\u0259tdir ki, i\u015f\u011fal\u00e7\u0131 \u00f6lk\u0259 siyasi m\u00fcvazin\u0259tini itirib v\u0259 s\u00f6yk\u0259nm\u0259k \u00fc\u00e7\u00fcn sabit dayaq n\u00f6qt\u0259si tapa bilmir. Ona g\u00f6r\u0259 d\u0259 tez-tez s\u0259hvl\u0259r\u0259 yol verir. Dolay\u0131sil\u0259 Az\u0259baycan t\u0259r\u0259find\u0259n h\u0259r g\u00fcn bir az daha \u00e7ox k\u00fcnc\u0259 s\u0131x\u0131\u015fd\u0131r\u0131l\u0131r&#8221;.<\/p>\n<p>O qeyd edib ki, bir m\u00fcdd\u0259t \u00f6nc\u0259y\u0259 q\u0259d\u0259r sad\u0259c\u0259 Az\u0259rbaycan t\u0259r\u0259find\u0259n k\u00fc\u00e7\u0259 siyas\u0259t\u00e7isi kimi qiym\u0259tl\u0259ndiril\u0259n Pa\u015finyan v\u0259 onun k\u00fc\u00e7\u0259 demokratiyas\u0131 art\u0131q Erm\u0259nistan\u0131n KTMT-d\u0259 m\u00fctt\u0259fiq oldu\u011fu \u00f6lk\u0259l\u0259r t\u0259r\u0259find\u0259n d\u0259 bel\u0259 qiym\u0259tl\u0259ndirilir:<\/p>\n<p>&#8220;\u018flb\u0259tt\u0259, bu regional t\u0259\u015fkilat\u0131n ad\u0131 v\u0259 n\u00fcfuzu ilk n\u00f6vb\u0259d\u0259 Rusiya Federasiyas\u0131 il\u0259 ba\u011fl\u0131d\u0131r v\u0259 el\u0259 Erm\u0259nistan\u0131n bir d\u00f6vl\u0259t kimi meydana g\u0259lm\u0259si d\u0259 bu \u00f6lk\u0259nin tarixin m\u00fcxt\u0259lif d\u00f6vrl\u0259rind\u0259 q\u0259bul etdiyi siyasi q\u0259rarlar n\u0259tic\u0259sind\u0259 meydana \u00e7\u0131xan reall\u0131qd\u0131r. Ancaq haz\u0131rda siyasi prosesl\u0259r el\u0259 istiqam\u0259td\u0259 inki\u015faf edir ki, iki \u00f6lk\u0259 aras\u0131nda m\u00fcnasib\u0259tl\u0259r tarixd\u0259 he\u00e7 vaxt olmad\u0131\u011f\u0131 q\u0259d\u0259r korlan\u0131b. Bu, olduqca \u0259h\u0259miyy\u0259tli m\u0259s\u0259l\u0259dir. Ona g\u00f6r\u0259 ki, regionumuzda siyasi ger\u00e7\u0259klikl\u0259ri dizayn ed\u0259n g\u00fcc m\u0259rk\u0259zl\u0259rinin tarixi \u015f\u0259raiti v\u0259 Az\u0259rbaycan\u0131n yerini v\u0259 rolunu soyuqqanl\u0131, qeyri-emosional v\u0259 obyektiv qiym\u0259tl\u0259ndirm\u0259l\u0259ri \u00fc\u00e7\u00fcn \u015f\u0259rait yaran\u0131b&#8221;.<\/p>\n<p>Deputat \u0259lav\u0259 edib ki, bu tarixi f\u00fcrs\u0259t h\u0259m d\u0259 Rusiya-Az\u0259rbaycan m\u00fcnasib\u0259tl\u0259rind\u0259 tamamil\u0259 yeni bir s\u0259hif\u0259 a\u00e7maq imkanlar\u0131 yarad\u0131b: &#8220;Onsuz da Rusiya il\u0259 m\u00fcnasib\u0259tl\u0259rimiz strateji m\u00fctt\u0259fiqlik s\u0259viyy\u0259sind\u0259 qiym\u0259tl\u0259ndirilir, amma h\u0259r iki \u00f6lk\u0259nin t\u0259hl\u00fck\u0259sizliyinin t\u0259min olunmas\u0131 bax\u0131m\u0131ndan h\u0259l\u0259 d\u0259 realiz\u0259 olunmam\u0131\u015f olduqca b\u00f6y\u00fck potensiala malik geosiyasi resurslar var. Bunun ba\u015f tutmas\u0131 \u00fc\u00e7\u00fcn is\u0259 ilk n\u00f6vb\u0259d\u0259 regionda i\u015f\u011fal fakt\u0131na son qoyulmal\u0131d\u0131r. Bu, b\u00fct\u00fcn region d\u00f6vl\u0259tl\u0259rinin siyasi v\u0259 iqtisadi t\u0259hl\u00fck\u0259sizliyi bax\u0131m\u0131ndan vacibdir. Haz\u0131rda Az\u0259rbaycan\u0131n h\u0259yata ke\u00e7irdiyi xarici siyas\u0259t d\u0259 buna xidm\u0259t edir. Erm\u0259nistan is\u0259 h\u0259r g\u00fcn daha \u00e7ox dalana s\u0131x\u0131\u015fd\u0131r\u0131lmaqla geosiyasi prosesl\u0259rin \u0259h\u0259miyy\u0259tsiz aktoruna \u00e7evrilir v\u0259 he\u00e7 k\u0259s t\u0259r\u0259find\u0259n d\u0259st\u0259kl\u0259nmir&#8221;.<\/p>\n","protected":false},"excerpt":{"rendered":"<p>&#8220;Siyasi prosesl\u0259r el\u0259 istiqam\u0259td\u0259 inki\u015faf edir ki, Rusiya-Erm\u0259nistan m\u00fcnasib\u0259tl\u0259ri tarixd\u0259 he\u00e7 vaxt olmad\u0131\u011f\u0131 q\u0259d\u0259r korlan\u0131b&#8221;. ARANTV.AZ\u00a0 x\u0259b\u0259r verir ki, bunu\u00a0 trend-\u0259 mill\u0259t v\u0259kili\u00a0Hikm\u0259t Babao\u011flu\u00a0deyib. H.Babao\u011flu bildirib ki, d\u00fcn\u0259n\u0259 q\u0259d\u0259r Az\u0259rbaycan\u0131 Kollektiv T\u0259hl\u00fck\u0259sizlik M\u00fcqavil\u0259si T\u0259\u015fkilat\u0131 il\u0259 h\u0259d\u0259l\u0259y\u0259n Erm\u0259nistanda bu g\u00fcn h\u0259min t\u0259\u015fkilata \u00fczvl\u00fckd\u0259n imtina etm\u0259k bar\u0259d\u0259 fikirl\u0259r s\u0259sl\u0259ndirilir: &#8220;B\u0259s, g\u00f6r\u0259s\u0259n, bird\u0259n-bir\u0259 n\u0259 ba\u015f verdi ki, Erm\u0259nistan\u0131n m\u00f6vqeyind\u0259 bel\u0259 radikal d\u0259yi\u015fiklik meydana \u00e7\u0131xd\u0131. \u018fvv\u0259la qeyd etm\u0259k laz\u0131md\u0131r ki, idmanda oldu\u011fu kimi, diplomatiyada da r\u0259qibin g\u00fcc\u00fcnd\u0259n \u00f6z\u00fcn\u0259 qar\u015f\u0131 istifad\u0259etm\u0259 metodlar\u0131 var. Az\u0259rbaycan uzun ill\u0259rdir h\u0259yata ke\u00e7irdiyi prinsipial v\u0259 ard\u0131c\u0131l xarici siyas\u0259ti say\u0259sind\u0259 i\u015f\u011fal\u00e7\u0131&hellip;<\/p>\n","protected":false},"author":2,"featured_media":24926,"comment_status":"closed","ping_status":"closed","sticky":false,"template":"","format":"standard","meta":{"om_disable_all_campaigns":false,"_monsterinsights_skip_tracking":false,"_monsterinsights_sitenote_active":false,"_monsterinsights_sitenote_note":"","_monsterinsights_sitenote_category":0},"categories":[4],"tags":[],"aioseo_notices":[],"gutentor_comment":0,"rttpg_featured_image_url":{"full":["https:\/\/arantv.az\/wp-content\/uploads\/2018\/11\/706602.jpg",800,600,false],"landscape":["https:\/\/arantv.az\/wp-content\/uploads\/2018\/11\/706602.jpg",800,600,false],"portraits":["https:\/\/arantv.az\/wp-content\/uploads\/2018\/11\/706602.jpg",800,600,false],"thumbnail":["https:\/\/arantv.az\/wp-content\/uploads\/2018\/11\/706602-150x150.jpg",150,150,true],"medium":["https:\/\/arantv.az\/wp-content\/uploads\/2018\/11\/706602-300x225.jpg",300,225,true],"large":["https:\/\/arantv.az\/wp-content\/uploads\/2018\/11\/706602.jpg",640,480,false],"1536x1536":["https:\/\/arantv.az\/wp-content\/uploads\/2018\/11\/706602.jpg",800,600,false],"2048x2048":["https:\/\/arantv.az\/wp-content\/uploads\/2018\/11\/706602.jpg",800,600,false],"post-thumbnail":["https:\/\/arantv.az\/wp-content\/uploads\/2018\/11\/706602-240x172.jpg",240,172,true],"advps-thumb-one":["https:\/\/arantv.az\/wp-content\/uploads\/2018\/11\/706602.jpg",800,600,false]},"rttpg_author":{"display_name":"V\u00fcsal Rafiqo\u011flu","author_link":"https:\/\/arantv.az\/?author=2"},"rttpg_comment":0,"rttpg_category":"<a href=\"https:\/\/arantv.az\/?cat=4\" rel=\"category\">Siyas\u0259t<\/a>","rttpg_excerpt":"&#8220;Siyasi prosesl\u0259r el\u0259 istiqam\u0259td\u0259 inki\u015faf edir ki, Rusiya-Erm\u0259nistan m\u00fcnasib\u0259tl\u0259ri tarixd\u0259 he\u00e7 vaxt olmad\u0131\u011f\u0131 q\u0259d\u0259r korlan\u0131b&#8221;. ARANTV.AZ\u00a0 x\u0259b\u0259r verir ki, bunu\u00a0 trend-\u0259 mill\u0259t v\u0259kili\u00a0Hikm\u0259t Babao\u011flu\u00a0deyib. H.Babao\u011flu bildirib ki, d\u00fcn\u0259n\u0259 q\u0259d\u0259r Az\u0259rbaycan\u0131 Kollektiv T\u0259hl\u00fck\u0259sizlik M\u00fcqavil\u0259si T\u0259\u015fkilat\u0131 il\u0259 h\u0259d\u0259l\u0259y\u0259n Erm\u0259nistanda bu g\u00fcn h\u0259min t\u0259\u015fkilata \u00fczvl\u00fckd\u0259n imtina etm\u0259k bar\u0259d\u0259 fikirl\u0259r s\u0259sl\u0259ndirilir: &#8220;B\u0259s, g\u00f6r\u0259s\u0259n, bird\u0259n-bir\u0259 n\u0259 ba\u015f verdi ki, Erm\u0259nistan\u0131n&hellip;","_links":{"self":[{"href":"https:\/\/arantv.az\/index.php?rest_route=\/wp\/v2\/posts\/24925"}],"collection":[{"href":"https:\/\/arantv.az\/index.php?rest_route=\/wp\/v2\/posts"}],"about":[{"href":"https:\/\/arantv.az\/index.php?rest_route=\/wp\/v2\/types\/post"}],"author":[{"embeddable":true,"href":"https:\/\/arantv.az\/index.php?rest_route=\/wp\/v2\/users\/2"}],"replies":[{"embeddable":true,"href":"https:\/\/arantv.az\/index.php?rest_route=%2Fwp%2Fv2%2Fcomments&post=24925"}],"version-history":[{"count":0,"href":"https:\/\/arantv.az\/index.php?rest_route=\/wp\/v2\/posts\/24925\/revisions"}],"wp:featuredmedia":[{"embeddable":true,"href":"https:\/\/arantv.az\/index.php?rest_route=\/wp\/v2\/media\/24926"}],"wp:attachment":[{"href":"https:\/\/arantv.az\/index.php?rest_route=%2Fwp%2Fv2%2Fmedia&parent=24925"}],"wp:term":[{"taxonomy":"category","embeddable":true,"href":"https:\/\/arantv.az\/index.php?rest_route=%2Fwp%2Fv2%2Fcategories&post=24925"},{"taxonomy":"post_tag","embeddable":true,"href":"https:\/\/arantv.az\/index.php?rest_route=%2Fwp%2Fv2%2Ftags&post=24925"}],"curies":[{"name":"wp","href":"https:\/\/api.w.org\/{rel}","templated":true}]}}