{"id":249264,"date":"2020-12-07T15:11:53","date_gmt":"2020-12-07T12:11:53","guid":{"rendered":"http:\/\/arantv.az\/?p=249264"},"modified":"2020-12-07T15:11:53","modified_gmt":"2020-12-07T12:11:53","slug":"az%c9%99rbaycanda-yuks%c9%99k-v%c9%99zif%c9%99y%c9%99-t%c9%99yinat-12","status":"publish","type":"post","link":"https:\/\/arantv.az\/?p=249264","title":{"rendered":"Az\u0259rbaycanda y\u00fcks\u0259k v\u0259zif\u0259y\u0259 T\u018fY\u0130NAT"},"content":{"rendered":"<p>Zahid X\u0259lilov N\u0259simi Rayon \u0130cra Hakimiyy\u0259tinin ba\u015f\u00e7\u0131s\u0131n\u0131n yeni m\u00fcavini t\u0259yin edilib.<\/p>\n<p>Report-un m\u0259lumat\u0131na g\u00f6r\u0259, bununla ba\u011fl\u0131 m\u00fcvafiq \u0259mr imzalan\u0131b.<\/p>\n<div id=\"AdviadNativeVideo0\" class=\"AdviadNativeVideo\">\n<div class=\"adviad-inboard sm-screen\">\n<div>\n<div class=\"adviad-ui-components-label\">\n<p>Qeyd ed\u0259k ki, Zahid \u018fziz o\u011flu X\u0259lilov bu vaxtad\u0259k N\u0259simi Rayon \u0130cra Hakimiyy\u0259tind\u0259 \u018frazi idar\u0259etm\u0259 v\u0259 yerli \u00f6z\u00fcn\u00fcidar\u0259etm\u0259 orqanlar\u0131 il\u0259 i\u015f \u015f\u00f6b\u0259sinin m\u00fcdiri olub.<\/p>\n<p>Xat\u0131rladaq ki, N\u0259simi Rayon \u0130cra Hakimiyy\u0259ti ba\u015f\u00e7\u0131s\u0131n\u0131n ke\u00e7mi\u015f m\u00fcavini Anar Ta\u011f\u0131yev d\u00f6vl\u0259t ba\u015f\u00e7\u0131s\u0131n\u0131n s\u0259r\u0259ncam\u0131 il\u0259 2019-cu ilin oktyabr\u0131nda Yevlax Rayon \u0130cra Hakimiyy\u0259tinin ba\u015f\u00e7\u0131s\u0131 t\u0259yin edilib.<\/p>\n<\/div>\n<\/div>\n<\/div>\n<\/div>\n","protected":false},"excerpt":{"rendered":"<p>Zahid X\u0259lilov N\u0259simi Rayon \u0130cra Hakimiyy\u0259tinin ba\u015f\u00e7\u0131s\u0131n\u0131n yeni m\u00fcavini t\u0259yin edilib. Report-un m\u0259lumat\u0131na g\u00f6r\u0259, bununla ba\u011fl\u0131 m\u00fcvafiq \u0259mr imzalan\u0131b. Qeyd ed\u0259k ki, Zahid \u018fziz o\u011flu X\u0259lilov bu vaxtad\u0259k N\u0259simi Rayon \u0130cra Hakimiyy\u0259tind\u0259 \u018frazi idar\u0259etm\u0259 v\u0259 yerli \u00f6z\u00fcn\u00fcidar\u0259etm\u0259 orqanlar\u0131 il\u0259 i\u015f \u015f\u00f6b\u0259sinin m\u00fcdiri olub. Xat\u0131rladaq ki, N\u0259simi Rayon \u0130cra Hakimiyy\u0259ti ba\u015f\u00e7\u0131s\u0131n\u0131n ke\u00e7mi\u015f m\u00fcavini Anar Ta\u011f\u0131yev d\u00f6vl\u0259t ba\u015f\u00e7\u0131s\u0131n\u0131n s\u0259r\u0259ncam\u0131 il\u0259 2019-cu ilin oktyabr\u0131nda Yevlax Rayon \u0130cra Hakimiyy\u0259tinin ba\u015f\u00e7\u0131s\u0131 t\u0259yin edilib.<\/p>\n","protected":false},"author":2,"featured_media":249265,"comment_status":"closed","ping_status":"closed","sticky":false,"template":"","format":"standard","meta":{"om_disable_all_campaigns":false,"_monsterinsights_skip_tracking":false,"_monsterinsights_sitenote_active":false,"_monsterinsights_sitenote_note":"","_monsterinsights_sitenote_category":0},"categories":[26],"tags":[],"aioseo_notices":[],"gutentor_comment":0,"rttpg_featured_image_url":{"full":["https:\/\/arantv.az\/wp-content\/uploads\/2020\/12\/266433_Zasedanie_pravitelystva_Sverdlovskoy_oblasti_Ekaterinburg_chinovnik_portfely_delovoy_stily_byurokratiya_250x0_2148.1485.274.97.jpg",620,429,false],"landscape":["https:\/\/arantv.az\/wp-content\/uploads\/2020\/12\/266433_Zasedanie_pravitelystva_Sverdlovskoy_oblasti_Ekaterinburg_chinovnik_portfely_delovoy_stily_byurokratiya_250x0_2148.1485.274.97.jpg",620,429,false],"portraits":["https:\/\/arantv.az\/wp-content\/uploads\/2020\/12\/266433_Zasedanie_pravitelystva_Sverdlovskoy_oblasti_Ekaterinburg_chinovnik_portfely_delovoy_stily_byurokratiya_250x0_2148.1485.274.97.jpg",620,429,false],"thumbnail":["https:\/\/arantv.az\/wp-content\/uploads\/2020\/12\/266433_Zasedanie_pravitelystva_Sverdlovskoy_oblasti_Ekaterinburg_chinovnik_portfely_delovoy_stily_byurokratiya_250x0_2148.1485.274.97-150x150.jpg",150,150,true],"medium":["https:\/\/arantv.az\/wp-content\/uploads\/2020\/12\/266433_Zasedanie_pravitelystva_Sverdlovskoy_oblasti_Ekaterinburg_chinovnik_portfely_delovoy_stily_byurokratiya_250x0_2148.1485.274.97-300x208.jpg",300,208,true],"large":["https:\/\/arantv.az\/wp-content\/uploads\/2020\/12\/266433_Zasedanie_pravitelystva_Sverdlovskoy_oblasti_Ekaterinburg_chinovnik_portfely_delovoy_stily_byurokratiya_250x0_2148.1485.274.97.jpg",620,429,false],"1536x1536":["https:\/\/arantv.az\/wp-content\/uploads\/2020\/12\/266433_Zasedanie_pravitelystva_Sverdlovskoy_oblasti_Ekaterinburg_chinovnik_portfely_delovoy_stily_byurokratiya_250x0_2148.1485.274.97.jpg",620,429,false],"2048x2048":["https:\/\/arantv.az\/wp-content\/uploads\/2020\/12\/266433_Zasedanie_pravitelystva_Sverdlovskoy_oblasti_Ekaterinburg_chinovnik_portfely_delovoy_stily_byurokratiya_250x0_2148.1485.274.97.jpg",620,429,false],"post-thumbnail":["https:\/\/arantv.az\/wp-content\/uploads\/2020\/12\/266433_Zasedanie_pravitelystva_Sverdlovskoy_oblasti_Ekaterinburg_chinovnik_portfely_delovoy_stily_byurokratiya_250x0_2148.1485.274.97-240x172.jpg",240,172,true],"advps-thumb-one":["https:\/\/arantv.az\/wp-content\/uploads\/2020\/12\/266433_Zasedanie_pravitelystva_Sverdlovskoy_oblasti_Ekaterinburg_chinovnik_portfely_delovoy_stily_byurokratiya_250x0_2148.1485.274.97.jpg",620,429,false]},"rttpg_author":{"display_name":"V\u00fcsal Rafiqo\u011flu","author_link":"https:\/\/arantv.az\/?author=2"},"rttpg_comment":0,"rttpg_category":"<a href=\"https:\/\/arantv.az\/?cat=26\" rel=\"category\">Sosial<\/a>","rttpg_excerpt":"Zahid X\u0259lilov N\u0259simi Rayon \u0130cra Hakimiyy\u0259tinin ba\u015f\u00e7\u0131s\u0131n\u0131n yeni m\u00fcavini t\u0259yin edilib. Report-un m\u0259lumat\u0131na g\u00f6r\u0259, bununla ba\u011fl\u0131 m\u00fcvafiq \u0259mr imzalan\u0131b. Qeyd ed\u0259k ki, Zahid \u018fziz o\u011flu X\u0259lilov bu vaxtad\u0259k N\u0259simi Rayon \u0130cra Hakimiyy\u0259tind\u0259 \u018frazi idar\u0259etm\u0259 v\u0259 yerli \u00f6z\u00fcn\u00fcidar\u0259etm\u0259 orqanlar\u0131 il\u0259 i\u015f \u015f\u00f6b\u0259sinin m\u00fcdiri olub. Xat\u0131rladaq ki, N\u0259simi Rayon \u0130cra Hakimiyy\u0259ti ba\u015f\u00e7\u0131s\u0131n\u0131n ke\u00e7mi\u015f m\u00fcavini Anar Ta\u011f\u0131yev d\u00f6vl\u0259t&hellip;","_links":{"self":[{"href":"https:\/\/arantv.az\/index.php?rest_route=\/wp\/v2\/posts\/249264"}],"collection":[{"href":"https:\/\/arantv.az\/index.php?rest_route=\/wp\/v2\/posts"}],"about":[{"href":"https:\/\/arantv.az\/index.php?rest_route=\/wp\/v2\/types\/post"}],"author":[{"embeddable":true,"href":"https:\/\/arantv.az\/index.php?rest_route=\/wp\/v2\/users\/2"}],"replies":[{"embeddable":true,"href":"https:\/\/arantv.az\/index.php?rest_route=%2Fwp%2Fv2%2Fcomments&post=249264"}],"version-history":[{"count":0,"href":"https:\/\/arantv.az\/index.php?rest_route=\/wp\/v2\/posts\/249264\/revisions"}],"wp:featuredmedia":[{"embeddable":true,"href":"https:\/\/arantv.az\/index.php?rest_route=\/wp\/v2\/media\/249265"}],"wp:attachment":[{"href":"https:\/\/arantv.az\/index.php?rest_route=%2Fwp%2Fv2%2Fmedia&parent=249264"}],"wp:term":[{"taxonomy":"category","embeddable":true,"href":"https:\/\/arantv.az\/index.php?rest_route=%2Fwp%2Fv2%2Fcategories&post=249264"},{"taxonomy":"post_tag","embeddable":true,"href":"https:\/\/arantv.az\/index.php?rest_route=%2Fwp%2Fv2%2Ftags&post=249264"}],"curies":[{"name":"wp","href":"https:\/\/api.w.org\/{rel}","templated":true}]}}