{"id":249268,"date":"2020-12-07T15:12:57","date_gmt":"2020-12-07T12:12:57","guid":{"rendered":"http:\/\/arantv.az\/?p=249268"},"modified":"2020-12-07T15:12:57","modified_gmt":"2020-12-07T12:12:57","slug":"the-canberra-times-q%c9%99zeti-az%c9%99rbaycanin-tarixi-q%c9%99l%c9%99b%c9%99sind%c9%99n-yazdi-video","status":"publish","type":"post","link":"https:\/\/arantv.az\/?p=249268","title":{"rendered":"\u201cThe Canberra Times\u201d q\u0259zeti Az\u0259rbaycan\u0131n tarixi q\u0259l\u0259b\u0259sind\u0259n yazd\u0131 \u2013 V\u0130DEO"},"content":{"rendered":"<p>Avstraliyan\u0131n \u201cThe Canberra Times\u201d q\u0259zetind\u0259 \u201cErm\u0259nistanda etiraz\u00e7\u0131lar Ba\u015f nazir Pa\u015finyan\u0131n istefas\u0131n\u0131 t\u0259l\u0259b edir\u201d adl\u0131 m\u0259qal\u0259 d\u0259rc edilib.<\/p>\n<p>Baku TV x\u0259b\u0259r verir ki, q\u0259zet Az\u0259rbaycan\u0131n tarixi q\u0259l\u0259b\u0259sind\u0259n d\u0259 b\u0259hs edib.<\/p>\n<article class=\"news\">\n<div class=\"news-inner\">\n<p>M\u0259qal\u0259d\u0259 on minl\u0259rl\u0259 m\u00fcxalif\u0259t t\u0259r\u0259fdar\u0131n\u0131n \u0130r\u0259van \u015f\u0259h\u0259rind\u0259 ke\u00e7irdikl\u0259ri\u00a0mitinqd\u0259 Az\u0259rbaycan\u0131n m\u00f6ht\u0259\u015f\u0259m q\u0259l\u0259b\u0259si il\u0259 ba\u015fa \u00e7atan h\u0259rbi \u0259m\u0259liyyatlara g\u00f6r\u0259 Ba\u015f nazir Nikol Pa\u015finyan\u0131n istefas\u0131n\u0131n t\u0259l\u0259b edildiyi d\u0259 qeyd olunub.<\/p>\n<p>Bildirilib ki, alt\u0131 h\u0259ft\u0259 davam ed\u0259n m\u00fcharib\u0259 Rusiyan\u0131n vasit\u0259\u00e7iliyi il\u0259 noyabr\u0131n 10-da imzalanm\u0131\u015f \u00fc\u00e7t\u0259r\u0259fli s\u0259n\u0259d\u0259 \u0259sas\u0259n Erm\u0259nistan\u0131n m\u0259\u011flubiyy\u0259ti il\u0259 ba\u015fa \u00e7at\u0131b. Az\u0259rbaycan Erm\u0259nistan ordusunun t\u0259qrib\u0259n 30 il\u0259 yax\u0131n bir m\u00fcdd\u0259td\u0259 i\u015f\u011fal alt\u0131nda saxlad\u0131\u011f\u0131 torpaqlar\u0131 azad edib. Qeyd edilib ki, \u00f6t\u0259n \u0259srin 90-c\u0131 ill\u0259rind\u0259 Erm\u0259nistan\u0131n \u0259sass\u0131z \u0259razi iddialar\u0131 n\u0259tic\u0259sind\u0259 ba\u015flanan d\u00f6y\u00fc\u015fl\u0259r Az\u0259rbaycan\u0131n Da\u011fl\u0131q Qaraba\u011f regionunun v\u0259 yeddi rayonunun i\u015f\u011fal edilm\u0259si il\u0259 ba\u015fa \u00e7atm\u0131\u015fd\u0131.<\/p>\n<p>Son olaraq cari il sentyabr\u0131n 27-d\u0259 Erm\u0259nistan ordusunun m\u00fclki \u0259haliy\u0259 qar\u015f\u0131 t\u0259xribatlar\u0131na cavab olaraq, Az\u0259rbaycan ordusunun \u0259ks-h\u00fccum \u0259m\u0259liyyatlar\u0131na ba\u015flad\u0131\u011f\u0131 qeyd edilib. C\u0259mi 44 g\u00fcn davam ed\u0259n m\u00fcharib\u0259d\u0259 Az\u0259rbaycan Silahl\u0131 Q\u00fcvv\u0259l\u0259rinin \u0259ld\u0259 etdiyi b\u00f6y\u00fck u\u011fur n\u0259tic\u0259sind\u0259 Erm\u0259nistan\u0131n m\u0259\u011flubiyy\u0259tl\u0259 ba\u011fl\u0131 s\u0259n\u0259di imzalama\u011fa m\u0259cbur edildiyi vur\u011fulan\u0131r.<\/p>\n<div><iframe loading=\"lazy\" src=\"https:\/\/www.youtube.com\/embed\/WsQqCUjavY8\" width=\"560\" height=\"315\" frameborder=\"0\" allowfullscreen=\"allowfullscreen\" data-mce-fragment=\"1\"><\/iframe><\/div>\n<\/div>\n<\/article>\n<h2 class=\"news-share-title\"><\/h2>\n","protected":false},"excerpt":{"rendered":"<p>Avstraliyan\u0131n \u201cThe Canberra Times\u201d q\u0259zetind\u0259 \u201cErm\u0259nistanda etiraz\u00e7\u0131lar Ba\u015f nazir Pa\u015finyan\u0131n istefas\u0131n\u0131 t\u0259l\u0259b edir\u201d adl\u0131 m\u0259qal\u0259 d\u0259rc edilib. Baku TV x\u0259b\u0259r verir ki, q\u0259zet Az\u0259rbaycan\u0131n tarixi q\u0259l\u0259b\u0259sind\u0259n d\u0259 b\u0259hs edib. M\u0259qal\u0259d\u0259 on minl\u0259rl\u0259 m\u00fcxalif\u0259t t\u0259r\u0259fdar\u0131n\u0131n \u0130r\u0259van \u015f\u0259h\u0259rind\u0259 ke\u00e7irdikl\u0259ri\u00a0mitinqd\u0259 Az\u0259rbaycan\u0131n m\u00f6ht\u0259\u015f\u0259m q\u0259l\u0259b\u0259si il\u0259 ba\u015fa \u00e7atan h\u0259rbi \u0259m\u0259liyyatlara g\u00f6r\u0259 Ba\u015f nazir Nikol Pa\u015finyan\u0131n istefas\u0131n\u0131n t\u0259l\u0259b edildiyi d\u0259 qeyd olunub. Bildirilib ki, alt\u0131 h\u0259ft\u0259 davam ed\u0259n m\u00fcharib\u0259 Rusiyan\u0131n vasit\u0259\u00e7iliyi il\u0259 noyabr\u0131n 10-da imzalanm\u0131\u015f \u00fc\u00e7t\u0259r\u0259fli s\u0259n\u0259d\u0259 \u0259sas\u0259n Erm\u0259nistan\u0131n m\u0259\u011flubiyy\u0259ti il\u0259 ba\u015fa \u00e7at\u0131b. Az\u0259rbaycan Erm\u0259nistan ordusunun t\u0259qrib\u0259n 30 il\u0259 yax\u0131n bir m\u00fcdd\u0259td\u0259 i\u015f\u011fal alt\u0131nda saxlad\u0131\u011f\u0131 torpaqlar\u0131&hellip;<\/p>\n","protected":false},"author":2,"featured_media":249269,"comment_status":"closed","ping_status":"closed","sticky":false,"template":"","format":"standard","meta":{"om_disable_all_campaigns":false,"_monsterinsights_skip_tracking":false,"_monsterinsights_sitenote_active":false,"_monsterinsights_sitenote_note":"","_monsterinsights_sitenote_category":0},"categories":[7],"tags":[],"aioseo_notices":[],"gutentor_comment":0,"rttpg_featured_image_url":{"full":["https:\/\/arantv.az\/wp-content\/uploads\/2020\/12\/bb-2.jpg",620,413,false],"landscape":["https:\/\/arantv.az\/wp-content\/uploads\/2020\/12\/bb-2.jpg",620,413,false],"portraits":["https:\/\/arantv.az\/wp-content\/uploads\/2020\/12\/bb-2.jpg",620,413,false],"thumbnail":["https:\/\/arantv.az\/wp-content\/uploads\/2020\/12\/bb-2-150x150.jpg",150,150,true],"medium":["https:\/\/arantv.az\/wp-content\/uploads\/2020\/12\/bb-2-300x200.jpg",300,200,true],"large":["https:\/\/arantv.az\/wp-content\/uploads\/2020\/12\/bb-2.jpg",620,413,false],"1536x1536":["https:\/\/arantv.az\/wp-content\/uploads\/2020\/12\/bb-2.jpg",620,413,false],"2048x2048":["https:\/\/arantv.az\/wp-content\/uploads\/2020\/12\/bb-2.jpg",620,413,false],"post-thumbnail":["https:\/\/arantv.az\/wp-content\/uploads\/2020\/12\/bb-2-240x172.jpg",240,172,true],"advps-thumb-one":["https:\/\/arantv.az\/wp-content\/uploads\/2020\/12\/bb-2.jpg",620,413,false]},"rttpg_author":{"display_name":"V\u00fcsal Rafiqo\u011flu","author_link":"https:\/\/arantv.az\/?author=2"},"rttpg_comment":0,"rttpg_category":"<a href=\"https:\/\/arantv.az\/?cat=7\" rel=\"category\">D\u00fcnya<\/a>","rttpg_excerpt":"Avstraliyan\u0131n \u201cThe Canberra Times\u201d q\u0259zetind\u0259 \u201cErm\u0259nistanda etiraz\u00e7\u0131lar Ba\u015f nazir Pa\u015finyan\u0131n istefas\u0131n\u0131 t\u0259l\u0259b edir\u201d adl\u0131 m\u0259qal\u0259 d\u0259rc edilib. Baku TV x\u0259b\u0259r verir ki, q\u0259zet Az\u0259rbaycan\u0131n tarixi q\u0259l\u0259b\u0259sind\u0259n d\u0259 b\u0259hs edib. M\u0259qal\u0259d\u0259 on minl\u0259rl\u0259 m\u00fcxalif\u0259t t\u0259r\u0259fdar\u0131n\u0131n \u0130r\u0259van \u015f\u0259h\u0259rind\u0259 ke\u00e7irdikl\u0259ri\u00a0mitinqd\u0259 Az\u0259rbaycan\u0131n m\u00f6ht\u0259\u015f\u0259m q\u0259l\u0259b\u0259si il\u0259 ba\u015fa \u00e7atan h\u0259rbi \u0259m\u0259liyyatlara g\u00f6r\u0259 Ba\u015f nazir Nikol Pa\u015finyan\u0131n istefas\u0131n\u0131n t\u0259l\u0259b edildiyi d\u0259 qeyd&hellip;","_links":{"self":[{"href":"https:\/\/arantv.az\/index.php?rest_route=\/wp\/v2\/posts\/249268"}],"collection":[{"href":"https:\/\/arantv.az\/index.php?rest_route=\/wp\/v2\/posts"}],"about":[{"href":"https:\/\/arantv.az\/index.php?rest_route=\/wp\/v2\/types\/post"}],"author":[{"embeddable":true,"href":"https:\/\/arantv.az\/index.php?rest_route=\/wp\/v2\/users\/2"}],"replies":[{"embeddable":true,"href":"https:\/\/arantv.az\/index.php?rest_route=%2Fwp%2Fv2%2Fcomments&post=249268"}],"version-history":[{"count":0,"href":"https:\/\/arantv.az\/index.php?rest_route=\/wp\/v2\/posts\/249268\/revisions"}],"wp:featuredmedia":[{"embeddable":true,"href":"https:\/\/arantv.az\/index.php?rest_route=\/wp\/v2\/media\/249269"}],"wp:attachment":[{"href":"https:\/\/arantv.az\/index.php?rest_route=%2Fwp%2Fv2%2Fmedia&parent=249268"}],"wp:term":[{"taxonomy":"category","embeddable":true,"href":"https:\/\/arantv.az\/index.php?rest_route=%2Fwp%2Fv2%2Fcategories&post=249268"},{"taxonomy":"post_tag","embeddable":true,"href":"https:\/\/arantv.az\/index.php?rest_route=%2Fwp%2Fv2%2Ftags&post=249268"}],"curies":[{"name":"wp","href":"https:\/\/api.w.org\/{rel}","templated":true}]}}