{"id":24937,"date":"2018-11-24T12:01:18","date_gmt":"2018-11-24T09:01:18","guid":{"rendered":"http:\/\/arantv.az\/?p=24937"},"modified":"2018-11-24T12:01:18","modified_gmt":"2018-11-24T09:01:18","slug":"sahil-babayev-ruminiyanin-dovl%c9%99t-katibi-il%c9%99-gorusub","status":"publish","type":"post","link":"https:\/\/arantv.az\/?p=24937","title":{"rendered":"Sahil Babayev Rum\u0131niyan\u0131n d\u00f6vl\u0259t katibi il\u0259 g\u00f6r\u00fc\u015f\u00fcb"},"content":{"rendered":"<div class=\"spot\">Az\u0259rbaycan v\u0259 Rum\u0131niya H\u00f6kum\u0259tl\u0259ri aras\u0131nda ticar\u0259t-iqtisadi \u0259laq\u0259l\u0259r v\u0259 elmi-texniki \u0259m\u0259kda\u015fl\u0131q \u00fczr\u0259 M\u00fc\u015ft\u0259r\u0259k Komissiyan\u0131n Buxarest (Rum\u0131niya) \u015f\u0259h\u0259rind\u0259 ke\u00e7iril\u0259n 5-ci iclas\u0131nda i\u015ftirak etm\u0259k \u00fc\u00e7\u00fcn h\u0259min \u00f6lk\u0259d\u0259 s\u0259f\u0259rd\u0259 olan Komissiyan\u0131n Az\u0259rbaycan t\u0259r\u0259find\u0259n h\u0259ms\u0259dri, \u0259m\u0259k v\u0259 \u0259halinin sosial m\u00fcdafi\u0259si naziri Sahil Babayev s\u0259f\u0259r \u00e7\u0259r\u00e7iv\u0259sind\u0259 Rum\u0131niyan\u0131n \u018fm\u0259k v\u0259 Sosial \u018fdal\u0259t Nazirliyinin d\u00f6vl\u0259t katibi Adrian R\u0131ndunika il\u0259 g\u00f6r\u00fc\u015f\u00fcb.<\/div>\n<p><strong>ARANTV.AZ<\/strong> x\u0259b\u0259r verir ki, S.Babayev \u00f6lk\u0259mizin sosial-iqtisadi inki\u015faf\u0131 sah\u0259sind\u0259 \u0259ld\u0259 olunan nailiyy\u0259tl\u0259ri diqq\u0259t\u0259 \u00e7atd\u0131r\u0131b. O, Az\u0259rbaycan Respublikas\u0131n\u0131n Prezidenti c\u0259nab \u0130lham \u018fliyevin sosial-iqtisadi siyas\u0259tin\u0259 uy\u011fun olaraq \u0259ld\u0259 olunan u\u011furlar\u0131n ilk n\u00f6vb\u0259d\u0259 sosial sah\u0259l\u0259rin inki\u015faf\u0131na, \u0259halinin rifah hal\u0131n\u0131n yax\u015f\u0131la\u015fd\u0131r\u0131lmas\u0131na xidm\u0259t etdiyini, \u00f6lk\u0259d\u0259 apar\u0131lan sosial siyas\u0259td\u0259 sosial \u0259dal\u0259tin t\u0259minat\u0131 prinsipinin daim \u00fcst\u00fcn tutuldu\u011funu vur\u011fulay\u0131b. S.Babayev Az\u0259rbaycanda \u0259m\u0259k, m\u0259\u015f\u011fulluq v\u0259 sosial t\u0259minat sah\u0259l\u0259rind\u0259 islahat g\u00fcnd\u0259liyi bar\u0259d\u0259 m\u0259lumat verib, bu sah\u0259l\u0259rd\u0259 idar\u0259etm\u0259nin t\u0259kmill\u0259\u015fdirilm\u0259si \u00fc\u00e7\u00fcn apar\u0131lan i\u015fl\u0259ri diqq\u0259t\u0259 \u00e7atd\u0131r\u0131b.<\/p>\n<p>Nazir d\u00f6vl\u0259t sosial xidm\u0259tl\u0259rinin \u201cbir p\u0259nc\u0259r\u0259\u201dd\u0259n t\u0259qdim edilm\u0259si \u00fc\u00e7\u00fcn \u00f6lk\u0259mizd\u0259 yarad\u0131lmaqda olan DOST (Dayan\u0131ql\u0131 v\u0259 Operativ Sosial T\u0259minat) Agentliyi v\u0259 \u201cDOST\u201d m\u0259rk\u0259zl\u0259ri, icra olunan aktiv \u0259m\u0259k bazar\u0131 proqramlar\u0131, \u00f6z\u00fcn\u00fcm\u0259\u015f\u011fulluq proqram\u0131 v\u0259 s. bar\u0259d\u0259 m\u0259lumat verib.<\/p>\n<p>Az\u0259rbaycan v\u0259 Rum\u0131niya aras\u0131nda \u0259laq\u0259l\u0259rin strateji t\u0259r\u0259fda\u015fl\u0131q s\u0259viyy\u0259sind\u0259 oldu\u011funu qeyd ed\u0259n S.Babayev iki \u00f6lk\u0259 aras\u0131nda \u0259m\u0259k, m\u0259\u015f\u011fulluq v\u0259 sosial t\u0259minat sah\u0259sind\u0259 \u0259m\u0259kda\u015fl\u0131\u011f\u0131n geni\u015fl\u0259ndirilm\u0259si, f\u0259al t\u0259cr\u00fcb\u0259 m\u00fcbadil\u0259l\u0259rinin h\u0259yata ke\u00e7irilm\u0259si \u00fc\u00e7\u00fcn potensial\u0131n m\u00f6vcud oldu\u011funu bildirib.<\/p>\n<p>A.R\u0131ndunika \u00f6lk\u0259l\u0259rimiz aras\u0131nda \u0259m\u0259kda\u015fl\u0131\u011f\u0131n inki\u015faf etm\u0259sinin m\u0259mnunluq do\u011furdu\u011funu bildirib. O, Rum\u0131niyan\u0131n \u018fm\u0259k v\u0259 Sosial \u018fdal\u0259t Nazirliyinin f\u0259aliyy\u0259t sah\u0259l\u0259rind\u0259 apar\u0131lan islahatlar bar\u0259d\u0259 m\u0259lumat verib, \u0259m\u0259k, m\u0259\u015f\u011fulluq v\u0259 sosial t\u0259minat sah\u0259sind\u0259 ikit\u0259r\u0259fli \u0259m\u0259kda\u015fl\u0131\u011f\u0131n inki\u015faf\u0131nda maraql\u0131 olduqlar\u0131n\u0131, bel\u0259 bir \u0259m\u0259kda\u015fl\u0131\u011f\u0131n t\u0259r\u0259fl\u0259r \u00fc\u00e7\u00fcn faydal\u0131 ola bil\u0259c\u0259yini deyib.<\/p>\n<p>G\u00f6r\u00fc\u015fd\u0259 Az\u0259rbaycan v\u0259 Rum\u0131niya aras\u0131nda \u0259m\u0259k, m\u0259\u015f\u011fulluq v\u0259 sosial t\u0259minat sah\u0259sind\u0259 \u0259m\u0259kda\u015fl\u0131q geni\u015fl\u0259ndirilm\u0259si \u00fc\u00e7\u00fcn Anla\u015fma Memorandumunun layih\u0259sinin haz\u0131rland\u0131\u011f\u0131 qeyd olunub, g\u0259l\u0259c\u0259k \u0259m\u0259kda\u015fl\u0131q istiqam\u0259tl\u0259rin\u0259 dair fikir m\u00fcbadil\u0259si apar\u0131l\u0131b.<\/p>\n<p><em>\u00d6lk\u0259.Az<\/em><\/p>\n","protected":false},"excerpt":{"rendered":"<p>Az\u0259rbaycan v\u0259 Rum\u0131niya H\u00f6kum\u0259tl\u0259ri aras\u0131nda ticar\u0259t-iqtisadi \u0259laq\u0259l\u0259r v\u0259 elmi-texniki \u0259m\u0259kda\u015fl\u0131q \u00fczr\u0259 M\u00fc\u015ft\u0259r\u0259k Komissiyan\u0131n Buxarest (Rum\u0131niya) \u015f\u0259h\u0259rind\u0259 ke\u00e7iril\u0259n 5-ci iclas\u0131nda i\u015ftirak etm\u0259k \u00fc\u00e7\u00fcn h\u0259min \u00f6lk\u0259d\u0259 s\u0259f\u0259rd\u0259 olan Komissiyan\u0131n Az\u0259rbaycan t\u0259r\u0259find\u0259n h\u0259ms\u0259dri, \u0259m\u0259k v\u0259 \u0259halinin sosial m\u00fcdafi\u0259si naziri Sahil Babayev s\u0259f\u0259r \u00e7\u0259r\u00e7iv\u0259sind\u0259 Rum\u0131niyan\u0131n \u018fm\u0259k v\u0259 Sosial \u018fdal\u0259t Nazirliyinin d\u00f6vl\u0259t katibi Adrian R\u0131ndunika il\u0259 g\u00f6r\u00fc\u015f\u00fcb. ARANTV.AZ x\u0259b\u0259r verir ki, S.Babayev \u00f6lk\u0259mizin sosial-iqtisadi inki\u015faf\u0131 sah\u0259sind\u0259 \u0259ld\u0259 olunan nailiyy\u0259tl\u0259ri diqq\u0259t\u0259 \u00e7atd\u0131r\u0131b. O, Az\u0259rbaycan Respublikas\u0131n\u0131n Prezidenti c\u0259nab \u0130lham \u018fliyevin sosial-iqtisadi siyas\u0259tin\u0259 uy\u011fun olaraq \u0259ld\u0259 olunan u\u011furlar\u0131n ilk n\u00f6vb\u0259d\u0259 sosial sah\u0259l\u0259rin inki\u015faf\u0131na, \u0259halinin rifah hal\u0131n\u0131n yax\u015f\u0131la\u015fd\u0131r\u0131lmas\u0131na xidm\u0259t&hellip;<\/p>\n","protected":false},"author":2,"featured_media":24938,"comment_status":"closed","ping_status":"closed","sticky":false,"template":"","format":"standard","meta":{"om_disable_all_campaigns":false,"_monsterinsights_skip_tracking":false,"_monsterinsights_sitenote_active":false,"_monsterinsights_sitenote_note":"","_monsterinsights_sitenote_category":0},"categories":[19],"tags":[],"aioseo_notices":[],"gutentor_comment":0,"rttpg_featured_image_url":{"full":["https:\/\/arantv.az\/wp-content\/uploads\/2018\/11\/rm.jpg",620,375,false],"landscape":["https:\/\/arantv.az\/wp-content\/uploads\/2018\/11\/rm.jpg",620,375,false],"portraits":["https:\/\/arantv.az\/wp-content\/uploads\/2018\/11\/rm.jpg",620,375,false],"thumbnail":["https:\/\/arantv.az\/wp-content\/uploads\/2018\/11\/rm-150x150.jpg",150,150,true],"medium":["https:\/\/arantv.az\/wp-content\/uploads\/2018\/11\/rm-300x181.jpg",300,181,true],"large":["https:\/\/arantv.az\/wp-content\/uploads\/2018\/11\/rm.jpg",620,375,false],"1536x1536":["https:\/\/arantv.az\/wp-content\/uploads\/2018\/11\/rm.jpg",620,375,false],"2048x2048":["https:\/\/arantv.az\/wp-content\/uploads\/2018\/11\/rm.jpg",620,375,false],"post-thumbnail":["https:\/\/arantv.az\/wp-content\/uploads\/2018\/11\/rm-240x172.jpg",240,172,true],"advps-thumb-one":["https:\/\/arantv.az\/wp-content\/uploads\/2018\/11\/rm.jpg",620,375,false]},"rttpg_author":{"display_name":"V\u00fcsal Rafiqo\u011flu","author_link":"https:\/\/arantv.az\/?author=2"},"rttpg_comment":0,"rttpg_category":"<a href=\"https:\/\/arantv.az\/?cat=19\" rel=\"category\">G\u00fcnd\u0259m<\/a>","rttpg_excerpt":"Az\u0259rbaycan v\u0259 Rum\u0131niya H\u00f6kum\u0259tl\u0259ri aras\u0131nda ticar\u0259t-iqtisadi \u0259laq\u0259l\u0259r v\u0259 elmi-texniki \u0259m\u0259kda\u015fl\u0131q \u00fczr\u0259 M\u00fc\u015ft\u0259r\u0259k Komissiyan\u0131n Buxarest (Rum\u0131niya) \u015f\u0259h\u0259rind\u0259 ke\u00e7iril\u0259n 5-ci iclas\u0131nda i\u015ftirak etm\u0259k \u00fc\u00e7\u00fcn h\u0259min \u00f6lk\u0259d\u0259 s\u0259f\u0259rd\u0259 olan Komissiyan\u0131n Az\u0259rbaycan t\u0259r\u0259find\u0259n h\u0259ms\u0259dri, \u0259m\u0259k v\u0259 \u0259halinin sosial m\u00fcdafi\u0259si naziri Sahil Babayev s\u0259f\u0259r \u00e7\u0259r\u00e7iv\u0259sind\u0259 Rum\u0131niyan\u0131n \u018fm\u0259k v\u0259 Sosial \u018fdal\u0259t Nazirliyinin d\u00f6vl\u0259t katibi Adrian R\u0131ndunika il\u0259 g\u00f6r\u00fc\u015f\u00fcb. ARANTV.AZ x\u0259b\u0259r verir&hellip;","_links":{"self":[{"href":"https:\/\/arantv.az\/index.php?rest_route=\/wp\/v2\/posts\/24937"}],"collection":[{"href":"https:\/\/arantv.az\/index.php?rest_route=\/wp\/v2\/posts"}],"about":[{"href":"https:\/\/arantv.az\/index.php?rest_route=\/wp\/v2\/types\/post"}],"author":[{"embeddable":true,"href":"https:\/\/arantv.az\/index.php?rest_route=\/wp\/v2\/users\/2"}],"replies":[{"embeddable":true,"href":"https:\/\/arantv.az\/index.php?rest_route=%2Fwp%2Fv2%2Fcomments&post=24937"}],"version-history":[{"count":0,"href":"https:\/\/arantv.az\/index.php?rest_route=\/wp\/v2\/posts\/24937\/revisions"}],"wp:featuredmedia":[{"embeddable":true,"href":"https:\/\/arantv.az\/index.php?rest_route=\/wp\/v2\/media\/24938"}],"wp:attachment":[{"href":"https:\/\/arantv.az\/index.php?rest_route=%2Fwp%2Fv2%2Fmedia&parent=24937"}],"wp:term":[{"taxonomy":"category","embeddable":true,"href":"https:\/\/arantv.az\/index.php?rest_route=%2Fwp%2Fv2%2Fcategories&post=24937"},{"taxonomy":"post_tag","embeddable":true,"href":"https:\/\/arantv.az\/index.php?rest_route=%2Fwp%2Fv2%2Ftags&post=24937"}],"curies":[{"name":"wp","href":"https:\/\/api.w.org\/{rel}","templated":true}]}}