{"id":24940,"date":"2018-11-24T12:27:26","date_gmt":"2018-11-24T09:27:26","guid":{"rendered":"http:\/\/arantv.az\/?p=24940"},"modified":"2018-11-24T12:27:26","modified_gmt":"2018-11-24T09:27:26","slug":"ispaniya-az%c9%99rbaycana-yeni-s%c9%99fir-t%c9%99yin-etdi","status":"publish","type":"post","link":"https:\/\/arantv.az\/?p=24940","title":{"rendered":"\u0130spaniya Az\u0259rbaycana yeni s\u0259fir t\u0259yin etdi"},"content":{"rendered":"<p>\u0130spaniya Krall\u0131\u011f\u0131n\u0131n Nazirl\u0259r \u015euras\u0131 bir s\u0131ra \u00f6lk\u0259l\u0259r\u0259 diplomatik n\u00fcmay\u0259nd\u0259l\u0259r v\u0259 s\u0259firl\u0259r t\u0259yin edib. Bu \u00f6lk\u0259l\u0259rin aras\u0131nda Az\u0259rbaycan da var.<\/p>\n<p><b>ARANTV.AZ <\/b>oxu.az-a<b>\u00a0<\/b>istinad\u0259n\u00a0 x\u0259b\u0259r verir ki,\u00a0<strong>Xuan Qonsales Barba Pera<\/strong>\u00a0\u0130spaniyan\u0131n Az\u0259rbaycandak\u0131 s\u0259firi v\u0259zif\u0259sin\u0259 t\u0259yin edilib.<\/p>\n<p>Xuan Qonsales Barba 1966-c\u0131 ild\u0259\u00a0 Sevilyada anadan olub. H\u00fcquq fak\u00fclt\u0259sinin m\u0259zunudur. C\u0259nubi Afrika Respublikas\u0131, Yunan\u0131stan, \u0130srail, Sudan v\u0259 T\u00fcrkiy\u0259d\u0259 diplomatik f\u0259aliyy\u0259t g\u00f6st\u0259rib.<\/p>\n","protected":false},"excerpt":{"rendered":"<p>\u0130spaniya Krall\u0131\u011f\u0131n\u0131n Nazirl\u0259r \u015euras\u0131 bir s\u0131ra \u00f6lk\u0259l\u0259r\u0259 diplomatik n\u00fcmay\u0259nd\u0259l\u0259r v\u0259 s\u0259firl\u0259r t\u0259yin edib. Bu \u00f6lk\u0259l\u0259rin aras\u0131nda Az\u0259rbaycan da var. ARANTV.AZ oxu.az-a\u00a0istinad\u0259n\u00a0 x\u0259b\u0259r verir ki,\u00a0Xuan Qonsales Barba Pera\u00a0\u0130spaniyan\u0131n Az\u0259rbaycandak\u0131 s\u0259firi v\u0259zif\u0259sin\u0259 t\u0259yin edilib. Xuan Qonsales Barba 1966-c\u0131 ild\u0259\u00a0 Sevilyada anadan olub. H\u00fcquq fak\u00fclt\u0259sinin m\u0259zunudur. C\u0259nubi Afrika Respublikas\u0131, Yunan\u0131stan, \u0130srail, Sudan v\u0259 T\u00fcrkiy\u0259d\u0259 diplomatik f\u0259aliyy\u0259t g\u00f6st\u0259rib.<\/p>\n","protected":false},"author":2,"featured_media":24941,"comment_status":"closed","ping_status":"closed","sticky":false,"template":"","format":"standard","meta":{"om_disable_all_campaigns":false,"_monsterinsights_skip_tracking":false,"_monsterinsights_sitenote_active":false,"_monsterinsights_sitenote_note":"","_monsterinsights_sitenote_category":0},"categories":[4],"tags":[],"aioseo_notices":[],"gutentor_comment":0,"rttpg_featured_image_url":{"full":["https:\/\/arantv.az\/wp-content\/uploads\/2018\/11\/barba.jpg",500,322,false],"landscape":["https:\/\/arantv.az\/wp-content\/uploads\/2018\/11\/barba.jpg",500,322,false],"portraits":["https:\/\/arantv.az\/wp-content\/uploads\/2018\/11\/barba.jpg",500,322,false],"thumbnail":["https:\/\/arantv.az\/wp-content\/uploads\/2018\/11\/barba-150x150.jpg",150,150,true],"medium":["https:\/\/arantv.az\/wp-content\/uploads\/2018\/11\/barba-300x193.jpg",300,193,true],"large":["https:\/\/arantv.az\/wp-content\/uploads\/2018\/11\/barba.jpg",500,322,false],"1536x1536":["https:\/\/arantv.az\/wp-content\/uploads\/2018\/11\/barba.jpg",500,322,false],"2048x2048":["https:\/\/arantv.az\/wp-content\/uploads\/2018\/11\/barba.jpg",500,322,false],"post-thumbnail":["https:\/\/arantv.az\/wp-content\/uploads\/2018\/11\/barba-240x172.jpg",240,172,true],"advps-thumb-one":["https:\/\/arantv.az\/wp-content\/uploads\/2018\/11\/barba.jpg",500,322,false]},"rttpg_author":{"display_name":"V\u00fcsal Rafiqo\u011flu","author_link":"https:\/\/arantv.az\/?author=2"},"rttpg_comment":0,"rttpg_category":"<a href=\"https:\/\/arantv.az\/?cat=4\" rel=\"category\">Siyas\u0259t<\/a>","rttpg_excerpt":"\u0130spaniya Krall\u0131\u011f\u0131n\u0131n Nazirl\u0259r \u015euras\u0131 bir s\u0131ra \u00f6lk\u0259l\u0259r\u0259 diplomatik n\u00fcmay\u0259nd\u0259l\u0259r v\u0259 s\u0259firl\u0259r t\u0259yin edib. Bu \u00f6lk\u0259l\u0259rin aras\u0131nda Az\u0259rbaycan da var. ARANTV.AZ oxu.az-a\u00a0istinad\u0259n\u00a0 x\u0259b\u0259r verir ki,\u00a0Xuan Qonsales Barba Pera\u00a0\u0130spaniyan\u0131n Az\u0259rbaycandak\u0131 s\u0259firi v\u0259zif\u0259sin\u0259 t\u0259yin edilib. Xuan Qonsales Barba 1966-c\u0131 ild\u0259\u00a0 Sevilyada anadan olub. H\u00fcquq fak\u00fclt\u0259sinin m\u0259zunudur. C\u0259nubi Afrika Respublikas\u0131, Yunan\u0131stan, \u0130srail, Sudan v\u0259 T\u00fcrkiy\u0259d\u0259 diplomatik f\u0259aliyy\u0259t g\u00f6st\u0259rib.","_links":{"self":[{"href":"https:\/\/arantv.az\/index.php?rest_route=\/wp\/v2\/posts\/24940"}],"collection":[{"href":"https:\/\/arantv.az\/index.php?rest_route=\/wp\/v2\/posts"}],"about":[{"href":"https:\/\/arantv.az\/index.php?rest_route=\/wp\/v2\/types\/post"}],"author":[{"embeddable":true,"href":"https:\/\/arantv.az\/index.php?rest_route=\/wp\/v2\/users\/2"}],"replies":[{"embeddable":true,"href":"https:\/\/arantv.az\/index.php?rest_route=%2Fwp%2Fv2%2Fcomments&post=24940"}],"version-history":[{"count":0,"href":"https:\/\/arantv.az\/index.php?rest_route=\/wp\/v2\/posts\/24940\/revisions"}],"wp:featuredmedia":[{"embeddable":true,"href":"https:\/\/arantv.az\/index.php?rest_route=\/wp\/v2\/media\/24941"}],"wp:attachment":[{"href":"https:\/\/arantv.az\/index.php?rest_route=%2Fwp%2Fv2%2Fmedia&parent=24940"}],"wp:term":[{"taxonomy":"category","embeddable":true,"href":"https:\/\/arantv.az\/index.php?rest_route=%2Fwp%2Fv2%2Fcategories&post=24940"},{"taxonomy":"post_tag","embeddable":true,"href":"https:\/\/arantv.az\/index.php?rest_route=%2Fwp%2Fv2%2Ftags&post=24940"}],"curies":[{"name":"wp","href":"https:\/\/api.w.org\/{rel}","templated":true}]}}