{"id":24946,"date":"2018-11-24T13:00:07","date_gmt":"2018-11-24T10:00:07","guid":{"rendered":"http:\/\/arantv.az\/?p=24946"},"modified":"2018-11-24T13:00:07","modified_gmt":"2018-11-24T10:00:07","slug":"gul%c9%99s-federasiyasi-sabiq-iscil%c9%99rinin-maas-problemin%c9%99-munasib%c9%99t-bildirdi","status":"publish","type":"post","link":"https:\/\/arantv.az\/?p=24946","title":{"rendered":"G\u00fcl\u0259\u015f Federasiyas\u0131 sabiq i\u015f\u00e7il\u0259rinin maa\u015f problemin\u0259 m\u00fcnasib\u0259t bildirdi"},"content":{"rendered":"<p>Az\u0259rbaycan G\u00fcl\u0259\u015f Federasiyas\u0131n\u0131n (AGF) sabiq i\u015f\u00e7il\u0259ri \u00e7al\u0131\u015fd\u0131qlar\u0131 quruma qar\u015f\u0131 m\u0259hk\u0259m\u0259 iddias\u0131 qald\u0131r\u0131blar.<\/p>\n<p><b>ARANTV.AZ\u00a0<\/b>x\u0259b\u0259r verir ki,\u00a0<strong>Bala\u011fa Zamanov<\/strong>,\u00a0<strong>Mikay\u0131l Xaliqov<\/strong>,\u00a0<strong>Nizami Hac\u0131yev<\/strong>\u00a0v\u0259\u00a0<strong>Orxan \u0130mam\u0259liyev<\/strong>\u00a0iddia \u0259riz\u0259sind\u0259 federasiyadan d\u00f6rd ayl\u0131q maa\u015flar\u0131n\u0131 v\u0259 m\u0259zuniyy\u0259t pullar\u0131n\u0131n \u00f6d\u0259nilm\u0259sini t\u0259l\u0259b edib.<\/p>\n<p>M\u0259hk\u0259m\u0259 iddian\u0131 qism\u0259n t\u0259min edib. Q\u0259rar bel\u0259 olub ki, federasiya maa\u015flar\u0131 \u00f6d\u0259sin, m\u0259zuniyy\u0259t pullar\u0131 is\u0259 \u00f6d\u0259nilm\u0259sin. AGF N\u0259rimanov Rayon M\u0259hk\u0259m\u0259sinin bu q\u0259rar\u0131 il\u0259 raz\u0131la\u015fmayaraq apellyasiya \u015fikay\u0259ti verib. Haz\u0131rda proses davam edir.<\/p>\n<p>M\u0259s\u0259l\u0259 il\u0259 ba\u011fl\u0131 AGF-nin ba\u015f katibi\u00a0<strong>Orxan M\u0259mm\u0259dov<\/strong>la \u0259laq\u0259 saxlad\u0131q. O bel\u0259 bir m\u0259hk\u0259m\u0259 prosesi oldu\u011funu t\u0259sdiql\u0259di:<\/p>\n<p>\u201c\u00d6t\u0259n ilin \u0259vv\u0259ll\u0259rind\u0259 bir \u00e7ox federasiyalarda oldu\u011fu kimi, bizd\u0259 d\u0259 m\u00fc\u0259yy\u0259n maliyy\u0259 probleml\u0259ri olmu\u015fdu. Son aylarda bu problem, dem\u0259k olar ki, qaydas\u0131na d\u00fc\u015f\u00fcb. Art\u0131q maa\u015flar sabit qaydada \u00f6d\u0259nilir. Sad\u0259c\u0259 olaraq ke\u00e7mi\u015f i\u015f\u00e7il\u0259rimizin maa\u015flar\u0131 il\u0259 ba\u011fl\u0131 m\u0259s\u0259l\u0259l\u0259r qal\u0131b ki, bununla ba\u011fl\u0131 da m\u0259hk\u0259m\u0259 prosesi gedir. Bu bar\u0259d\u0259 tam \u0259trafl\u0131 a\u00e7\u0131qlaman\u0131 m\u0259hk\u0259m\u0259 ba\u015fa \u00e7atd\u0131qdan sonra ver\u0259 bil\u0259rik\u201d.<\/p>\n<p>Qeyd ed\u0259k ki, i\u015f\u00e7il\u0259rin federasiyan\u0131 m\u0259hk\u0259m\u0259y\u0259 verm\u0259si bar\u0259d\u0259 x\u0259b\u0259ri \u201cQafqazinfo\u201d yay\u0131b.<\/p>\n<p>oxu.az<\/p>\n","protected":false},"excerpt":{"rendered":"<p>Az\u0259rbaycan G\u00fcl\u0259\u015f Federasiyas\u0131n\u0131n (AGF) sabiq i\u015f\u00e7il\u0259ri \u00e7al\u0131\u015fd\u0131qlar\u0131 quruma qar\u015f\u0131 m\u0259hk\u0259m\u0259 iddias\u0131 qald\u0131r\u0131blar. ARANTV.AZ\u00a0x\u0259b\u0259r verir ki,\u00a0Bala\u011fa Zamanov,\u00a0Mikay\u0131l Xaliqov,\u00a0Nizami Hac\u0131yev\u00a0v\u0259\u00a0Orxan \u0130mam\u0259liyev\u00a0iddia \u0259riz\u0259sind\u0259 federasiyadan d\u00f6rd ayl\u0131q maa\u015flar\u0131n\u0131 v\u0259 m\u0259zuniyy\u0259t pullar\u0131n\u0131n \u00f6d\u0259nilm\u0259sini t\u0259l\u0259b edib. M\u0259hk\u0259m\u0259 iddian\u0131 qism\u0259n t\u0259min edib. Q\u0259rar bel\u0259 olub ki, federasiya maa\u015flar\u0131 \u00f6d\u0259sin, m\u0259zuniyy\u0259t pullar\u0131 is\u0259 \u00f6d\u0259nilm\u0259sin. AGF N\u0259rimanov Rayon M\u0259hk\u0259m\u0259sinin bu q\u0259rar\u0131 il\u0259 raz\u0131la\u015fmayaraq apellyasiya \u015fikay\u0259ti verib. Haz\u0131rda proses davam edir. M\u0259s\u0259l\u0259 il\u0259 ba\u011fl\u0131 AGF-nin ba\u015f katibi\u00a0Orxan M\u0259mm\u0259dovla \u0259laq\u0259 saxlad\u0131q. O bel\u0259 bir m\u0259hk\u0259m\u0259 prosesi oldu\u011funu t\u0259sdiql\u0259di: \u201c\u00d6t\u0259n ilin \u0259vv\u0259ll\u0259rind\u0259 bir \u00e7ox federasiyalarda oldu\u011fu kimi, bizd\u0259 d\u0259 m\u00fc\u0259yy\u0259n maliyy\u0259 probleml\u0259ri&hellip;<\/p>\n","protected":false},"author":2,"featured_media":24947,"comment_status":"closed","ping_status":"closed","sticky":false,"template":"","format":"standard","meta":{"om_disable_all_campaigns":false,"_monsterinsights_skip_tracking":false,"_monsterinsights_sitenote_active":false,"_monsterinsights_sitenote_note":"","_monsterinsights_sitenote_category":0},"categories":[6],"tags":[],"aioseo_notices":[],"gutentor_comment":0,"rttpg_featured_image_url":{"full":["https:\/\/arantv.az\/wp-content\/uploads\/2018\/11\/Orxan.jpg",555,465,false],"landscape":["https:\/\/arantv.az\/wp-content\/uploads\/2018\/11\/Orxan.jpg",555,465,false],"portraits":["https:\/\/arantv.az\/wp-content\/uploads\/2018\/11\/Orxan.jpg",555,465,false],"thumbnail":["https:\/\/arantv.az\/wp-content\/uploads\/2018\/11\/Orxan-150x150.jpg",150,150,true],"medium":["https:\/\/arantv.az\/wp-content\/uploads\/2018\/11\/Orxan-300x251.jpg",300,251,true],"large":["https:\/\/arantv.az\/wp-content\/uploads\/2018\/11\/Orxan.jpg",555,465,false],"1536x1536":["https:\/\/arantv.az\/wp-content\/uploads\/2018\/11\/Orxan.jpg",555,465,false],"2048x2048":["https:\/\/arantv.az\/wp-content\/uploads\/2018\/11\/Orxan.jpg",555,465,false],"post-thumbnail":["https:\/\/arantv.az\/wp-content\/uploads\/2018\/11\/Orxan-240x172.jpg",240,172,true],"advps-thumb-one":["https:\/\/arantv.az\/wp-content\/uploads\/2018\/11\/Orxan.jpg",555,465,false]},"rttpg_author":{"display_name":"V\u00fcsal Rafiqo\u011flu","author_link":"https:\/\/arantv.az\/?author=2"},"rttpg_comment":0,"rttpg_category":"<a href=\"https:\/\/arantv.az\/?cat=6\" rel=\"category\">\u0130dman<\/a>","rttpg_excerpt":"Az\u0259rbaycan G\u00fcl\u0259\u015f Federasiyas\u0131n\u0131n (AGF) sabiq i\u015f\u00e7il\u0259ri \u00e7al\u0131\u015fd\u0131qlar\u0131 quruma qar\u015f\u0131 m\u0259hk\u0259m\u0259 iddias\u0131 qald\u0131r\u0131blar. ARANTV.AZ\u00a0x\u0259b\u0259r verir ki,\u00a0Bala\u011fa Zamanov,\u00a0Mikay\u0131l Xaliqov,\u00a0Nizami Hac\u0131yev\u00a0v\u0259\u00a0Orxan \u0130mam\u0259liyev\u00a0iddia \u0259riz\u0259sind\u0259 federasiyadan d\u00f6rd ayl\u0131q maa\u015flar\u0131n\u0131 v\u0259 m\u0259zuniyy\u0259t pullar\u0131n\u0131n \u00f6d\u0259nilm\u0259sini t\u0259l\u0259b edib. M\u0259hk\u0259m\u0259 iddian\u0131 qism\u0259n t\u0259min edib. Q\u0259rar bel\u0259 olub ki, federasiya maa\u015flar\u0131 \u00f6d\u0259sin, m\u0259zuniyy\u0259t pullar\u0131 is\u0259 \u00f6d\u0259nilm\u0259sin. AGF N\u0259rimanov Rayon M\u0259hk\u0259m\u0259sinin bu q\u0259rar\u0131 il\u0259 raz\u0131la\u015fmayaraq apellyasiya&hellip;","_links":{"self":[{"href":"https:\/\/arantv.az\/index.php?rest_route=\/wp\/v2\/posts\/24946"}],"collection":[{"href":"https:\/\/arantv.az\/index.php?rest_route=\/wp\/v2\/posts"}],"about":[{"href":"https:\/\/arantv.az\/index.php?rest_route=\/wp\/v2\/types\/post"}],"author":[{"embeddable":true,"href":"https:\/\/arantv.az\/index.php?rest_route=\/wp\/v2\/users\/2"}],"replies":[{"embeddable":true,"href":"https:\/\/arantv.az\/index.php?rest_route=%2Fwp%2Fv2%2Fcomments&post=24946"}],"version-history":[{"count":0,"href":"https:\/\/arantv.az\/index.php?rest_route=\/wp\/v2\/posts\/24946\/revisions"}],"wp:featuredmedia":[{"embeddable":true,"href":"https:\/\/arantv.az\/index.php?rest_route=\/wp\/v2\/media\/24947"}],"wp:attachment":[{"href":"https:\/\/arantv.az\/index.php?rest_route=%2Fwp%2Fv2%2Fmedia&parent=24946"}],"wp:term":[{"taxonomy":"category","embeddable":true,"href":"https:\/\/arantv.az\/index.php?rest_route=%2Fwp%2Fv2%2Fcategories&post=24946"},{"taxonomy":"post_tag","embeddable":true,"href":"https:\/\/arantv.az\/index.php?rest_route=%2Fwp%2Fv2%2Ftags&post=24946"}],"curies":[{"name":"wp","href":"https:\/\/api.w.org\/{rel}","templated":true}]}}