{"id":24981,"date":"2018-11-26T08:27:46","date_gmt":"2018-11-26T05:27:46","guid":{"rendered":"http:\/\/arantv.az\/?p=24981"},"modified":"2018-11-26T08:27:46","modified_gmt":"2018-11-26T05:27:46","slug":"az%c9%99rbaycanda-%c9%99m%c9%99liyyat-zamani-polis-kapitani-balta-il%c9%99-vuruldu","status":"publish","type":"post","link":"https:\/\/arantv.az\/?p=24981","title":{"rendered":"Az\u0259rbaycanda \u0259m\u0259liyyat zaman\u0131 polis kapitan\u0131 balta il\u0259 vuruldu"},"content":{"rendered":"<p>Bil\u0259suvar rayonunda \u0259m\u0259liyyat ke\u00e7ir\u0259n polis kapitan\u0131 balta il\u0259 vurulub.<\/p>\n<p><strong>ARANTV.AZ<\/strong>-\u0131n Qafqazinfo-ya verdiyi x\u0259b\u0259r\u0259 g\u00f6r\u0259, hadis\u0259 rayonun A\u015fa\u011f\u0131 C\u00fcr\u0259li k\u0259ndind\u0259 ba\u015f verib.<\/p>\n<p>K\u0259ndin bir ne\u00e7\u0259 sakini bar\u0259sind\u0259 polis \u015f\u00f6b\u0259sin\u0259 \u015fikay\u0259t daxil olub. Bununla \u0259laq\u0259dar h\u0259min \u015f\u0259xsl\u0259r izahat verm\u0259si \u00fc\u00e7\u00fcn d\u0259v\u0259t olunublar. Lakin v\u0259t\u0259nda\u015flar polisin \u00e7a\u011f\u0131r\u0131\u015f\u0131ndan imtina edibl\u0259r.<\/p>\n<p>Buna g\u00f6r\u0259 d\u0259 \u015f\u00f6b\u0259d\u0259 polis \u0259m\u0259kda\u015flar\u0131ndan ibar\u0259t \u0259m\u0259liyyat qrupu yarad\u0131l\u0131b v\u0259 \u0259m\u0259liyyat\u00e7\u0131lar h\u0259min \u015f\u0259xsl\u0259ri saxlay\u0131b \u015f\u00f6b\u0259y\u0259 g\u0259tirm\u0259k \u00fc\u00e7\u00fcn A\u015fa\u011f\u0131 C\u00fcr\u0259li k\u0259ndin\u0259 yollan\u0131blar.<\/p>\n<p>H\u0259min k\u0259nd sakinl\u0259ri polis \u0259m\u0259kda\u015flar\u0131na qap\u0131n\u0131 a\u00e7may\u0131blar. \u018fm\u0259liyyat\u00e7\u0131lardan biri, polis kapitan\u0131\u00a0<strong>Rafael A\u011famal\u0131yev\u00a0<\/strong>qap\u0131n\u0131 a\u00e7\u0131b i\u00e7\u0259ri girm\u0259k ist\u0259y\u0259nd\u0259 k\u0259nd sakini balta il\u0259 onun ba\u015f\u0131na do\u011fru z\u0259rb\u0259 endirib.<\/p>\n<p>Bu zaman R. A\u011famal\u0131yev z\u0259rb\u0259d\u0259n qism\u0259n yay\u0131na bilib v\u0259 balta onun sin\u0259sin\u0259 sanc\u0131l\u0131b. Yaral\u0131 olan R.A\u011famal\u0131yev Bil\u0259suvar Rayon M\u0259rk\u0259zi X\u0259st\u0259xanas\u0131na yerl\u0259\u015fdirilib.<\/p>\n<p>\u0130lkin m\u0259lumata g\u00f6r\u0259, bu hadis\u0259 il\u0259 ba\u011fl\u0131 3 n\u0259f\u0259r k\u0259nd sakini saxlan\u0131l\u0131b.<\/p>\n","protected":false},"excerpt":{"rendered":"<p>Bil\u0259suvar rayonunda \u0259m\u0259liyyat ke\u00e7ir\u0259n polis kapitan\u0131 balta il\u0259 vurulub. ARANTV.AZ-\u0131n Qafqazinfo-ya verdiyi x\u0259b\u0259r\u0259 g\u00f6r\u0259, hadis\u0259 rayonun A\u015fa\u011f\u0131 C\u00fcr\u0259li k\u0259ndind\u0259 ba\u015f verib. K\u0259ndin bir ne\u00e7\u0259 sakini bar\u0259sind\u0259 polis \u015f\u00f6b\u0259sin\u0259 \u015fikay\u0259t daxil olub. Bununla \u0259laq\u0259dar h\u0259min \u015f\u0259xsl\u0259r izahat verm\u0259si \u00fc\u00e7\u00fcn d\u0259v\u0259t olunublar. Lakin v\u0259t\u0259nda\u015flar polisin \u00e7a\u011f\u0131r\u0131\u015f\u0131ndan imtina edibl\u0259r. Buna g\u00f6r\u0259 d\u0259 \u015f\u00f6b\u0259d\u0259 polis \u0259m\u0259kda\u015flar\u0131ndan ibar\u0259t \u0259m\u0259liyyat qrupu yarad\u0131l\u0131b v\u0259 \u0259m\u0259liyyat\u00e7\u0131lar h\u0259min \u015f\u0259xsl\u0259ri saxlay\u0131b \u015f\u00f6b\u0259y\u0259 g\u0259tirm\u0259k \u00fc\u00e7\u00fcn A\u015fa\u011f\u0131 C\u00fcr\u0259li k\u0259ndin\u0259 yollan\u0131blar. H\u0259min k\u0259nd sakinl\u0259ri polis \u0259m\u0259kda\u015flar\u0131na qap\u0131n\u0131 a\u00e7may\u0131blar. \u018fm\u0259liyyat\u00e7\u0131lardan biri, polis kapitan\u0131\u00a0Rafael A\u011famal\u0131yev\u00a0qap\u0131n\u0131 a\u00e7\u0131b i\u00e7\u0259ri girm\u0259k ist\u0259y\u0259nd\u0259 k\u0259nd sakini balta il\u0259 onun ba\u015f\u0131na&hellip;<\/p>\n","protected":false},"author":2,"featured_media":24982,"comment_status":"closed","ping_status":"closed","sticky":false,"template":"","format":"standard","meta":{"om_disable_all_campaigns":false,"_monsterinsights_skip_tracking":false,"_monsterinsights_sitenote_active":false,"_monsterinsights_sitenote_note":"","_monsterinsights_sitenote_category":0},"categories":[3],"tags":[],"aioseo_notices":[],"gutentor_comment":0,"rttpg_featured_image_url":{"full":["https:\/\/arantv.az\/wp-content\/uploads\/2018\/11\/Clipboard01-9.jpg",620,398,false],"landscape":["https:\/\/arantv.az\/wp-content\/uploads\/2018\/11\/Clipboard01-9.jpg",620,398,false],"portraits":["https:\/\/arantv.az\/wp-content\/uploads\/2018\/11\/Clipboard01-9.jpg",620,398,false],"thumbnail":["https:\/\/arantv.az\/wp-content\/uploads\/2018\/11\/Clipboard01-9-150x150.jpg",150,150,true],"medium":["https:\/\/arantv.az\/wp-content\/uploads\/2018\/11\/Clipboard01-9-300x193.jpg",300,193,true],"large":["https:\/\/arantv.az\/wp-content\/uploads\/2018\/11\/Clipboard01-9.jpg",620,398,false],"1536x1536":["https:\/\/arantv.az\/wp-content\/uploads\/2018\/11\/Clipboard01-9.jpg",620,398,false],"2048x2048":["https:\/\/arantv.az\/wp-content\/uploads\/2018\/11\/Clipboard01-9.jpg",620,398,false],"post-thumbnail":["https:\/\/arantv.az\/wp-content\/uploads\/2018\/11\/Clipboard01-9-240x172.jpg",240,172,true],"advps-thumb-one":["https:\/\/arantv.az\/wp-content\/uploads\/2018\/11\/Clipboard01-9.jpg",620,398,false]},"rttpg_author":{"display_name":"V\u00fcsal Rafiqo\u011flu","author_link":"https:\/\/arantv.az\/?author=2"},"rttpg_comment":0,"rttpg_category":"<a href=\"https:\/\/arantv.az\/?cat=3\" rel=\"category\">Kriminal<\/a>","rttpg_excerpt":"Bil\u0259suvar rayonunda \u0259m\u0259liyyat ke\u00e7ir\u0259n polis kapitan\u0131 balta il\u0259 vurulub. ARANTV.AZ-\u0131n Qafqazinfo-ya verdiyi x\u0259b\u0259r\u0259 g\u00f6r\u0259, hadis\u0259 rayonun A\u015fa\u011f\u0131 C\u00fcr\u0259li k\u0259ndind\u0259 ba\u015f verib. K\u0259ndin bir ne\u00e7\u0259 sakini bar\u0259sind\u0259 polis \u015f\u00f6b\u0259sin\u0259 \u015fikay\u0259t daxil olub. Bununla \u0259laq\u0259dar h\u0259min \u015f\u0259xsl\u0259r izahat verm\u0259si \u00fc\u00e7\u00fcn d\u0259v\u0259t olunublar. Lakin v\u0259t\u0259nda\u015flar polisin \u00e7a\u011f\u0131r\u0131\u015f\u0131ndan imtina edibl\u0259r. Buna g\u00f6r\u0259 d\u0259 \u015f\u00f6b\u0259d\u0259 polis \u0259m\u0259kda\u015flar\u0131ndan ibar\u0259t \u0259m\u0259liyyat qrupu&hellip;","_links":{"self":[{"href":"https:\/\/arantv.az\/index.php?rest_route=\/wp\/v2\/posts\/24981"}],"collection":[{"href":"https:\/\/arantv.az\/index.php?rest_route=\/wp\/v2\/posts"}],"about":[{"href":"https:\/\/arantv.az\/index.php?rest_route=\/wp\/v2\/types\/post"}],"author":[{"embeddable":true,"href":"https:\/\/arantv.az\/index.php?rest_route=\/wp\/v2\/users\/2"}],"replies":[{"embeddable":true,"href":"https:\/\/arantv.az\/index.php?rest_route=%2Fwp%2Fv2%2Fcomments&post=24981"}],"version-history":[{"count":0,"href":"https:\/\/arantv.az\/index.php?rest_route=\/wp\/v2\/posts\/24981\/revisions"}],"wp:featuredmedia":[{"embeddable":true,"href":"https:\/\/arantv.az\/index.php?rest_route=\/wp\/v2\/media\/24982"}],"wp:attachment":[{"href":"https:\/\/arantv.az\/index.php?rest_route=%2Fwp%2Fv2%2Fmedia&parent=24981"}],"wp:term":[{"taxonomy":"category","embeddable":true,"href":"https:\/\/arantv.az\/index.php?rest_route=%2Fwp%2Fv2%2Fcategories&post=24981"},{"taxonomy":"post_tag","embeddable":true,"href":"https:\/\/arantv.az\/index.php?rest_route=%2Fwp%2Fv2%2Ftags&post=24981"}],"curies":[{"name":"wp","href":"https:\/\/api.w.org\/{rel}","templated":true}]}}