{"id":24984,"date":"2018-11-26T08:30:00","date_gmt":"2018-11-26T05:30:00","guid":{"rendered":"http:\/\/arantv.az\/?p=24984"},"modified":"2018-11-26T08:30:00","modified_gmt":"2018-11-26T05:30:00","slug":"iranda-guclu-z%c9%99lz%c9%99l%c9%99-550-yarali-yenil%c9%99nib","status":"publish","type":"post","link":"https:\/\/arantv.az\/?p=24984","title":{"rendered":"\u0130randa g\u00fccl\u00fc z\u0259lz\u0259l\u0259: 550 yaral\u0131 &#8211; YEN\u0130L\u018fN\u0130B"},"content":{"rendered":"<p>\u0130ran\u0131n Kirman\u015fah vilay\u0259tind\u0259 ba\u015f ver\u0259n g\u00fccl\u00fc z\u0259lz\u0259l\u0259 n\u0259tic\u0259sind\u0259 yaral\u0131lar\u0131n say\u0131 550\u00a0n\u0259f\u0259r\u0259 \u00e7at\u0131b.<\/p>\n<p><strong>ARANTV.AZ\u00a0<\/strong>x\u0259b\u0259r verir ki, bununla ba\u011fl\u0131 \u0130ran\u0131n \u201cPress TV\u201d telekanal\u0131 m\u0259lumat yay\u0131b.<\/p>\n<p>Yeralt\u0131 t\u0259kanlar Kirman\u015fah v\u0259 \u0130lam b\u00f6lg\u0259l\u0259ri il\u0259 yana\u015f\u0131, Ba\u011fdad v\u0259 Az\u0259rbaycanda da hiss olunub.<\/p>\n<div id=\"AdributorNativeVideo0\" class=\"AdributorNativeVideo\"><\/div>\n<div>\n<div><iframe loading=\"lazy\" src=\"https:\/\/player.baku.tv\/embed\/5208\" width=\"560\" height=\"315\" frameborder=\"0\" allowfullscreen=\"allowfullscreen\" data-mce-fragment=\"1\"><\/iframe><\/div>\n<\/div>\n<div><strong>00:53<\/strong><\/div>\n<p>\u0130randa g\u00fccl\u00fc z\u0259lz\u0259l\u0259 n\u0259tic\u0259sind\u0259 x\u0259sar\u0259t alanlar\u0131n say\u0131 360-a \u00e7at\u0131b.<\/p>\n<p><b>ARANTV.AZ\u00a0<\/b>x\u0259b\u0259r verir ki, bu bar\u0259d\u0259 \u201cFars\u201d agentliyinin yayd\u0131\u011f\u0131 m\u0259lumatda deyilir.<\/p>\n<p><strong>23.48<\/strong><\/p>\n<p>\u0130randa z\u0259lz\u0259l\u0259 n\u0259tic\u0259sind\u0259 x\u0259sar\u0259t alanlar\u0131n say\u0131 210-a \u00e7at\u0131b.<\/p>\n<p><strong>ARANTV.AZ\u00a0<\/strong>\u00a0x\u0259b\u0259r verir ki, bu bar\u0259d\u0259 \u201cFars\u201d agentliyinin yayd\u0131\u011f\u0131 m\u0259lumatda deyilir.<\/p>\n<p><strong>22.49<\/strong><\/p>\n<p>\u0130ran\u0131n Kerman\u015fah \u0259yal\u0259tind\u0259 z\u0259lz\u0259l\u0259 n\u0259tic\u0259sind\u0259 az\u0131 70 n\u0259f\u0259r z\u0259r\u0259r \u00e7\u0259kib.<\/p>\n<p><strong>ARANTV.AZ\u00a0<\/strong>\u00a0x\u0259b\u0259r verir ki, bu bar\u0259d\u0259 Press TV-nin yerli hakimiyy\u0259t orqanlar\u0131na istinad\u0259n yayd\u0131\u011f\u0131 m\u0259lumatda deyilir.<\/p>\n<p><strong>21.48<\/strong><\/p>\n<p>\u0130ran-\u0130raq s\u0259rh\u0259di yax\u0131nl\u0131\u011f\u0131nda g\u00fccl\u00fc z\u0259lz\u0259l\u0259 ba\u015f verib.<\/p>\n<p><strong>ARANTV.AZ\u00a0<\/strong>x\u0259b\u0259r verir ki, yeralt\u0131 t\u0259kanlar\u0131n g\u00fcc\u00fc 6,3 bal t\u0259\u015fkil edib.<\/p>\n<p>Bildirilir ki, z\u0259lz\u0259l\u0259nin episentri Ba\u011fdaddan 150 kilometr aral\u0131da yerl\u0259\u015firdi.<\/p>\n<p>\u0130ran\u0131n Kirman\u015fah vilay\u0259tind\u0259 is\u0259 z\u0259lz\u0259l\u0259nin g\u00fcc\u00fc 6,4 bal olub.<\/p>\n<p>Da\u011f\u0131nt\u0131 v\u0259 t\u0259l\u0259fat haqq\u0131nda m\u0259lumat h\u0259l\u0259lik verilmir.<\/p>\n<p>oxu.az<\/p>\n","protected":false},"excerpt":{"rendered":"<p>\u0130ran\u0131n Kirman\u015fah vilay\u0259tind\u0259 ba\u015f ver\u0259n g\u00fccl\u00fc z\u0259lz\u0259l\u0259 n\u0259tic\u0259sind\u0259 yaral\u0131lar\u0131n say\u0131 550\u00a0n\u0259f\u0259r\u0259 \u00e7at\u0131b. ARANTV.AZ\u00a0x\u0259b\u0259r verir ki, bununla ba\u011fl\u0131 \u0130ran\u0131n \u201cPress TV\u201d telekanal\u0131 m\u0259lumat yay\u0131b. Yeralt\u0131 t\u0259kanlar Kirman\u015fah v\u0259 \u0130lam b\u00f6lg\u0259l\u0259ri il\u0259 yana\u015f\u0131, Ba\u011fdad v\u0259 Az\u0259rbaycanda da hiss olunub. 00:53 \u0130randa g\u00fccl\u00fc z\u0259lz\u0259l\u0259 n\u0259tic\u0259sind\u0259 x\u0259sar\u0259t alanlar\u0131n say\u0131 360-a \u00e7at\u0131b. ARANTV.AZ\u00a0x\u0259b\u0259r verir ki, bu bar\u0259d\u0259 \u201cFars\u201d agentliyinin yayd\u0131\u011f\u0131 m\u0259lumatda deyilir. 23.48 \u0130randa z\u0259lz\u0259l\u0259 n\u0259tic\u0259sind\u0259 x\u0259sar\u0259t alanlar\u0131n say\u0131 210-a \u00e7at\u0131b. ARANTV.AZ\u00a0\u00a0x\u0259b\u0259r verir ki, bu bar\u0259d\u0259 \u201cFars\u201d agentliyinin yayd\u0131\u011f\u0131 m\u0259lumatda deyilir. 22.49 \u0130ran\u0131n Kerman\u015fah \u0259yal\u0259tind\u0259 z\u0259lz\u0259l\u0259 n\u0259tic\u0259sind\u0259 az\u0131 70 n\u0259f\u0259r z\u0259r\u0259r \u00e7\u0259kib. ARANTV.AZ\u00a0\u00a0x\u0259b\u0259r verir ki,&hellip;<\/p>\n","protected":false},"author":2,"featured_media":24985,"comment_status":"closed","ping_status":"closed","sticky":false,"template":"","format":"standard","meta":{"om_disable_all_campaigns":false,"_monsterinsights_skip_tracking":false,"_monsterinsights_sitenote_active":false,"_monsterinsights_sitenote_note":"","_monsterinsights_sitenote_category":0},"categories":[7],"tags":[],"aioseo_notices":[],"gutentor_comment":0,"rttpg_featured_image_url":{"full":["https:\/\/arantv.az\/wp-content\/uploads\/2018\/11\/1476780545.jpg",620,352,false],"landscape":["https:\/\/arantv.az\/wp-content\/uploads\/2018\/11\/1476780545.jpg",620,352,false],"portraits":["https:\/\/arantv.az\/wp-content\/uploads\/2018\/11\/1476780545.jpg",620,352,false],"thumbnail":["https:\/\/arantv.az\/wp-content\/uploads\/2018\/11\/1476780545-150x150.jpg",150,150,true],"medium":["https:\/\/arantv.az\/wp-content\/uploads\/2018\/11\/1476780545-300x170.jpg",300,170,true],"large":["https:\/\/arantv.az\/wp-content\/uploads\/2018\/11\/1476780545.jpg",620,352,false],"1536x1536":["https:\/\/arantv.az\/wp-content\/uploads\/2018\/11\/1476780545.jpg",620,352,false],"2048x2048":["https:\/\/arantv.az\/wp-content\/uploads\/2018\/11\/1476780545.jpg",620,352,false],"post-thumbnail":["https:\/\/arantv.az\/wp-content\/uploads\/2018\/11\/1476780545-240x172.jpg",240,172,true],"advps-thumb-one":["https:\/\/arantv.az\/wp-content\/uploads\/2018\/11\/1476780545.jpg",620,352,false]},"rttpg_author":{"display_name":"V\u00fcsal Rafiqo\u011flu","author_link":"https:\/\/arantv.az\/?author=2"},"rttpg_comment":0,"rttpg_category":"<a href=\"https:\/\/arantv.az\/?cat=7\" rel=\"category\">D\u00fcnya<\/a>","rttpg_excerpt":"\u0130ran\u0131n Kirman\u015fah vilay\u0259tind\u0259 ba\u015f ver\u0259n g\u00fccl\u00fc z\u0259lz\u0259l\u0259 n\u0259tic\u0259sind\u0259 yaral\u0131lar\u0131n say\u0131 550\u00a0n\u0259f\u0259r\u0259 \u00e7at\u0131b. ARANTV.AZ\u00a0x\u0259b\u0259r verir ki, bununla ba\u011fl\u0131 \u0130ran\u0131n \u201cPress TV\u201d telekanal\u0131 m\u0259lumat yay\u0131b. Yeralt\u0131 t\u0259kanlar Kirman\u015fah v\u0259 \u0130lam b\u00f6lg\u0259l\u0259ri il\u0259 yana\u015f\u0131, Ba\u011fdad v\u0259 Az\u0259rbaycanda da hiss olunub. 00:53 \u0130randa g\u00fccl\u00fc z\u0259lz\u0259l\u0259 n\u0259tic\u0259sind\u0259 x\u0259sar\u0259t alanlar\u0131n say\u0131 360-a \u00e7at\u0131b. ARANTV.AZ\u00a0x\u0259b\u0259r verir ki, bu bar\u0259d\u0259 \u201cFars\u201d agentliyinin yayd\u0131\u011f\u0131&hellip;","_links":{"self":[{"href":"https:\/\/arantv.az\/index.php?rest_route=\/wp\/v2\/posts\/24984"}],"collection":[{"href":"https:\/\/arantv.az\/index.php?rest_route=\/wp\/v2\/posts"}],"about":[{"href":"https:\/\/arantv.az\/index.php?rest_route=\/wp\/v2\/types\/post"}],"author":[{"embeddable":true,"href":"https:\/\/arantv.az\/index.php?rest_route=\/wp\/v2\/users\/2"}],"replies":[{"embeddable":true,"href":"https:\/\/arantv.az\/index.php?rest_route=%2Fwp%2Fv2%2Fcomments&post=24984"}],"version-history":[{"count":0,"href":"https:\/\/arantv.az\/index.php?rest_route=\/wp\/v2\/posts\/24984\/revisions"}],"wp:featuredmedia":[{"embeddable":true,"href":"https:\/\/arantv.az\/index.php?rest_route=\/wp\/v2\/media\/24985"}],"wp:attachment":[{"href":"https:\/\/arantv.az\/index.php?rest_route=%2Fwp%2Fv2%2Fmedia&parent=24984"}],"wp:term":[{"taxonomy":"category","embeddable":true,"href":"https:\/\/arantv.az\/index.php?rest_route=%2Fwp%2Fv2%2Fcategories&post=24984"},{"taxonomy":"post_tag","embeddable":true,"href":"https:\/\/arantv.az\/index.php?rest_route=%2Fwp%2Fv2%2Ftags&post=24984"}],"curies":[{"name":"wp","href":"https:\/\/api.w.org\/{rel}","templated":true}]}}