{"id":24987,"date":"2018-11-26T08:31:54","date_gmt":"2018-11-26T05:31:54","guid":{"rendered":"http:\/\/arantv.az\/?p=24987"},"modified":"2018-11-26T08:31:54","modified_gmt":"2018-11-26T05:31:54","slug":"budc%c9%99-x%c9%99rcl%c9%99ri-artirilacaq-oz%c9%99l","status":"publish","type":"post","link":"https:\/\/arantv.az\/?p=24987","title":{"rendered":"B\u00fcdc\u0259 x\u0259rcl\u0259ri art\u0131r\u0131lacaq &#8211; \u00d6Z\u018fL"},"content":{"rendered":"<p>Noyabr\u0131n 27-d\u0259 Milli M\u0259clisin (MM) n\u00f6vb\u0259ti plenar iclas\u0131nda 2019-cu ilin b\u00fcdc\u0259\u00a0 z\u0259rfinin ikinci oxunu\u015fda m\u00fczakir\u0259l\u0259ri ke\u00e7iril\u0259c\u0259k.<\/p>\n<p><strong>ARANTV.AZ<\/strong>-\u0131n x\u0259b\u0259rin\u0259 g\u00f6r\u0259, ikinci oxunu\u015fun m\u00fczakir\u0259l\u0259rd\u0259n sonra b\u00fcdc\u0259 z\u0259rfin\u0259 daxil olan qanun layih\u0259l\u0259ri parlamentin noyabr\u0131n 30-da ke\u00e7iril\u0259c\u0259k plenar iclas\u0131na t\u00f6vsiy\u0259 olunacaq, v\u0259 s\u0259n\u0259d \u00fc\u00e7\u00fcnc\u00fc oxunu\u015fda\u00a0 s\u0259sverm\u0259y\u0259 \u00e7\u0131xar\u0131laraq q\u0259bul edil\u0259c\u0259k.<\/p>\n<p>B\u00fcdc\u0259 z\u0259rfinin ikinci oxunu\u015funun m\u00fczakir\u0259l\u0259rind\u0259 bir s\u0131ra nazirlikl\u0259rin v\u0259 d\u00f6vl\u0259t qurumlar\u0131n\u0131n r\u0259hb\u0259r \u015f\u0259xsl\u0259ri, o c\u00fcml\u0259d\u0259n, maliyy\u0259 naziri<strong>\u00a0Samir \u015e\u0259rifov\u00a0<\/strong>i\u015ftirak ed\u0259c\u0259k.<\/p>\n<p>2019-cu ilin d\u00f6vl\u0259t b\u00fcdc\u0259sinin x\u0259rcl\u0259ri 24 milyard 780 milyon manatd\u0131r v\u0259 onun 3-c\u00fc oxunu\u015fa kimi t\u0259xmin\u0259n 60-100 milyon manat aras\u0131nda art\u0131r\u0131lmas\u0131 g\u00f6zl\u0259nilir.<\/p>\n<blockquote>\n<div><em><strong>Oxu:\u00a0<a href=\"https:\/\/oxu.az\/economy\/283834\" target=\"_blank\" rel=\"noopener\">Samir \u015e\u0259rifov 2019-cu ilin b\u00fcdc\u0259 x\u0259rcl\u0259rind\u0259n dan\u0131\u015fd\u0131<\/a><\/strong><\/em><\/div>\n<\/blockquote>\n<p>Milli M\u0259clisin noyabr\u0131n 27-d\u0259 v\u0259 30-da ke\u00e7iril\u0259c\u0259k plenar iclaslar\u0131n\u0131n g\u00fcnd\u0259liyin\u0259 \u00fcmumilikd\u0259 58 m\u0259s\u0259l\u0259 daxildir.<\/p>\n<p>\u0130claslarda b\u00fcdc\u0259 z\u0259rfin\u0259 daxil olan qanun layih\u0259l\u0259ri il\u0259 yana\u015f\u0131, \u201cAz\u0259rbaycan Respublikas\u0131 Milli M\u0259clisi deputat\u0131n\u0131n etik davran\u0131\u015f qaydalar\u0131 haqq\u0131nda\u201d, \u201cAz\u0259rbaycan Respublikas\u0131 Milli M\u0259clisi deputat\u0131n\u0131n statusu haqq\u0131nda\u201d (III oxunu\u015f), \u201cB\u0259l\u0259diyy\u0259l\u0259rin \u0259razil\u0259ri v\u0259 torpaqlar\u0131 haqq\u0131nda\u201d , \u201cD\u0259rman vasit\u0259l\u0259ri haqq\u0131nda\u201d, \u201cAvtomobil n\u0259qliyyat\u0131 haqq\u0131nda\u201d, \u201cH\u00fcquqi \u015f\u0259xsl\u0259rin d\u00f6vl\u0259t qeydiyyat\u0131 v\u0259 d\u00f6vl\u0259t reyestri haqq\u0131nda\u201d\u00a0 qanunlara,\u00a0 M\u0259nzil, Vergi m\u0259c\u0259ll\u0259l\u0259rin\u0259 v\u0259 dig\u0259r qanunvericilik aktlar\u0131na d\u0259yi\u015fiklikl\u0259ri n\u0259z\u0259rd\u0259 tutan qanun layih\u0259l\u0259ri m\u00fczakir\u0259 edil\u0259c\u0259k.<\/p>\n<p>oxu.az<\/p>\n","protected":false},"excerpt":{"rendered":"<p>Noyabr\u0131n 27-d\u0259 Milli M\u0259clisin (MM) n\u00f6vb\u0259ti plenar iclas\u0131nda 2019-cu ilin b\u00fcdc\u0259\u00a0 z\u0259rfinin ikinci oxunu\u015fda m\u00fczakir\u0259l\u0259ri ke\u00e7iril\u0259c\u0259k. ARANTV.AZ-\u0131n x\u0259b\u0259rin\u0259 g\u00f6r\u0259, ikinci oxunu\u015fun m\u00fczakir\u0259l\u0259rd\u0259n sonra b\u00fcdc\u0259 z\u0259rfin\u0259 daxil olan qanun layih\u0259l\u0259ri parlamentin noyabr\u0131n 30-da ke\u00e7iril\u0259c\u0259k plenar iclas\u0131na t\u00f6vsiy\u0259 olunacaq, v\u0259 s\u0259n\u0259d \u00fc\u00e7\u00fcnc\u00fc oxunu\u015fda\u00a0 s\u0259sverm\u0259y\u0259 \u00e7\u0131xar\u0131laraq q\u0259bul edil\u0259c\u0259k. B\u00fcdc\u0259 z\u0259rfinin ikinci oxunu\u015funun m\u00fczakir\u0259l\u0259rind\u0259 bir s\u0131ra nazirlikl\u0259rin v\u0259 d\u00f6vl\u0259t qurumlar\u0131n\u0131n r\u0259hb\u0259r \u015f\u0259xsl\u0259ri, o c\u00fcml\u0259d\u0259n, maliyy\u0259 naziri\u00a0Samir \u015e\u0259rifov\u00a0i\u015ftirak ed\u0259c\u0259k. 2019-cu ilin d\u00f6vl\u0259t b\u00fcdc\u0259sinin x\u0259rcl\u0259ri 24 milyard 780 milyon manatd\u0131r v\u0259 onun 3-c\u00fc oxunu\u015fa kimi t\u0259xmin\u0259n 60-100 milyon manat aras\u0131nda art\u0131r\u0131lmas\u0131 g\u00f6zl\u0259nilir. Oxu:\u00a0Samir \u015e\u0259rifov 2019-cu ilin&hellip;<\/p>\n","protected":false},"author":2,"featured_media":24988,"comment_status":"closed","ping_status":"closed","sticky":false,"template":"","format":"standard","meta":{"om_disable_all_campaigns":false,"_monsterinsights_skip_tracking":false,"_monsterinsights_sitenote_active":false,"_monsterinsights_sitenote_note":"","_monsterinsights_sitenote_category":0},"categories":[4],"tags":[],"aioseo_notices":[],"gutentor_comment":0,"rttpg_featured_image_url":{"full":["https:\/\/arantv.az\/wp-content\/uploads\/2018\/11\/3.jpg",613,465,false],"landscape":["https:\/\/arantv.az\/wp-content\/uploads\/2018\/11\/3.jpg",613,465,false],"portraits":["https:\/\/arantv.az\/wp-content\/uploads\/2018\/11\/3.jpg",613,465,false],"thumbnail":["https:\/\/arantv.az\/wp-content\/uploads\/2018\/11\/3-150x150.jpg",150,150,true],"medium":["https:\/\/arantv.az\/wp-content\/uploads\/2018\/11\/3-300x228.jpg",300,228,true],"large":["https:\/\/arantv.az\/wp-content\/uploads\/2018\/11\/3.jpg",613,465,false],"1536x1536":["https:\/\/arantv.az\/wp-content\/uploads\/2018\/11\/3.jpg",613,465,false],"2048x2048":["https:\/\/arantv.az\/wp-content\/uploads\/2018\/11\/3.jpg",613,465,false],"post-thumbnail":["https:\/\/arantv.az\/wp-content\/uploads\/2018\/11\/3-240x172.jpg",240,172,true],"advps-thumb-one":["https:\/\/arantv.az\/wp-content\/uploads\/2018\/11\/3.jpg",613,465,false]},"rttpg_author":{"display_name":"V\u00fcsal Rafiqo\u011flu","author_link":"https:\/\/arantv.az\/?author=2"},"rttpg_comment":0,"rttpg_category":"<a href=\"https:\/\/arantv.az\/?cat=4\" rel=\"category\">Siyas\u0259t<\/a>","rttpg_excerpt":"Noyabr\u0131n 27-d\u0259 Milli M\u0259clisin (MM) n\u00f6vb\u0259ti plenar iclas\u0131nda 2019-cu ilin b\u00fcdc\u0259\u00a0 z\u0259rfinin ikinci oxunu\u015fda m\u00fczakir\u0259l\u0259ri ke\u00e7iril\u0259c\u0259k. ARANTV.AZ-\u0131n x\u0259b\u0259rin\u0259 g\u00f6r\u0259, ikinci oxunu\u015fun m\u00fczakir\u0259l\u0259rd\u0259n sonra b\u00fcdc\u0259 z\u0259rfin\u0259 daxil olan qanun layih\u0259l\u0259ri parlamentin noyabr\u0131n 30-da ke\u00e7iril\u0259c\u0259k plenar iclas\u0131na t\u00f6vsiy\u0259 olunacaq, v\u0259 s\u0259n\u0259d \u00fc\u00e7\u00fcnc\u00fc oxunu\u015fda\u00a0 s\u0259sverm\u0259y\u0259 \u00e7\u0131xar\u0131laraq q\u0259bul edil\u0259c\u0259k. B\u00fcdc\u0259 z\u0259rfinin ikinci oxunu\u015funun m\u00fczakir\u0259l\u0259rind\u0259 bir s\u0131ra nazirlikl\u0259rin v\u0259 d\u00f6vl\u0259t&hellip;","_links":{"self":[{"href":"https:\/\/arantv.az\/index.php?rest_route=\/wp\/v2\/posts\/24987"}],"collection":[{"href":"https:\/\/arantv.az\/index.php?rest_route=\/wp\/v2\/posts"}],"about":[{"href":"https:\/\/arantv.az\/index.php?rest_route=\/wp\/v2\/types\/post"}],"author":[{"embeddable":true,"href":"https:\/\/arantv.az\/index.php?rest_route=\/wp\/v2\/users\/2"}],"replies":[{"embeddable":true,"href":"https:\/\/arantv.az\/index.php?rest_route=%2Fwp%2Fv2%2Fcomments&post=24987"}],"version-history":[{"count":0,"href":"https:\/\/arantv.az\/index.php?rest_route=\/wp\/v2\/posts\/24987\/revisions"}],"wp:featuredmedia":[{"embeddable":true,"href":"https:\/\/arantv.az\/index.php?rest_route=\/wp\/v2\/media\/24988"}],"wp:attachment":[{"href":"https:\/\/arantv.az\/index.php?rest_route=%2Fwp%2Fv2%2Fmedia&parent=24987"}],"wp:term":[{"taxonomy":"category","embeddable":true,"href":"https:\/\/arantv.az\/index.php?rest_route=%2Fwp%2Fv2%2Fcategories&post=24987"},{"taxonomy":"post_tag","embeddable":true,"href":"https:\/\/arantv.az\/index.php?rest_route=%2Fwp%2Fv2%2Ftags&post=24987"}],"curies":[{"name":"wp","href":"https:\/\/api.w.org\/{rel}","templated":true}]}}