{"id":25011,"date":"2018-11-26T09:22:48","date_gmt":"2018-11-26T06:22:48","guid":{"rendered":"http:\/\/arantv.az\/?p=25011"},"modified":"2018-11-26T09:22:48","modified_gmt":"2018-11-26T06:22:48","slug":"abel-mu%c9%99llimin-icki-icdiyini-gorm%c9%99mis%c9%99m-seyx-t%c9%99yyar%c9%99-olayindan-danisdi","status":"publish","type":"post","link":"https:\/\/arantv.az\/?p=25011","title":{"rendered":"\u201cAbel m\u00fc\u0259llimin i\u00e7ki i\u00e7diyini g\u00f6rm\u0259mi\u015f\u0259m\u201d &#8211; \u015eeyx t\u0259yyar\u0259 olay\u0131ndan dan\u0131\u015fd\u0131"},"content":{"rendered":"<p><strong>\u201cM\u0259n a\u00e7\u0131\u011f\u0131 bir \u015fey ba\u015f verdiyini g\u00f6rm\u0259mi\u015f\u0259m. B\u0259zi adamlar\u0131n da \u015eeyx\u00fclislam haqda d\u00fc\u015f\u00fcnc\u0259l\u0259ri q\u0259rib\u0259dir. M\u0259n bu c\u00fcr s\u0259f\u0259rl\u0259r olanda evd\u0259 haz\u0131rla\u015f\u0131ram, m\u0259lumat verirl\u0259r ki, t\u0259yyar\u0259 haz\u0131rd\u0131r, u\u00e7a bil\u0259rik. Ondan sonra m\u0259n d\u0259 g\u0259lir\u0259m, t\u0259yyar\u0259y\u0259 minib yola d\u00fc\u015f\u00fcr\u00fck. T\u0259yyar\u0259d\u0259 m\u0259nim v\u0259 dig\u0259r s\u0259f\u0259r i\u015ftirak\u00e7\u0131lar\u0131n\u0131n geyiml\u0259ri, \u015f\u0259xsi \u0259\u015fyalar\u0131 olan \u00e7antalar olur. Bir d\u0259 bizim hey\u0259td\u0259 olan \u00e7\u0259kili\u015f qrupunun avadanl\u0131qlar\u0131\u201d.<\/strong><\/p>\n<p><strong>ARANTV.AZ<\/strong> x\u0259b\u0259r verir ki, bunu \u201cYeni m\u00fcsavat\u201da Qafqaz M\u00fcs\u0259lmanlar\u0131 \u0130dar\u0259sinin s\u0259dri, \u015eeyx\u00fclislam Allah\u015f\u00fck\u00fcr Pa\u015fazad\u0259 Madrid s\u0259f\u0259ri zaman\u0131 Abel M\u0259h\u0259rr\u0259movla ba\u011fl\u0131 ba\u015f ver\u0259nl\u0259r\u0259 m\u00fcnasib\u0259t bildir\u0259rk\u0259n deyib.<\/p>\n<p>O, \u00fcmumiyy\u0259tl\u0259 ke\u00e7mi\u015f rektorla ba\u011fl\u0131 mediada yay\u0131lan x\u0259b\u0259rl\u0259ri t\u0259kzib edib: \u201cAmma q\u0259ti \u015f\u0259kild\u0259 deyir\u0259m ki, bel\u0259 bir m\u0259s\u0259l\u0259 olmay\u0131b, bu, yaland\u0131r. N\u0259y\u0259 g\u00f6r\u0259s\u0259 bunu yaz\u0131rlar, deyirl\u0259r. Y\u0259qin ki, d\u00fc\u015fm\u0259n\u00e7ilik m\u0259qs\u0259di il\u0259 edirl\u0259r. Ax\u0131 d\u00f6vl\u0259t var, d\u00f6vl\u0259tin s\u0259rh\u0259d, g\u00f6mr\u00fck xidm\u0259ti var. media var. \u0130spaniya b\u00f6y\u00fck bir d\u00f6vl\u0259tdir, ciddi n\u0259zar\u0259t sistemi var. H\u0259tta biz ora ged\u0259nd\u0259 s\u0259rh\u0259dd\u0259 ayaqqab\u0131lar\u0131m\u0131za q\u0259d\u0259r yoxlay\u0131rlar. Nec\u0259 oldu ki, bu q\u0259d\u0259r y\u00fck\u00fc oradan ke\u00e7irdil\u0259r? B\u00fct\u00fcn bunlar nec\u0259 ola bil\u0259r? El\u0259 ba\u015fa d\u00fc\u015f\u00fcr\u0259m ki, b\u00fct\u00fcn bunlar qura\u015fd\u0131rmad\u0131r. T\u0259yyar\u0259nin gecikm\u0259si normal hadis\u0259dir, \u00e7arter reysl\u0259r d\u0259 bir qayda olaraq yuban\u0131r. M\u0259n o zaman soru\u015fmuram ki, t\u0259yyar\u0259 niy\u0259 l\u0259ngiyir? Dig\u0259r t\u0259r\u0259fd\u0259n, m\u0259n n\u0259 Abel m\u00fc\u0259llimin, n\u0259 d\u0259 hey\u0259td\u0259 olan dig\u0259r \u015f\u0259xsl\u0259rin i\u00e7ki i\u00e7diyini g\u00f6rm\u0259mi\u015f\u0259m.<\/p>\n<p>T\u0259dbirimiz y\u00fcks\u0259k s\u0259viyy\u0259li bir konfrans idi. 260 n\u0259f\u0259rd\u0259n \u00e7ox n\u00fcfuzlu qonaq vard\u0131. Orda m\u0259n d\u0259, Siyavu\u015f m\u00fc\u0259llim d\u0259, Abel m\u00fc\u0259llim d\u0259 \u00e7\u0131x\u0131\u015f etdik. Ax\u0131rda da prezident h\u0259zr\u0259tl\u0259rinin m\u0259ktubu oxundu. Burda b\u0259zi \u015feyl\u0259r yaz\u0131rlar, m\u0259n Bak\u0131ya g\u0259l\u0259nd\u0259n sonra oxudum. Guya m\u0259ni n\u00f6mr\u0259d\u0259n \u00e7\u0131xar\u0131b d\u0259v\u0259t edibl\u0259r. Bel\u0259 \u015fey olmay\u0131b\u201d.<\/p>\n<p>A.Pa\u015fazad\u0259 deyib ki, oteld\u0259 qalark\u0259n n\u00fcmay\u0259nd\u0259 hey\u0259tinin \u00fczvl\u0259ri ad\u0259t\u0259n otelin foyesind\u0259 oturub \u00e7ay i\u00e7irmi\u015fl\u0259r: \u201cBir d\u0259f\u0259 m\u0259ni d\u0259 d\u0259v\u0259t etdil\u0259r, oturub \u00e7ay i\u00e7dik. S\u0259h\u0259ri g\u00fcn n\u00fcmay\u0259nd\u0259 hey\u0259ti il\u0259 birlikd\u0259 \u018fli b\u0259yin evind\u0259 qonaq olduq, s\u0259mimi \u015f\u0259raitd\u0259 s\u00f6hb\u0259tl\u0259r oldu, orada Abel M\u0259h\u0259rr\u0259mov da, Siyavu\u015f Novruzov da g\u00f6z\u0259l \u00e7\u0131x\u0131\u015flar etdil\u0259r, beyn\u0259lxalq konfrans\u0131n y\u00fcks\u0259k s\u0259viyy\u0259d\u0259 t\u0259\u015fkilind\u0259 roluna g\u00f6r\u0259 \u018fli b\u0259yi t\u0259brik etdil\u0259r. \u00c7ox g\u00f6z\u0259l m\u00fcnasib\u0259t oldu. He\u00e7 bir ba\u015fqa s\u00f6hb\u0259t olmay\u0131b. \u00d6lk\u0259mizin \u0130spaniyadak\u0131 s\u0259firi \u2014 Abel m\u00fc\u0259llimin o\u011flu Anar M\u0259h\u0259rr\u0259mov da orada biziml\u0259 birg\u0259 idi.<\/p>\n<p>Anar m\u00fc\u0259llim bizim \u00f6t\u0259n ill\u0259rd\u0259 \u0130spaniyada ke\u00e7irdiyimiz konfranslarda da i\u015ftirak edib. M\u0259n ke\u00e7\u0259n il \u0130spaniyada konfransdan sonra Bak\u0131ya qay\u0131danda prezident c\u0259nablar\u0131 il\u0259 g\u00f6r\u00fc\u015f\u00fcm\u00fcz oldu v\u0259 m\u0259n orda s\u0259firimizin m\u00fcsb\u0259t f\u0259aliyy\u0259tini,\u00a0 g\u00f6rd\u00fcy\u00fc i\u015fl\u0259ri qeyd el\u0259dim. Prezident bundan m\u0259mnun qald\u0131. Biz Abel m\u00fc\u0259lliml\u0259 ill\u0259rl\u0259 dostuq, m\u00fcnasib\u0259timiz olub. Ona b\u00f6y\u00fck h\u00f6rm\u0259tim var. Uzun ill\u0259r \u0130lahiyyat fak\u00fclt\u0259sind\u0259 imtahan komissiyas\u0131n\u0131n s\u0259dri olmu\u015fam, universitetd\u0259 d\u0259rs demi\u015f\u0259m, professor\u00a0 olmu\u015fam, birg\u0259 t\u0259dbirl\u0259r ke\u00e7irmi\u015fik. O i\u015fd\u0259n azad edil\u0259nd\u0259 m\u0259n burda olmam\u0131\u015fam, qay\u0131dandan sonra telefon a\u00e7m\u0131\u015fam. Ancaq h\u0259l\u0259lik dan\u0131\u015fa bilm\u0259mi\u015fik, m\u00fcmk\u00fcnd\u00fcr ki, x\u0259b\u0259rsiz olub.<\/p>\n<p>O ki qald\u0131 Abel m\u00fc\u0259llimin rektorluqdan azad edilm\u0259sin\u0259, bu prezident c\u0259nablar\u0131n\u0131n m\u00fcst\u0259sna s\u0259lahiyy\u0259tidir. He\u00e7 kimin bu i\u015f\u0259 qar\u0131\u015fma\u011fa ixtiyar\u0131 yoxdur. Prezident kim\u0259 g\u00f6r\u0259s\u0259 kimis\u0259 i\u015fd\u0259n azad etmir. Bu g\u00fcn i\u015fd\u0259n azad edib, b\u0259lk\u0259 g\u0259l\u0259c\u0259kd\u0259 ba\u015fqa yerd\u0259 laz\u0131m olacaq? Bu i\u015f\u0259 Abel m\u00fc\u0259llimin o\u011flunu, qarda\u015flar\u0131n\u0131 qar\u0131\u015fd\u0131rmaq, m\u0259n el\u0259 bilir\u0259m ki, \u00e7ox b\u00f6y\u00fck haqs\u0131zl\u0131qd\u0131r\u201d.<\/p>\n<p>\u201c\u015e\u0259xsi m\u00fcnasib\u0259tl\u0259riniz nec\u0259dir? Bu t\u0259dbird\u0259n sonra Abel M\u0259h\u0259rr\u0259mov, ya da Siyavu\u015f Novruzovla aran\u0131zda soyuqluq yaranmay\u0131b?\u201d sual\u0131na \u015feyx bel\u0259 cavab verib: \u201cYox, he\u00e7 bir soyuqluqdan s\u00f6hb\u0259t ged\u0259 bilm\u0259z. M\u0259n onunla bu g\u00fcn d\u0259 dostam. M\u0259n onun o\u011fluna o\u011flum kimi bax\u0131ram, n\u0259v\u0259sin\u0259 n\u0259v\u0259m kimi. O da m\u0259n\u0259 qar\u015f\u0131 el\u0259dir. Bizim aram\u0131zda he\u00e7 bir problem yoxdur. Siyavu\u015fu da o\u011flumdan, qarda\u015f\u0131mdan ay\u0131rm\u0131ram. Vaxtil\u0259 onun nikah\u0131n\u0131 da m\u0259n k\u0259smi\u015f\u0259m. Bir b\u00f6y\u00fck, agsaqqal olaraq \u00f6z\u00fcm\u0259 h\u0259r zaman ondan yaln\u0131z ehtiram g\u00f6rm\u00fc\u015f\u0259m\u201d.<\/p>\n","protected":false},"excerpt":{"rendered":"<p>\u201cM\u0259n a\u00e7\u0131\u011f\u0131 bir \u015fey ba\u015f verdiyini g\u00f6rm\u0259mi\u015f\u0259m. B\u0259zi adamlar\u0131n da \u015eeyx\u00fclislam haqda d\u00fc\u015f\u00fcnc\u0259l\u0259ri q\u0259rib\u0259dir. M\u0259n bu c\u00fcr s\u0259f\u0259rl\u0259r olanda evd\u0259 haz\u0131rla\u015f\u0131ram, m\u0259lumat verirl\u0259r ki, t\u0259yyar\u0259 haz\u0131rd\u0131r, u\u00e7a bil\u0259rik. Ondan sonra m\u0259n d\u0259 g\u0259lir\u0259m, t\u0259yyar\u0259y\u0259 minib yola d\u00fc\u015f\u00fcr\u00fck. T\u0259yyar\u0259d\u0259 m\u0259nim v\u0259 dig\u0259r s\u0259f\u0259r i\u015ftirak\u00e7\u0131lar\u0131n\u0131n geyiml\u0259ri, \u015f\u0259xsi \u0259\u015fyalar\u0131 olan \u00e7antalar olur. Bir d\u0259 bizim hey\u0259td\u0259 olan \u00e7\u0259kili\u015f qrupunun avadanl\u0131qlar\u0131\u201d. ARANTV.AZ x\u0259b\u0259r verir ki, bunu \u201cYeni m\u00fcsavat\u201da Qafqaz M\u00fcs\u0259lmanlar\u0131 \u0130dar\u0259sinin s\u0259dri, \u015eeyx\u00fclislam Allah\u015f\u00fck\u00fcr Pa\u015fazad\u0259 Madrid s\u0259f\u0259ri zaman\u0131 Abel M\u0259h\u0259rr\u0259movla ba\u011fl\u0131 ba\u015f ver\u0259nl\u0259r\u0259 m\u00fcnasib\u0259t bildir\u0259rk\u0259n deyib. O, \u00fcmumiyy\u0259tl\u0259 ke\u00e7mi\u015f rektorla ba\u011fl\u0131 mediada yay\u0131lan x\u0259b\u0259rl\u0259ri&hellip;<\/p>\n","protected":false},"author":2,"featured_media":25012,"comment_status":"closed","ping_status":"closed","sticky":false,"template":"","format":"standard","meta":{"om_disable_all_campaigns":false,"_monsterinsights_skip_tracking":false,"_monsterinsights_sitenote_active":false,"_monsterinsights_sitenote_note":"","_monsterinsights_sitenote_category":0},"categories":[4],"tags":[],"aioseo_notices":[],"gutentor_comment":0,"rttpg_featured_image_url":{"full":["https:\/\/arantv.az\/wp-content\/uploads\/2018\/11\/seyxxxx.jpg",637,400,false],"landscape":["https:\/\/arantv.az\/wp-content\/uploads\/2018\/11\/seyxxxx.jpg",637,400,false],"portraits":["https:\/\/arantv.az\/wp-content\/uploads\/2018\/11\/seyxxxx.jpg",637,400,false],"thumbnail":["https:\/\/arantv.az\/wp-content\/uploads\/2018\/11\/seyxxxx-150x150.jpg",150,150,true],"medium":["https:\/\/arantv.az\/wp-content\/uploads\/2018\/11\/seyxxxx-300x188.jpg",300,188,true],"large":["https:\/\/arantv.az\/wp-content\/uploads\/2018\/11\/seyxxxx.jpg",637,400,false],"1536x1536":["https:\/\/arantv.az\/wp-content\/uploads\/2018\/11\/seyxxxx.jpg",637,400,false],"2048x2048":["https:\/\/arantv.az\/wp-content\/uploads\/2018\/11\/seyxxxx.jpg",637,400,false],"post-thumbnail":["https:\/\/arantv.az\/wp-content\/uploads\/2018\/11\/seyxxxx-240x172.jpg",240,172,true],"advps-thumb-one":["https:\/\/arantv.az\/wp-content\/uploads\/2018\/11\/seyxxxx.jpg",637,400,false]},"rttpg_author":{"display_name":"V\u00fcsal Rafiqo\u011flu","author_link":"https:\/\/arantv.az\/?author=2"},"rttpg_comment":0,"rttpg_category":"<a href=\"https:\/\/arantv.az\/?cat=4\" rel=\"category\">Siyas\u0259t<\/a>","rttpg_excerpt":"\u201cM\u0259n a\u00e7\u0131\u011f\u0131 bir \u015fey ba\u015f verdiyini g\u00f6rm\u0259mi\u015f\u0259m. B\u0259zi adamlar\u0131n da \u015eeyx\u00fclislam haqda d\u00fc\u015f\u00fcnc\u0259l\u0259ri q\u0259rib\u0259dir. M\u0259n bu c\u00fcr s\u0259f\u0259rl\u0259r olanda evd\u0259 haz\u0131rla\u015f\u0131ram, m\u0259lumat verirl\u0259r ki, t\u0259yyar\u0259 haz\u0131rd\u0131r, u\u00e7a bil\u0259rik. Ondan sonra m\u0259n d\u0259 g\u0259lir\u0259m, t\u0259yyar\u0259y\u0259 minib yola d\u00fc\u015f\u00fcr\u00fck. T\u0259yyar\u0259d\u0259 m\u0259nim v\u0259 dig\u0259r s\u0259f\u0259r i\u015ftirak\u00e7\u0131lar\u0131n\u0131n geyiml\u0259ri, \u015f\u0259xsi \u0259\u015fyalar\u0131 olan \u00e7antalar olur. Bir d\u0259 bizim hey\u0259td\u0259 olan \u00e7\u0259kili\u015f&hellip;","_links":{"self":[{"href":"https:\/\/arantv.az\/index.php?rest_route=\/wp\/v2\/posts\/25011"}],"collection":[{"href":"https:\/\/arantv.az\/index.php?rest_route=\/wp\/v2\/posts"}],"about":[{"href":"https:\/\/arantv.az\/index.php?rest_route=\/wp\/v2\/types\/post"}],"author":[{"embeddable":true,"href":"https:\/\/arantv.az\/index.php?rest_route=\/wp\/v2\/users\/2"}],"replies":[{"embeddable":true,"href":"https:\/\/arantv.az\/index.php?rest_route=%2Fwp%2Fv2%2Fcomments&post=25011"}],"version-history":[{"count":0,"href":"https:\/\/arantv.az\/index.php?rest_route=\/wp\/v2\/posts\/25011\/revisions"}],"wp:featuredmedia":[{"embeddable":true,"href":"https:\/\/arantv.az\/index.php?rest_route=\/wp\/v2\/media\/25012"}],"wp:attachment":[{"href":"https:\/\/arantv.az\/index.php?rest_route=%2Fwp%2Fv2%2Fmedia&parent=25011"}],"wp:term":[{"taxonomy":"category","embeddable":true,"href":"https:\/\/arantv.az\/index.php?rest_route=%2Fwp%2Fv2%2Fcategories&post=25011"},{"taxonomy":"post_tag","embeddable":true,"href":"https:\/\/arantv.az\/index.php?rest_route=%2Fwp%2Fv2%2Ftags&post=25011"}],"curies":[{"name":"wp","href":"https:\/\/api.w.org\/{rel}","templated":true}]}}