{"id":25021,"date":"2018-11-26T10:01:39","date_gmt":"2018-11-26T07:01:39","guid":{"rendered":"http:\/\/arantv.az\/?p=25021"},"modified":"2018-11-26T10:01:39","modified_gmt":"2018-11-26T07:01:39","slug":"az%c9%99rbaycanli-modelyer-isguzar-gec%c9%99d%c9%99-foto","status":"publish","type":"post","link":"https:\/\/arantv.az\/?p=25021","title":{"rendered":"Az\u0259rbaycanl\u0131 modelyer i\u015fg\u00fczar gec\u0259d\u0259 -FOTO"},"content":{"rendered":"<p>\u00d6z d\u0259st-x\u0259tti il\u0259 se\u00e7il\u0259n \u201cYES MODA EV\u0130\u201dnin r\u0259hb\u0259ri tan\u0131nm\u0131\u015f az\u0259rbaycanl\u0131 dizayneri v\u0259 modelyeri Yegan\u0259 Sad\u0131xovan\u0131n m\u00fckafatlar\u0131n\u0131n siyah\u0131s\u0131na biri d\u0259 \u0259lav\u0259 olunub. <strong>ARANTV.AZ<\/strong>-\u0131n m\u0259lumat\u0131na g\u00f6r\u0259, \u201cMercedes Benz\u201d\u0131n t\u0259\u015fkilat\u00e7\u0131l\u0131\u011f\u0131 il\u0259 ke\u00e7iril\u0259n gec\u0259d\u0259 dizayner-modelyer \u201c\u0130lin i\u015fg\u00fczar xan\u0131m\u0131\u201d se\u00e7ilib. Qeyd ed\u0259k ki, Y.Sad\u0131xova uzun ill\u0259rdir dizayner-modelyer kimi f\u0259aliyy\u0259t g\u00f6st\u0259rir. Bu, onun ald\u0131\u011f\u0131 ilk m\u00fckafat deyil. Dizayner-modelyer g\u00f6rd\u00fcy\u00fc i\u015fl\u0259r\u0259 g\u00f6r\u0259 d\u0259f\u0259l\u0259rl\u0259 m\u00fcxt\u0259lif nominasiyada m\u00fckafatlar al\u0131b.<\/p>\n<p><img loading=\"lazy\" class=\"alignnone size-medium wp-image-25022\" src=\"https:\/\/arantv.az\/wp-content\/uploads\/2018\/11\/47153694_509097196234874_3484840862297358336_n-300x200.jpg\" alt=\"\" width=\"300\" height=\"200\" \/><\/p>\n<p><img loading=\"lazy\" class=\"alignnone size-medium wp-image-25023\" src=\"https:\/\/arantv.az\/wp-content\/uploads\/2018\/11\/46883184_2332841710119656_3730234054977519616_n-300x200.jpg\" alt=\"\" width=\"300\" height=\"200\" \/><\/p>\n","protected":false},"excerpt":{"rendered":"<p>\u00d6z d\u0259st-x\u0259tti il\u0259 se\u00e7il\u0259n \u201cYES MODA EV\u0130\u201dnin r\u0259hb\u0259ri tan\u0131nm\u0131\u015f az\u0259rbaycanl\u0131 dizayneri v\u0259 modelyeri Yegan\u0259 Sad\u0131xovan\u0131n m\u00fckafatlar\u0131n\u0131n siyah\u0131s\u0131na biri d\u0259 \u0259lav\u0259 olunub. ARANTV.AZ-\u0131n m\u0259lumat\u0131na g\u00f6r\u0259, \u201cMercedes Benz\u201d\u0131n t\u0259\u015fkilat\u00e7\u0131l\u0131\u011f\u0131 il\u0259 ke\u00e7iril\u0259n gec\u0259d\u0259 dizayner-modelyer \u201c\u0130lin i\u015fg\u00fczar xan\u0131m\u0131\u201d se\u00e7ilib. Qeyd ed\u0259k ki, Y.Sad\u0131xova uzun ill\u0259rdir dizayner-modelyer kimi f\u0259aliyy\u0259t g\u00f6st\u0259rir. Bu, onun ald\u0131\u011f\u0131 ilk m\u00fckafat deyil. Dizayner-modelyer g\u00f6rd\u00fcy\u00fc i\u015fl\u0259r\u0259 g\u00f6r\u0259 d\u0259f\u0259l\u0259rl\u0259 m\u00fcxt\u0259lif nominasiyada m\u00fckafatlar al\u0131b.<\/p>\n","protected":false},"author":2,"featured_media":25022,"comment_status":"closed","ping_status":"closed","sticky":false,"template":"","format":"standard","meta":{"om_disable_all_campaigns":false,"_monsterinsights_skip_tracking":false,"_monsterinsights_sitenote_active":false,"_monsterinsights_sitenote_note":"","_monsterinsights_sitenote_category":0},"categories":[20],"tags":[],"aioseo_notices":[],"gutentor_comment":0,"rttpg_featured_image_url":{"full":["https:\/\/arantv.az\/wp-content\/uploads\/2018\/11\/47153694_509097196234874_3484840862297358336_n.jpg",960,640,false],"landscape":["https:\/\/arantv.az\/wp-content\/uploads\/2018\/11\/47153694_509097196234874_3484840862297358336_n.jpg",960,640,false],"portraits":["https:\/\/arantv.az\/wp-content\/uploads\/2018\/11\/47153694_509097196234874_3484840862297358336_n.jpg",960,640,false],"thumbnail":["https:\/\/arantv.az\/wp-content\/uploads\/2018\/11\/47153694_509097196234874_3484840862297358336_n-150x150.jpg",150,150,true],"medium":["https:\/\/arantv.az\/wp-content\/uploads\/2018\/11\/47153694_509097196234874_3484840862297358336_n-300x200.jpg",300,200,true],"large":["https:\/\/arantv.az\/wp-content\/uploads\/2018\/11\/47153694_509097196234874_3484840862297358336_n.jpg",640,427,false],"1536x1536":["https:\/\/arantv.az\/wp-content\/uploads\/2018\/11\/47153694_509097196234874_3484840862297358336_n.jpg",960,640,false],"2048x2048":["https:\/\/arantv.az\/wp-content\/uploads\/2018\/11\/47153694_509097196234874_3484840862297358336_n.jpg",960,640,false],"post-thumbnail":["https:\/\/arantv.az\/wp-content\/uploads\/2018\/11\/47153694_509097196234874_3484840862297358336_n-240x172.jpg",240,172,true],"advps-thumb-one":["https:\/\/arantv.az\/wp-content\/uploads\/2018\/11\/47153694_509097196234874_3484840862297358336_n-960x620.jpg",960,620,true]},"rttpg_author":{"display_name":"V\u00fcsal Rafiqo\u011flu","author_link":"https:\/\/arantv.az\/?author=2"},"rttpg_comment":0,"rttpg_category":"<a href=\"https:\/\/arantv.az\/?cat=20\" rel=\"category\">\u015eou biznes<\/a>","rttpg_excerpt":"\u00d6z d\u0259st-x\u0259tti il\u0259 se\u00e7il\u0259n \u201cYES MODA EV\u0130\u201dnin r\u0259hb\u0259ri tan\u0131nm\u0131\u015f az\u0259rbaycanl\u0131 dizayneri v\u0259 modelyeri Yegan\u0259 Sad\u0131xovan\u0131n m\u00fckafatlar\u0131n\u0131n siyah\u0131s\u0131na biri d\u0259 \u0259lav\u0259 olunub. ARANTV.AZ-\u0131n m\u0259lumat\u0131na g\u00f6r\u0259, \u201cMercedes Benz\u201d\u0131n t\u0259\u015fkilat\u00e7\u0131l\u0131\u011f\u0131 il\u0259 ke\u00e7iril\u0259n gec\u0259d\u0259 dizayner-modelyer \u201c\u0130lin i\u015fg\u00fczar xan\u0131m\u0131\u201d se\u00e7ilib. Qeyd ed\u0259k ki, Y.Sad\u0131xova uzun ill\u0259rdir dizayner-modelyer kimi f\u0259aliyy\u0259t g\u00f6st\u0259rir. Bu, onun ald\u0131\u011f\u0131 ilk m\u00fckafat deyil. Dizayner-modelyer g\u00f6rd\u00fcy\u00fc i\u015fl\u0259r\u0259 g\u00f6r\u0259&hellip;","_links":{"self":[{"href":"https:\/\/arantv.az\/index.php?rest_route=\/wp\/v2\/posts\/25021"}],"collection":[{"href":"https:\/\/arantv.az\/index.php?rest_route=\/wp\/v2\/posts"}],"about":[{"href":"https:\/\/arantv.az\/index.php?rest_route=\/wp\/v2\/types\/post"}],"author":[{"embeddable":true,"href":"https:\/\/arantv.az\/index.php?rest_route=\/wp\/v2\/users\/2"}],"replies":[{"embeddable":true,"href":"https:\/\/arantv.az\/index.php?rest_route=%2Fwp%2Fv2%2Fcomments&post=25021"}],"version-history":[{"count":0,"href":"https:\/\/arantv.az\/index.php?rest_route=\/wp\/v2\/posts\/25021\/revisions"}],"wp:featuredmedia":[{"embeddable":true,"href":"https:\/\/arantv.az\/index.php?rest_route=\/wp\/v2\/media\/25022"}],"wp:attachment":[{"href":"https:\/\/arantv.az\/index.php?rest_route=%2Fwp%2Fv2%2Fmedia&parent=25021"}],"wp:term":[{"taxonomy":"category","embeddable":true,"href":"https:\/\/arantv.az\/index.php?rest_route=%2Fwp%2Fv2%2Fcategories&post=25021"},{"taxonomy":"post_tag","embeddable":true,"href":"https:\/\/arantv.az\/index.php?rest_route=%2Fwp%2Fv2%2Ftags&post=25021"}],"curies":[{"name":"wp","href":"https:\/\/api.w.org\/{rel}","templated":true}]}}