{"id":25026,"date":"2018-11-26T10:34:08","date_gmt":"2018-11-26T07:34:08","guid":{"rendered":"http:\/\/arantv.az\/?p=25026"},"modified":"2018-11-26T10:34:08","modified_gmt":"2018-11-26T07:34:08","slug":"s%c9%99f%c9%99r-%c9%99biyevin-prokuror-oglu-v%c9%99zif%c9%99sind%c9%99n-azad-edilib","status":"publish","type":"post","link":"https:\/\/arantv.az\/?p=25026","title":{"rendered":"S\u0259f\u0259r \u018fbiyevin prokuror o\u011flu v\u0259zif\u0259sind\u0259n azad edilib"},"content":{"rendered":"<p>Az\u0259rbaycan\u0131n sabiq m\u00fcdafi\u0259 nazirinin o\u011flu i\u015fd\u0259n \u00e7\u0131xar\u0131l\u0131b.<\/p>\n<p><strong>ARANTV.AZ<\/strong>-\u0131n Report-a istinad\u0259n m\u0259lumat\u0131na g\u00f6r\u0259, bu bar\u0259d\u0259 Ba\u015f prokuror\u00a0<strong>Zakir Qaralov<\/strong>\u00a0m\u00fcvafiq \u0259mr imzalay\u0131b.<\/p>\n<p>\u018fmr\u0259 \u0259sas\u0259n, Bak\u0131n\u0131n X\u0259z\u0259r rayon prokurorunun k\u00f6m\u0259k\u00e7isi v\u0259zif\u0259sind\u0259 \u00e7al\u0131\u015fan\u00a0<strong>Roman \u018fbiyev\u00a0<\/strong>\u00f6z xahi\u015fi il\u0259 tutdu\u011fu v\u0259zif\u0259d\u0259n azad edilib.<\/p>\n<p>Qeyd ed\u0259k ki, R.\u018fbiyev Az\u0259rbaycan\u0131n sabiq m\u00fcdafi\u0259 naziri\u00a0<strong>S\u0259f\u0259r \u018fbiyev<\/strong>in o\u011fludur.<\/p>\n","protected":false},"excerpt":{"rendered":"<p>Az\u0259rbaycan\u0131n sabiq m\u00fcdafi\u0259 nazirinin o\u011flu i\u015fd\u0259n \u00e7\u0131xar\u0131l\u0131b. ARANTV.AZ-\u0131n Report-a istinad\u0259n m\u0259lumat\u0131na g\u00f6r\u0259, bu bar\u0259d\u0259 Ba\u015f prokuror\u00a0Zakir Qaralov\u00a0m\u00fcvafiq \u0259mr imzalay\u0131b. \u018fmr\u0259 \u0259sas\u0259n, Bak\u0131n\u0131n X\u0259z\u0259r rayon prokurorunun k\u00f6m\u0259k\u00e7isi v\u0259zif\u0259sind\u0259 \u00e7al\u0131\u015fan\u00a0Roman \u018fbiyev\u00a0\u00f6z xahi\u015fi il\u0259 tutdu\u011fu v\u0259zif\u0259d\u0259n azad edilib. Qeyd ed\u0259k ki, R.\u018fbiyev Az\u0259rbaycan\u0131n sabiq m\u00fcdafi\u0259 naziri\u00a0S\u0259f\u0259r \u018fbiyevin o\u011fludur.<\/p>\n","protected":false},"author":2,"featured_media":25027,"comment_status":"closed","ping_status":"closed","sticky":false,"template":"","format":"standard","meta":{"om_disable_all_campaigns":false,"_monsterinsights_skip_tracking":false,"_monsterinsights_sitenote_active":false,"_monsterinsights_sitenote_note":"","_monsterinsights_sitenote_category":0},"categories":[4],"tags":[],"aioseo_notices":[],"gutentor_comment":0,"rttpg_featured_image_url":{"full":["https:\/\/arantv.az\/wp-content\/uploads\/2018\/11\/b49d4fd5-4cd9-4d4e-8838-53f98bbd833c.jpg",620,465,false],"landscape":["https:\/\/arantv.az\/wp-content\/uploads\/2018\/11\/b49d4fd5-4cd9-4d4e-8838-53f98bbd833c.jpg",620,465,false],"portraits":["https:\/\/arantv.az\/wp-content\/uploads\/2018\/11\/b49d4fd5-4cd9-4d4e-8838-53f98bbd833c.jpg",620,465,false],"thumbnail":["https:\/\/arantv.az\/wp-content\/uploads\/2018\/11\/b49d4fd5-4cd9-4d4e-8838-53f98bbd833c-150x150.jpg",150,150,true],"medium":["https:\/\/arantv.az\/wp-content\/uploads\/2018\/11\/b49d4fd5-4cd9-4d4e-8838-53f98bbd833c-300x225.jpg",300,225,true],"large":["https:\/\/arantv.az\/wp-content\/uploads\/2018\/11\/b49d4fd5-4cd9-4d4e-8838-53f98bbd833c.jpg",620,465,false],"1536x1536":["https:\/\/arantv.az\/wp-content\/uploads\/2018\/11\/b49d4fd5-4cd9-4d4e-8838-53f98bbd833c.jpg",620,465,false],"2048x2048":["https:\/\/arantv.az\/wp-content\/uploads\/2018\/11\/b49d4fd5-4cd9-4d4e-8838-53f98bbd833c.jpg",620,465,false],"post-thumbnail":["https:\/\/arantv.az\/wp-content\/uploads\/2018\/11\/b49d4fd5-4cd9-4d4e-8838-53f98bbd833c-240x172.jpg",240,172,true],"advps-thumb-one":["https:\/\/arantv.az\/wp-content\/uploads\/2018\/11\/b49d4fd5-4cd9-4d4e-8838-53f98bbd833c.jpg",620,465,false]},"rttpg_author":{"display_name":"V\u00fcsal Rafiqo\u011flu","author_link":"https:\/\/arantv.az\/?author=2"},"rttpg_comment":0,"rttpg_category":"<a href=\"https:\/\/arantv.az\/?cat=4\" rel=\"category\">Siyas\u0259t<\/a>","rttpg_excerpt":"Az\u0259rbaycan\u0131n sabiq m\u00fcdafi\u0259 nazirinin o\u011flu i\u015fd\u0259n \u00e7\u0131xar\u0131l\u0131b. ARANTV.AZ-\u0131n Report-a istinad\u0259n m\u0259lumat\u0131na g\u00f6r\u0259, bu bar\u0259d\u0259 Ba\u015f prokuror\u00a0Zakir Qaralov\u00a0m\u00fcvafiq \u0259mr imzalay\u0131b. \u018fmr\u0259 \u0259sas\u0259n, Bak\u0131n\u0131n X\u0259z\u0259r rayon prokurorunun k\u00f6m\u0259k\u00e7isi v\u0259zif\u0259sind\u0259 \u00e7al\u0131\u015fan\u00a0Roman \u018fbiyev\u00a0\u00f6z xahi\u015fi il\u0259 tutdu\u011fu v\u0259zif\u0259d\u0259n azad edilib. Qeyd ed\u0259k ki, R.\u018fbiyev Az\u0259rbaycan\u0131n sabiq m\u00fcdafi\u0259 naziri\u00a0S\u0259f\u0259r \u018fbiyevin o\u011fludur.","_links":{"self":[{"href":"https:\/\/arantv.az\/index.php?rest_route=\/wp\/v2\/posts\/25026"}],"collection":[{"href":"https:\/\/arantv.az\/index.php?rest_route=\/wp\/v2\/posts"}],"about":[{"href":"https:\/\/arantv.az\/index.php?rest_route=\/wp\/v2\/types\/post"}],"author":[{"embeddable":true,"href":"https:\/\/arantv.az\/index.php?rest_route=\/wp\/v2\/users\/2"}],"replies":[{"embeddable":true,"href":"https:\/\/arantv.az\/index.php?rest_route=%2Fwp%2Fv2%2Fcomments&post=25026"}],"version-history":[{"count":0,"href":"https:\/\/arantv.az\/index.php?rest_route=\/wp\/v2\/posts\/25026\/revisions"}],"wp:featuredmedia":[{"embeddable":true,"href":"https:\/\/arantv.az\/index.php?rest_route=\/wp\/v2\/media\/25027"}],"wp:attachment":[{"href":"https:\/\/arantv.az\/index.php?rest_route=%2Fwp%2Fv2%2Fmedia&parent=25026"}],"wp:term":[{"taxonomy":"category","embeddable":true,"href":"https:\/\/arantv.az\/index.php?rest_route=%2Fwp%2Fv2%2Fcategories&post=25026"},{"taxonomy":"post_tag","embeddable":true,"href":"https:\/\/arantv.az\/index.php?rest_route=%2Fwp%2Fv2%2Ftags&post=25026"}],"curies":[{"name":"wp","href":"https:\/\/api.w.org\/{rel}","templated":true}]}}