{"id":25035,"date":"2018-11-26T10:38:39","date_gmt":"2018-11-26T07:38:39","guid":{"rendered":"http:\/\/arantv.az\/?p=25035"},"modified":"2018-11-26T10:38:39","modified_gmt":"2018-11-26T07:38:39","slug":"ozunum%c9%99sgulluq-proqraminin-icrasi-davam-edir","status":"publish","type":"post","link":"https:\/\/arantv.az\/?p=25035","title":{"rendered":"\u00d6z\u00fcn\u00fcm\u0259\u015f\u011fulluq proqram\u0131n\u0131n icras\u0131 davam edir"},"content":{"rendered":"<p><strong>ARANTV.AZ<\/strong> x\u0259b\u0259r verir ki, Prezident \u0130lham \u018fliyevin m\u00fcvafiq S\u0259r\u0259ncam\u0131n\u0131n icras\u0131na uy\u011fun olaraq, \u00f6z\u00fcn\u00fcm\u0259\u015f\u011fulluq proqram\u0131 \u00e7\u0259r\u00e7iv\u0259sind\u0259 i\u015fsiz v\u0259 i\u015faxtaran \u015f\u0259xsl\u0259rin ail\u0259 t\u0259s\u0259rr\u00fcfatlar\u0131n\u0131 yaratmalar\u0131 \u00fc\u00e7\u00fcn aktivl\u0259rl\u0259\u00a0t\u0259minat\u0131 i\u015fl\u0259ri davam etdirilir. Ayr\u0131lan d\u00f6vl\u0259t v\u0259saiti hesab\u0131na h\u0259yata ke\u00e7iril\u0259n \u00f6z\u00fcn\u00fcm\u0259\u015f\u011fulluq t\u0259dbirl\u0259ri \u00fczr\u0259 indiy\u0259d\u0259k 1273 insan\u0131n f\u0259rdi ail\u0259 t\u0259s\u0259rr\u00fcfatlar\u0131n\u0131 qurmalar\u0131 \u00fc\u00e7\u00fcn mal v\u0259 material formas\u0131nda d\u0259st\u0259kl\u0259nm\u0259si t\u0259min edilib. \u0130\u015fsiz v\u0259 i\u015faxtaran \u015f\u0259xsl\u0259r verilmi\u015f aktivl\u0259rl\u0259 ki\u00e7ik ail\u0259 t\u0259s\u0259rr\u00fcfatlar\u0131n\u0131 yarad\u0131blar. Bu il is\u0259 proqrama\u00a0c\u0259lb olunanlar\u0131n say\u0131\u00a07262 n\u0259f\u0259rdir. \u0130lin sonunad\u0259k bu ail\u0259l\u0259rin \u0259ks\u0259riyy\u0259ti aktivl\u0259rl\u0259 t\u0259min olunacaq. G\u0259l\u0259n is\u0259 n\u0259z\u0259rd\u0259 tutulan v\u0259sait hesab\u0131na daha 8 min ail\u0259nin bu proqrama c\u0259lb edilm\u0259si n\u0259z\u0259rd\u0259 tutulub.<strong>\u00a0<\/strong><\/p>\n<p>&nbsp;<\/p>\n","protected":false},"excerpt":{"rendered":"<p>ARANTV.AZ x\u0259b\u0259r verir ki, Prezident \u0130lham \u018fliyevin m\u00fcvafiq S\u0259r\u0259ncam\u0131n\u0131n icras\u0131na uy\u011fun olaraq, \u00f6z\u00fcn\u00fcm\u0259\u015f\u011fulluq proqram\u0131 \u00e7\u0259r\u00e7iv\u0259sind\u0259 i\u015fsiz v\u0259 i\u015faxtaran \u015f\u0259xsl\u0259rin ail\u0259 t\u0259s\u0259rr\u00fcfatlar\u0131n\u0131 yaratmalar\u0131 \u00fc\u00e7\u00fcn aktivl\u0259rl\u0259\u00a0t\u0259minat\u0131 i\u015fl\u0259ri davam etdirilir. Ayr\u0131lan d\u00f6vl\u0259t v\u0259saiti hesab\u0131na h\u0259yata ke\u00e7iril\u0259n \u00f6z\u00fcn\u00fcm\u0259\u015f\u011fulluq t\u0259dbirl\u0259ri \u00fczr\u0259 indiy\u0259d\u0259k 1273 insan\u0131n f\u0259rdi ail\u0259 t\u0259s\u0259rr\u00fcfatlar\u0131n\u0131 qurmalar\u0131 \u00fc\u00e7\u00fcn mal v\u0259 material formas\u0131nda d\u0259st\u0259kl\u0259nm\u0259si t\u0259min edilib. \u0130\u015fsiz v\u0259 i\u015faxtaran \u015f\u0259xsl\u0259r verilmi\u015f aktivl\u0259rl\u0259 ki\u00e7ik ail\u0259 t\u0259s\u0259rr\u00fcfatlar\u0131n\u0131 yarad\u0131blar. Bu il is\u0259 proqrama\u00a0c\u0259lb olunanlar\u0131n say\u0131\u00a07262 n\u0259f\u0259rdir. \u0130lin sonunad\u0259k bu ail\u0259l\u0259rin \u0259ks\u0259riyy\u0259ti aktivl\u0259rl\u0259 t\u0259min olunacaq. G\u0259l\u0259n is\u0259 n\u0259z\u0259rd\u0259 tutulan v\u0259sait hesab\u0131na daha 8 min ail\u0259nin bu proqrama c\u0259lb edilm\u0259si&hellip;<\/p>\n","protected":false},"author":2,"featured_media":25036,"comment_status":"closed","ping_status":"closed","sticky":false,"template":"","format":"standard","meta":{"om_disable_all_campaigns":false,"_monsterinsights_skip_tracking":false,"_monsterinsights_sitenote_active":false,"_monsterinsights_sitenote_note":"","_monsterinsights_sitenote_category":0},"categories":[1],"tags":[],"aioseo_notices":[],"gutentor_comment":0,"rttpg_featured_image_url":{"full":["https:\/\/arantv.az\/wp-content\/uploads\/2018\/11\/fnsee7aegadn37ikp2j5ravp14mes.jpg",1000,503,false],"landscape":["https:\/\/arantv.az\/wp-content\/uploads\/2018\/11\/fnsee7aegadn37ikp2j5ravp14mes.jpg",1000,503,false],"portraits":["https:\/\/arantv.az\/wp-content\/uploads\/2018\/11\/fnsee7aegadn37ikp2j5ravp14mes.jpg",1000,503,false],"thumbnail":["https:\/\/arantv.az\/wp-content\/uploads\/2018\/11\/fnsee7aegadn37ikp2j5ravp14mes-150x150.jpg",150,150,true],"medium":["https:\/\/arantv.az\/wp-content\/uploads\/2018\/11\/fnsee7aegadn37ikp2j5ravp14mes-300x151.jpg",300,151,true],"large":["https:\/\/arantv.az\/wp-content\/uploads\/2018\/11\/fnsee7aegadn37ikp2j5ravp14mes.jpg",640,322,false],"1536x1536":["https:\/\/arantv.az\/wp-content\/uploads\/2018\/11\/fnsee7aegadn37ikp2j5ravp14mes.jpg",1000,503,false],"2048x2048":["https:\/\/arantv.az\/wp-content\/uploads\/2018\/11\/fnsee7aegadn37ikp2j5ravp14mes.jpg",1000,503,false],"post-thumbnail":["https:\/\/arantv.az\/wp-content\/uploads\/2018\/11\/fnsee7aegadn37ikp2j5ravp14mes-240x172.jpg",240,172,true],"advps-thumb-one":["https:\/\/arantv.az\/wp-content\/uploads\/2018\/11\/fnsee7aegadn37ikp2j5ravp14mes.jpg",1000,503,false]},"rttpg_author":{"display_name":"V\u00fcsal Rafiqo\u011flu","author_link":"https:\/\/arantv.az\/?author=2"},"rttpg_comment":0,"rttpg_category":"<a href=\"https:\/\/arantv.az\/?cat=1\" rel=\"category\">C\u0259miyy\u0259t<\/a>","rttpg_excerpt":"ARANTV.AZ x\u0259b\u0259r verir ki, Prezident \u0130lham \u018fliyevin m\u00fcvafiq S\u0259r\u0259ncam\u0131n\u0131n icras\u0131na uy\u011fun olaraq, \u00f6z\u00fcn\u00fcm\u0259\u015f\u011fulluq proqram\u0131 \u00e7\u0259r\u00e7iv\u0259sind\u0259 i\u015fsiz v\u0259 i\u015faxtaran \u015f\u0259xsl\u0259rin ail\u0259 t\u0259s\u0259rr\u00fcfatlar\u0131n\u0131 yaratmalar\u0131 \u00fc\u00e7\u00fcn aktivl\u0259rl\u0259\u00a0t\u0259minat\u0131 i\u015fl\u0259ri davam etdirilir. Ayr\u0131lan d\u00f6vl\u0259t v\u0259saiti hesab\u0131na h\u0259yata ke\u00e7iril\u0259n \u00f6z\u00fcn\u00fcm\u0259\u015f\u011fulluq t\u0259dbirl\u0259ri \u00fczr\u0259 indiy\u0259d\u0259k 1273 insan\u0131n f\u0259rdi ail\u0259 t\u0259s\u0259rr\u00fcfatlar\u0131n\u0131 qurmalar\u0131 \u00fc\u00e7\u00fcn mal v\u0259 material formas\u0131nda d\u0259st\u0259kl\u0259nm\u0259si t\u0259min edilib. \u0130\u015fsiz v\u0259 i\u015faxtaran \u015f\u0259xsl\u0259r&hellip;","_links":{"self":[{"href":"https:\/\/arantv.az\/index.php?rest_route=\/wp\/v2\/posts\/25035"}],"collection":[{"href":"https:\/\/arantv.az\/index.php?rest_route=\/wp\/v2\/posts"}],"about":[{"href":"https:\/\/arantv.az\/index.php?rest_route=\/wp\/v2\/types\/post"}],"author":[{"embeddable":true,"href":"https:\/\/arantv.az\/index.php?rest_route=\/wp\/v2\/users\/2"}],"replies":[{"embeddable":true,"href":"https:\/\/arantv.az\/index.php?rest_route=%2Fwp%2Fv2%2Fcomments&post=25035"}],"version-history":[{"count":0,"href":"https:\/\/arantv.az\/index.php?rest_route=\/wp\/v2\/posts\/25035\/revisions"}],"wp:featuredmedia":[{"embeddable":true,"href":"https:\/\/arantv.az\/index.php?rest_route=\/wp\/v2\/media\/25036"}],"wp:attachment":[{"href":"https:\/\/arantv.az\/index.php?rest_route=%2Fwp%2Fv2%2Fmedia&parent=25035"}],"wp:term":[{"taxonomy":"category","embeddable":true,"href":"https:\/\/arantv.az\/index.php?rest_route=%2Fwp%2Fv2%2Fcategories&post=25035"},{"taxonomy":"post_tag","embeddable":true,"href":"https:\/\/arantv.az\/index.php?rest_route=%2Fwp%2Fv2%2Ftags&post=25035"}],"curies":[{"name":"wp","href":"https:\/\/api.w.org\/{rel}","templated":true}]}}