{"id":25038,"date":"2018-11-26T10:39:29","date_gmt":"2018-11-26T07:39:29","guid":{"rendered":"http:\/\/arantv.az\/?p=25038"},"modified":"2018-11-26T10:39:29","modified_gmt":"2018-11-26T07:39:29","slug":"26-noyabr-umumdunya-informasiya-gunu-kimi-qeyd-edilir","status":"publish","type":"post","link":"https:\/\/arantv.az\/?p=25038","title":{"rendered":"26 noyabr \u00dcmumd\u00fcnya \u0130nformasiya G\u00fcn\u00fc kimi qeyd edilir"},"content":{"rendered":"<p><strong>ARANTV.AZ<\/strong> x\u0259b\u0259r verir ki, bu g\u00fcn \u00dcmumd\u00fcnya \u0130nformasiya G\u00fcn\u00fcd\u00fcr. BMT-nin Beyn\u0259lxalq \u0130nfomasiyala\u015fd\u0131rma Akademiyas\u0131n\u0131n t\u0259\u015f\u0259bb\u00fcs\u00fc il\u0259 qeyd olunan bu g\u00fcn \u0130nformasiya Kommunikasiya Texnologiyalar\u0131 sah\u0259sind\u0259 \u00e7al\u0131\u015fanlar\u0131n pe\u015f\u0259 bayram\u0131d\u0131r.\u00a0 B\u0259\u015f\u0259r tarixind\u0259 informasiya h\u0259mi\u015f\u0259 m\u00fch\u00fcm \u0259h\u0259miyy\u0259t k\u0259sb edib. Qloballa\u015fan d\u00fcnyada informasiyan\u0131n mahiyy\u0259ti v\u0259 m\u00fcasir sivilizasiyan\u0131n inki\u015faf\u0131nda rolu, informasiya c\u0259miyy\u0259tinin formala\u015fmas\u0131 m\u00fch\u00fcm m\u0259s\u0259l\u0259l\u0259rd\u0259n biridir. Qeyd ed\u0259k ki, 1-ci Beyn\u0259lxalq \u0130nformasiyala\u015fd\u0131rma Forumu 1992-ci il noyabr\u0131n 26-da ke\u00e7irilib. T\u0259dbird\u0259 \u0259n\u0259n\u0259vi olaraq h\u0259r il 26 noyabr tarixind\u0259 \u00dcmumd\u00fcnya \u0130nformasiya G\u00fcn\u00fcn\u00fcn qeyd olunmas\u0131na dair q\u0259rar q\u0259bul olunub. Bu \u0259lam\u0259tdar g\u00fcn r\u0259smi olaraq 1994-c\u00fc ild\u0259 UNESCO t\u0259r\u0259find\u0259n qeydiyyata al\u0131n\u0131b.<\/p>\n","protected":false},"excerpt":{"rendered":"<p>ARANTV.AZ x\u0259b\u0259r verir ki, bu g\u00fcn \u00dcmumd\u00fcnya \u0130nformasiya G\u00fcn\u00fcd\u00fcr. BMT-nin Beyn\u0259lxalq \u0130nfomasiyala\u015fd\u0131rma Akademiyas\u0131n\u0131n t\u0259\u015f\u0259bb\u00fcs\u00fc il\u0259 qeyd olunan bu g\u00fcn \u0130nformasiya Kommunikasiya Texnologiyalar\u0131 sah\u0259sind\u0259 \u00e7al\u0131\u015fanlar\u0131n pe\u015f\u0259 bayram\u0131d\u0131r.\u00a0 B\u0259\u015f\u0259r tarixind\u0259 informasiya h\u0259mi\u015f\u0259 m\u00fch\u00fcm \u0259h\u0259miyy\u0259t k\u0259sb edib. Qloballa\u015fan d\u00fcnyada informasiyan\u0131n mahiyy\u0259ti v\u0259 m\u00fcasir sivilizasiyan\u0131n inki\u015faf\u0131nda rolu, informasiya c\u0259miyy\u0259tinin formala\u015fmas\u0131 m\u00fch\u00fcm m\u0259s\u0259l\u0259l\u0259rd\u0259n biridir. Qeyd ed\u0259k ki, 1-ci Beyn\u0259lxalq \u0130nformasiyala\u015fd\u0131rma Forumu 1992-ci il noyabr\u0131n 26-da ke\u00e7irilib. T\u0259dbird\u0259 \u0259n\u0259n\u0259vi olaraq h\u0259r il 26 noyabr tarixind\u0259 \u00dcmumd\u00fcnya \u0130nformasiya G\u00fcn\u00fcn\u00fcn qeyd olunmas\u0131na dair q\u0259rar q\u0259bul olunub. Bu \u0259lam\u0259tdar g\u00fcn r\u0259smi olaraq 1994-c\u00fc ild\u0259 UNESCO t\u0259r\u0259find\u0259n qeydiyyata al\u0131n\u0131b.<\/p>\n","protected":false},"author":2,"featured_media":25039,"comment_status":"closed","ping_status":"closed","sticky":false,"template":"","format":"standard","meta":{"om_disable_all_campaigns":false,"_monsterinsights_skip_tracking":false,"_monsterinsights_sitenote_active":false,"_monsterinsights_sitenote_note":"","_monsterinsights_sitenote_category":0},"categories":[1],"tags":[],"aioseo_notices":[],"gutentor_comment":0,"rttpg_featured_image_url":{"full":["https:\/\/arantv.az\/wp-content\/uploads\/2018\/11\/fnsee7aegadn37ikp2j5ravp14inf.jpg",945,669,false],"landscape":["https:\/\/arantv.az\/wp-content\/uploads\/2018\/11\/fnsee7aegadn37ikp2j5ravp14inf.jpg",945,669,false],"portraits":["https:\/\/arantv.az\/wp-content\/uploads\/2018\/11\/fnsee7aegadn37ikp2j5ravp14inf.jpg",945,669,false],"thumbnail":["https:\/\/arantv.az\/wp-content\/uploads\/2018\/11\/fnsee7aegadn37ikp2j5ravp14inf-150x150.jpg",150,150,true],"medium":["https:\/\/arantv.az\/wp-content\/uploads\/2018\/11\/fnsee7aegadn37ikp2j5ravp14inf-300x212.jpg",300,212,true],"large":["https:\/\/arantv.az\/wp-content\/uploads\/2018\/11\/fnsee7aegadn37ikp2j5ravp14inf.jpg",640,453,false],"1536x1536":["https:\/\/arantv.az\/wp-content\/uploads\/2018\/11\/fnsee7aegadn37ikp2j5ravp14inf.jpg",945,669,false],"2048x2048":["https:\/\/arantv.az\/wp-content\/uploads\/2018\/11\/fnsee7aegadn37ikp2j5ravp14inf.jpg",945,669,false],"post-thumbnail":["https:\/\/arantv.az\/wp-content\/uploads\/2018\/11\/fnsee7aegadn37ikp2j5ravp14inf-240x172.jpg",240,172,true],"advps-thumb-one":["https:\/\/arantv.az\/wp-content\/uploads\/2018\/11\/fnsee7aegadn37ikp2j5ravp14inf-945x620.jpg",945,620,true]},"rttpg_author":{"display_name":"V\u00fcsal Rafiqo\u011flu","author_link":"https:\/\/arantv.az\/?author=2"},"rttpg_comment":0,"rttpg_category":"<a href=\"https:\/\/arantv.az\/?cat=1\" rel=\"category\">C\u0259miyy\u0259t<\/a>","rttpg_excerpt":"ARANTV.AZ x\u0259b\u0259r verir ki, bu g\u00fcn \u00dcmumd\u00fcnya \u0130nformasiya G\u00fcn\u00fcd\u00fcr. BMT-nin Beyn\u0259lxalq \u0130nfomasiyala\u015fd\u0131rma Akademiyas\u0131n\u0131n t\u0259\u015f\u0259bb\u00fcs\u00fc il\u0259 qeyd olunan bu g\u00fcn \u0130nformasiya Kommunikasiya Texnologiyalar\u0131 sah\u0259sind\u0259 \u00e7al\u0131\u015fanlar\u0131n pe\u015f\u0259 bayram\u0131d\u0131r.\u00a0 B\u0259\u015f\u0259r tarixind\u0259 informasiya h\u0259mi\u015f\u0259 m\u00fch\u00fcm \u0259h\u0259miyy\u0259t k\u0259sb edib. Qloballa\u015fan d\u00fcnyada informasiyan\u0131n mahiyy\u0259ti v\u0259 m\u00fcasir sivilizasiyan\u0131n inki\u015faf\u0131nda rolu, informasiya c\u0259miyy\u0259tinin formala\u015fmas\u0131 m\u00fch\u00fcm m\u0259s\u0259l\u0259l\u0259rd\u0259n biridir. Qeyd ed\u0259k ki, 1-ci Beyn\u0259lxalq \u0130nformasiyala\u015fd\u0131rma&hellip;","_links":{"self":[{"href":"https:\/\/arantv.az\/index.php?rest_route=\/wp\/v2\/posts\/25038"}],"collection":[{"href":"https:\/\/arantv.az\/index.php?rest_route=\/wp\/v2\/posts"}],"about":[{"href":"https:\/\/arantv.az\/index.php?rest_route=\/wp\/v2\/types\/post"}],"author":[{"embeddable":true,"href":"https:\/\/arantv.az\/index.php?rest_route=\/wp\/v2\/users\/2"}],"replies":[{"embeddable":true,"href":"https:\/\/arantv.az\/index.php?rest_route=%2Fwp%2Fv2%2Fcomments&post=25038"}],"version-history":[{"count":0,"href":"https:\/\/arantv.az\/index.php?rest_route=\/wp\/v2\/posts\/25038\/revisions"}],"wp:featuredmedia":[{"embeddable":true,"href":"https:\/\/arantv.az\/index.php?rest_route=\/wp\/v2\/media\/25039"}],"wp:attachment":[{"href":"https:\/\/arantv.az\/index.php?rest_route=%2Fwp%2Fv2%2Fmedia&parent=25038"}],"wp:term":[{"taxonomy":"category","embeddable":true,"href":"https:\/\/arantv.az\/index.php?rest_route=%2Fwp%2Fv2%2Fcategories&post=25038"},{"taxonomy":"post_tag","embeddable":true,"href":"https:\/\/arantv.az\/index.php?rest_route=%2Fwp%2Fv2%2Ftags&post=25038"}],"curies":[{"name":"wp","href":"https:\/\/api.w.org\/{rel}","templated":true}]}}