{"id":25044,"date":"2018-11-26T10:47:44","date_gmt":"2018-11-26T07:47:44","guid":{"rendered":"http:\/\/arantv.az\/?p=25044"},"modified":"2018-11-26T10:47:44","modified_gmt":"2018-11-26T07:47:44","slug":"az%c9%99rbaycan-qarabag-atlari-ixrac-ed%c9%99-bil%c9%99r","status":"publish","type":"post","link":"https:\/\/arantv.az\/?p=25044","title":{"rendered":"Az\u0259rbaycan Qaraba\u011f atlar\u0131 ixrac ed\u0259 bil\u0259r"},"content":{"rendered":"<p>Bu il noyabr\u0131n 5-d\u0259 a\u00e7\u0131l\u0131\u015f\u0131 olmu\u015f Qaraba\u011f At\u00e7\u0131l\u0131q Kompleksinin hesab\u0131na Az\u0259rbaycan Qaraba\u011f atlar\u0131 ixrac ed\u0259 bil\u0259r.<\/p>\n<p><b>ARANTV.AZ<\/b>\u00a0report-a istinad\u0259n x\u0259b\u0259r verir ki, bu bar\u0259d\u0259 k\u0259nd t\u0259s\u0259rr\u00fcfat\u0131 nazirinin m\u00fcavini \u0130lham Quliyev bildirib.<\/p>\n<p>&#8220;H\u0259min kompleksd\u0259 at\u00e7\u0131l\u0131\u011f\u0131n inki\u015faf\u0131 il\u0259 ba\u011fl\u0131 b\u00fct\u00fcn t\u0259dbirl\u0259r &#8211; atlar\u0131n karantin zonas\u0131n\u0131n yarad\u0131lmas\u0131, vaxta\u015f\u0131r\u0131 m\u00fcayin\u0259 v\u0259 m\u00fcalic\u0259 edilm\u0259si, yar\u0131\u015flara haz\u0131rlanmas\u0131, sat\u0131\u015fa \u00e7\u0131xar\u0131lmas\u0131 n\u0259z\u0259rd\u0259 tutulub. M\u0259qs\u0259dimiz odur ki, bu sah\u0259ni inki\u015faf etdir\u0259k, o c\u00fcml\u0259d\u0259n ixrac \u00fc\u00e7\u00fcn atlar yeti\u015fdir\u0259k v\u0259 bununla da kompleksin g\u0259l\u0259rl\u0259rinin art\u0131m\u0131na nail olaq&#8221;, &#8211; o qeyd edib.<\/p>\n","protected":false},"excerpt":{"rendered":"<p>Bu il noyabr\u0131n 5-d\u0259 a\u00e7\u0131l\u0131\u015f\u0131 olmu\u015f Qaraba\u011f At\u00e7\u0131l\u0131q Kompleksinin hesab\u0131na Az\u0259rbaycan Qaraba\u011f atlar\u0131 ixrac ed\u0259 bil\u0259r. ARANTV.AZ\u00a0report-a istinad\u0259n x\u0259b\u0259r verir ki, bu bar\u0259d\u0259 k\u0259nd t\u0259s\u0259rr\u00fcfat\u0131 nazirinin m\u00fcavini \u0130lham Quliyev bildirib. &#8220;H\u0259min kompleksd\u0259 at\u00e7\u0131l\u0131\u011f\u0131n inki\u015faf\u0131 il\u0259 ba\u011fl\u0131 b\u00fct\u00fcn t\u0259dbirl\u0259r &#8211; atlar\u0131n karantin zonas\u0131n\u0131n yarad\u0131lmas\u0131, vaxta\u015f\u0131r\u0131 m\u00fcayin\u0259 v\u0259 m\u00fcalic\u0259 edilm\u0259si, yar\u0131\u015flara haz\u0131rlanmas\u0131, sat\u0131\u015fa \u00e7\u0131xar\u0131lmas\u0131 n\u0259z\u0259rd\u0259 tutulub. M\u0259qs\u0259dimiz odur ki, bu sah\u0259ni inki\u015faf etdir\u0259k, o c\u00fcml\u0259d\u0259n ixrac \u00fc\u00e7\u00fcn atlar yeti\u015fdir\u0259k v\u0259 bununla da kompleksin g\u0259l\u0259rl\u0259rinin art\u0131m\u0131na nail olaq&#8221;, &#8211; o qeyd edib.<\/p>\n","protected":false},"author":2,"featured_media":25045,"comment_status":"closed","ping_status":"closed","sticky":false,"template":"","format":"standard","meta":{"om_disable_all_campaigns":false,"_monsterinsights_skip_tracking":false,"_monsterinsights_sitenote_active":false,"_monsterinsights_sitenote_note":"","_monsterinsights_sitenote_category":0},"categories":[19],"tags":[],"aioseo_notices":[],"gutentor_comment":0,"rttpg_featured_image_url":{"full":["https:\/\/arantv.az\/wp-content\/uploads\/2018\/11\/qarabag_11543217091.jpg",637,400,false],"landscape":["https:\/\/arantv.az\/wp-content\/uploads\/2018\/11\/qarabag_11543217091.jpg",637,400,false],"portraits":["https:\/\/arantv.az\/wp-content\/uploads\/2018\/11\/qarabag_11543217091.jpg",637,400,false],"thumbnail":["https:\/\/arantv.az\/wp-content\/uploads\/2018\/11\/qarabag_11543217091-150x150.jpg",150,150,true],"medium":["https:\/\/arantv.az\/wp-content\/uploads\/2018\/11\/qarabag_11543217091-300x188.jpg",300,188,true],"large":["https:\/\/arantv.az\/wp-content\/uploads\/2018\/11\/qarabag_11543217091.jpg",637,400,false],"1536x1536":["https:\/\/arantv.az\/wp-content\/uploads\/2018\/11\/qarabag_11543217091.jpg",637,400,false],"2048x2048":["https:\/\/arantv.az\/wp-content\/uploads\/2018\/11\/qarabag_11543217091.jpg",637,400,false],"post-thumbnail":["https:\/\/arantv.az\/wp-content\/uploads\/2018\/11\/qarabag_11543217091-240x172.jpg",240,172,true],"advps-thumb-one":["https:\/\/arantv.az\/wp-content\/uploads\/2018\/11\/qarabag_11543217091.jpg",637,400,false]},"rttpg_author":{"display_name":"V\u00fcsal Rafiqo\u011flu","author_link":"https:\/\/arantv.az\/?author=2"},"rttpg_comment":0,"rttpg_category":"<a href=\"https:\/\/arantv.az\/?cat=19\" rel=\"category\">G\u00fcnd\u0259m<\/a>","rttpg_excerpt":"Bu il noyabr\u0131n 5-d\u0259 a\u00e7\u0131l\u0131\u015f\u0131 olmu\u015f Qaraba\u011f At\u00e7\u0131l\u0131q Kompleksinin hesab\u0131na Az\u0259rbaycan Qaraba\u011f atlar\u0131 ixrac ed\u0259 bil\u0259r. ARANTV.AZ\u00a0report-a istinad\u0259n x\u0259b\u0259r verir ki, bu bar\u0259d\u0259 k\u0259nd t\u0259s\u0259rr\u00fcfat\u0131 nazirinin m\u00fcavini \u0130lham Quliyev bildirib. &#8220;H\u0259min kompleksd\u0259 at\u00e7\u0131l\u0131\u011f\u0131n inki\u015faf\u0131 il\u0259 ba\u011fl\u0131 b\u00fct\u00fcn t\u0259dbirl\u0259r &#8211; atlar\u0131n karantin zonas\u0131n\u0131n yarad\u0131lmas\u0131, vaxta\u015f\u0131r\u0131 m\u00fcayin\u0259 v\u0259 m\u00fcalic\u0259 edilm\u0259si, yar\u0131\u015flara haz\u0131rlanmas\u0131, sat\u0131\u015fa \u00e7\u0131xar\u0131lmas\u0131 n\u0259z\u0259rd\u0259 tutulub. M\u0259qs\u0259dimiz&hellip;","_links":{"self":[{"href":"https:\/\/arantv.az\/index.php?rest_route=\/wp\/v2\/posts\/25044"}],"collection":[{"href":"https:\/\/arantv.az\/index.php?rest_route=\/wp\/v2\/posts"}],"about":[{"href":"https:\/\/arantv.az\/index.php?rest_route=\/wp\/v2\/types\/post"}],"author":[{"embeddable":true,"href":"https:\/\/arantv.az\/index.php?rest_route=\/wp\/v2\/users\/2"}],"replies":[{"embeddable":true,"href":"https:\/\/arantv.az\/index.php?rest_route=%2Fwp%2Fv2%2Fcomments&post=25044"}],"version-history":[{"count":0,"href":"https:\/\/arantv.az\/index.php?rest_route=\/wp\/v2\/posts\/25044\/revisions"}],"wp:featuredmedia":[{"embeddable":true,"href":"https:\/\/arantv.az\/index.php?rest_route=\/wp\/v2\/media\/25045"}],"wp:attachment":[{"href":"https:\/\/arantv.az\/index.php?rest_route=%2Fwp%2Fv2%2Fmedia&parent=25044"}],"wp:term":[{"taxonomy":"category","embeddable":true,"href":"https:\/\/arantv.az\/index.php?rest_route=%2Fwp%2Fv2%2Fcategories&post=25044"},{"taxonomy":"post_tag","embeddable":true,"href":"https:\/\/arantv.az\/index.php?rest_route=%2Fwp%2Fv2%2Ftags&post=25044"}],"curies":[{"name":"wp","href":"https:\/\/api.w.org\/{rel}","templated":true}]}}