{"id":25055,"date":"2018-11-26T13:35:08","date_gmt":"2018-11-26T10:35:08","guid":{"rendered":"http:\/\/arantv.az\/?p=25055"},"modified":"2018-11-26T13:35:08","modified_gmt":"2018-11-26T10:35:08","slug":"kurd%c9%99mird%c9%99-m%c9%99kt%c9%99bin-tavani-ucub-foto","status":"publish","type":"post","link":"https:\/\/arantv.az\/?p=25055","title":{"rendered":"K\u00fcrd\u0259mird\u0259 m\u0259kt\u0259bin tavan\u0131 u\u00e7ub &#8211; FOTO"},"content":{"rendered":"<p>K\u00fcrd\u0259mird\u0259 d\u0259rs zaman\u0131 m\u0259kt\u0259bin tavan\u0131 u\u00e7ub.<\/p>\n<p><b>ARANTV.AZ<\/b>-\u0131n m\u0259lumat\u0131na g\u00f6r\u0259, hadis\u0259 rayonun Qarasu k\u0259ndind\u0259 yerl\u0259\u015f\u0259n El\u015fad Qurbanov ad\u0131na tam orta m\u0259kt\u0259bd\u0259 qeyd\u0259 al\u0131n\u0131b.<\/p>\n<p>M\u0259kt\u0259bin direktoru\u00a0<strong>Abdul\u0259li Qocayev<\/strong>\u00a0sayt\u0131m\u0131za a\u00e7\u0131qlamas\u0131nda bildirib ki, m\u0259kt\u0259bin d\u0259hlizinin tavan\u0131 d\u0259rs zaman\u0131 u\u00e7ub:<\/p>\n<p>\u201c\u015eagirdl\u0259rd\u0259n x\u0259sar\u0259t alan olmay\u0131b. D\u0259rsl\u0259r tam qaydas\u0131nda ke\u00e7irilib. Hadis\u0259 il\u0259 ba\u011fl\u0131 T\u0259hsil Nazirliyin\u0259 m\u0259lumat verilib\u201d.<\/p>\n<p>Abdul\u0259li Qocayev qeyd edib ki, \u00fc\u00e7 ildir ki, yeni m\u0259kt\u0259b tikintisi olmal\u0131 idi, amma h\u0259l\u0259 tikinti ba\u015flamay\u0131b.<\/p>\n<p>Qeyd ed\u0259k ki, hadis\u0259 il\u0259 ba\u011fl\u0131 ilk x\u0259b\u0259ri A24.az sayt\u0131 yay\u0131b.<\/p>\n<div class=\"gallery\">\n<div class=\"gallery-i\"><img src=\"https:\/\/assets.oxu.az\/uploads\/W1siZiIsIjIwMTgvMTEvMjYvMTMvMDYvMzEvNjAwZmJiMjMtMDdiMS00YjY5LTk1NzItZTc3NmQxYjE2YjQyL3RhdmFibjIuanBnIl0sWyJwIiwiZW5jb2RlIiwianBnIiwiLXF1YWxpdHkgODAiXSxbInAiLCJ0aHVtYiIsIjU5MHg1OTBcdTAwM2UiXV0?sha=e1610eb26f534cd0\" alt=\"\" \/><\/p>\n<div class=\"gallery-i-caption\"><\/div>\n<\/div>\n<div class=\"gallery-i\"><img src=\"https:\/\/assets.oxu.az\/uploads\/W1siZiIsIjIwMTgvMTEvMjYvMTMvMDYvMzIvYzczMjg4OTMtNWEzZC00NTNmLWFlYzktNjk1ZjkyNTExYzQ0L3RhdmFuIDEuanBnIl0sWyJwIiwiZW5jb2RlIiwianBnIiwiLXF1YWxpdHkgODAiXSxbInAiLCJ0aHVtYiIsIjU5MHg1OTBcdTAwM2UiXV0?sha=a95d5e3679162e23\" alt=\"\" \/><\/div>\n<div>oxu.az<\/div>\n<\/div>\n","protected":false},"excerpt":{"rendered":"<p>K\u00fcrd\u0259mird\u0259 d\u0259rs zaman\u0131 m\u0259kt\u0259bin tavan\u0131 u\u00e7ub. ARANTV.AZ-\u0131n m\u0259lumat\u0131na g\u00f6r\u0259, hadis\u0259 rayonun Qarasu k\u0259ndind\u0259 yerl\u0259\u015f\u0259n El\u015fad Qurbanov ad\u0131na tam orta m\u0259kt\u0259bd\u0259 qeyd\u0259 al\u0131n\u0131b. M\u0259kt\u0259bin direktoru\u00a0Abdul\u0259li Qocayev\u00a0sayt\u0131m\u0131za a\u00e7\u0131qlamas\u0131nda bildirib ki, m\u0259kt\u0259bin d\u0259hlizinin tavan\u0131 d\u0259rs zaman\u0131 u\u00e7ub: \u201c\u015eagirdl\u0259rd\u0259n x\u0259sar\u0259t alan olmay\u0131b. D\u0259rsl\u0259r tam qaydas\u0131nda ke\u00e7irilib. Hadis\u0259 il\u0259 ba\u011fl\u0131 T\u0259hsil Nazirliyin\u0259 m\u0259lumat verilib\u201d. Abdul\u0259li Qocayev qeyd edib ki, \u00fc\u00e7 ildir ki, yeni m\u0259kt\u0259b tikintisi olmal\u0131 idi, amma h\u0259l\u0259 tikinti ba\u015flamay\u0131b. Qeyd ed\u0259k ki, hadis\u0259 il\u0259 ba\u011fl\u0131 ilk x\u0259b\u0259ri A24.az sayt\u0131 yay\u0131b. oxu.az<\/p>\n","protected":false},"author":2,"featured_media":25056,"comment_status":"closed","ping_status":"closed","sticky":false,"template":"","format":"standard","meta":{"om_disable_all_campaigns":false,"_monsterinsights_skip_tracking":false,"_monsterinsights_sitenote_active":false,"_monsterinsights_sitenote_note":"","_monsterinsights_sitenote_category":0},"categories":[2],"tags":[],"aioseo_notices":[],"gutentor_comment":0,"rttpg_featured_image_url":{"full":["https:\/\/arantv.az\/wp-content\/uploads\/2018\/11\/tavan.jpg",620,413,false],"landscape":["https:\/\/arantv.az\/wp-content\/uploads\/2018\/11\/tavan.jpg",620,413,false],"portraits":["https:\/\/arantv.az\/wp-content\/uploads\/2018\/11\/tavan.jpg",620,413,false],"thumbnail":["https:\/\/arantv.az\/wp-content\/uploads\/2018\/11\/tavan-150x150.jpg",150,150,true],"medium":["https:\/\/arantv.az\/wp-content\/uploads\/2018\/11\/tavan-300x200.jpg",300,200,true],"large":["https:\/\/arantv.az\/wp-content\/uploads\/2018\/11\/tavan.jpg",620,413,false],"1536x1536":["https:\/\/arantv.az\/wp-content\/uploads\/2018\/11\/tavan.jpg",620,413,false],"2048x2048":["https:\/\/arantv.az\/wp-content\/uploads\/2018\/11\/tavan.jpg",620,413,false],"post-thumbnail":["https:\/\/arantv.az\/wp-content\/uploads\/2018\/11\/tavan-240x172.jpg",240,172,true],"advps-thumb-one":["https:\/\/arantv.az\/wp-content\/uploads\/2018\/11\/tavan.jpg",620,413,false]},"rttpg_author":{"display_name":"V\u00fcsal Rafiqo\u011flu","author_link":"https:\/\/arantv.az\/?author=2"},"rttpg_comment":0,"rttpg_category":"<a href=\"https:\/\/arantv.az\/?cat=2\" rel=\"category\">Region X\u0259b\u0259rl\u0259ri<\/a>","rttpg_excerpt":"K\u00fcrd\u0259mird\u0259 d\u0259rs zaman\u0131 m\u0259kt\u0259bin tavan\u0131 u\u00e7ub. ARANTV.AZ-\u0131n m\u0259lumat\u0131na g\u00f6r\u0259, hadis\u0259 rayonun Qarasu k\u0259ndind\u0259 yerl\u0259\u015f\u0259n El\u015fad Qurbanov ad\u0131na tam orta m\u0259kt\u0259bd\u0259 qeyd\u0259 al\u0131n\u0131b. M\u0259kt\u0259bin direktoru\u00a0Abdul\u0259li Qocayev\u00a0sayt\u0131m\u0131za a\u00e7\u0131qlamas\u0131nda bildirib ki, m\u0259kt\u0259bin d\u0259hlizinin tavan\u0131 d\u0259rs zaman\u0131 u\u00e7ub: \u201c\u015eagirdl\u0259rd\u0259n x\u0259sar\u0259t alan olmay\u0131b. D\u0259rsl\u0259r tam qaydas\u0131nda ke\u00e7irilib. Hadis\u0259 il\u0259 ba\u011fl\u0131 T\u0259hsil Nazirliyin\u0259 m\u0259lumat verilib\u201d. Abdul\u0259li Qocayev qeyd edib ki, \u00fc\u00e7&hellip;","_links":{"self":[{"href":"https:\/\/arantv.az\/index.php?rest_route=\/wp\/v2\/posts\/25055"}],"collection":[{"href":"https:\/\/arantv.az\/index.php?rest_route=\/wp\/v2\/posts"}],"about":[{"href":"https:\/\/arantv.az\/index.php?rest_route=\/wp\/v2\/types\/post"}],"author":[{"embeddable":true,"href":"https:\/\/arantv.az\/index.php?rest_route=\/wp\/v2\/users\/2"}],"replies":[{"embeddable":true,"href":"https:\/\/arantv.az\/index.php?rest_route=%2Fwp%2Fv2%2Fcomments&post=25055"}],"version-history":[{"count":0,"href":"https:\/\/arantv.az\/index.php?rest_route=\/wp\/v2\/posts\/25055\/revisions"}],"wp:featuredmedia":[{"embeddable":true,"href":"https:\/\/arantv.az\/index.php?rest_route=\/wp\/v2\/media\/25056"}],"wp:attachment":[{"href":"https:\/\/arantv.az\/index.php?rest_route=%2Fwp%2Fv2%2Fmedia&parent=25055"}],"wp:term":[{"taxonomy":"category","embeddable":true,"href":"https:\/\/arantv.az\/index.php?rest_route=%2Fwp%2Fv2%2Fcategories&post=25055"},{"taxonomy":"post_tag","embeddable":true,"href":"https:\/\/arantv.az\/index.php?rest_route=%2Fwp%2Fv2%2Ftags&post=25055"}],"curies":[{"name":"wp","href":"https:\/\/api.w.org\/{rel}","templated":true}]}}