{"id":25061,"date":"2018-11-26T13:38:04","date_gmt":"2018-11-26T10:38:04","guid":{"rendered":"http:\/\/arantv.az\/?p=25061"},"modified":"2018-11-26T13:38:04","modified_gmt":"2018-11-26T10:38:04","slug":"f%c9%99day%c9%99-lacin-m%c9%99hk%c9%99m%c9%99d%c9%99-son-soz-dey%c9%99c%c9%99k","status":"publish","type":"post","link":"https:\/\/arantv.az\/?p=25061","title":{"rendered":"F\u0259day\u0259 La\u00e7\u0131n m\u0259hk\u0259m\u0259d\u0259 son s\u00f6z dey\u0259c\u0259k"},"content":{"rendered":"<p>Bak\u0131 A\u011f\u0131r Cinay\u0259tl\u0259r M\u0259hk\u0259m\u0259sind\u0259 x\u00fcsusi t\u0259yinatl\u0131 vaqondan m\u0259hbuslar\u0131n qa\u00e7mas\u0131nda t\u0259qsirl\u0259ndiril\u0259n m\u00fc\u011f\u0259nni\u00a0<strong>F\u0259day\u0259 La\u00e7\u0131n<\/strong>\u00a0v\u0259 daha 12 n\u0259f\u0259rin cinay\u0259t i\u015fi \u00fczr\u0259 m\u0259hk\u0259m\u0259 prosesi davam etdirilib.<\/p>\n<p><strong>ARANTV.AZ<\/strong>-\u0131n x\u0259b\u0259rin\u0259 g\u00f6r\u0259, hakim\u00a0<strong>Azad M\u0259cidov<\/strong>un s\u0259drliyi il\u0259 ke\u00e7iril\u0259n prosesd\u0259\u00a0 t\u0259qsirl\u0259ndiril\u0259n\u00a0<strong>Anar \u018fsg\u0259rov<\/strong>un v\u0259kili\u00a0<strong>G\u00fcl\u015f\u0259n Salmanova<\/strong>\u00e7\u0131x\u0131\u015f edib.<\/p>\n<p>V\u0259kil h\u00fcquqlar\u0131n\u0131 m\u00fcdafi\u0259 etdiyi \u015f\u0259xs\u0259 d\u00fczg\u00fcn ittiham verilm\u0259diyini qeyd edib.<\/p>\n<p>O deyib ki, A. \u018fsg\u0259rov\u00a0<strong>Etibar M\u0259mm\u0259dov<\/strong>u tan\u0131may\u0131b v\u0259 onunla h\u0259r hans\u0131 \u0259laq\u0259si olmay\u0131b.<\/p>\n<p>Sonra\u00a0<strong>Ceyhun S\u0259m\u0259dov\u00a0<\/strong>v\u0259\u00a0<strong>Fuad Hac\u0131yev<\/strong>in v\u0259kill\u0259ri d\u0259 \u00e7\u0131x\u0131\u015f edib v\u0259 m\u00fcv\u0259kkill\u0259rin\u0259 h\u0259bsl\u0259 \u0259laq\u0259dar olmayan c\u0259za verilm\u0259sini ist\u0259yibl\u0259r.<\/p>\n<p>M\u0259hk\u0259m\u0259d\u0259 m\u00fcdafi\u0259 \u00e7\u0131x\u0131\u015f\u0131 m\u0259rh\u0259l\u0259si ba\u015fa \u00e7at\u0131b.<\/p>\n<p>F. La\u00e7\u0131n v\u0259 dig\u0259rl\u0259ri n\u00f6vb\u0259ti prosesd\u0259 son s\u00f6zl\u0259 \u00e7\u0131x\u0131\u015f ed\u0259c\u0259kl\u0259r.<\/p>\n<p>M\u0259hk\u0259m\u0259 iclas\u0131 dekabr\u0131n 3-d\u0259 davam etdiril\u0259c\u0259k.<\/p>\n<p>oxu.az<\/p>\n","protected":false},"excerpt":{"rendered":"<p>Bak\u0131 A\u011f\u0131r Cinay\u0259tl\u0259r M\u0259hk\u0259m\u0259sind\u0259 x\u00fcsusi t\u0259yinatl\u0131 vaqondan m\u0259hbuslar\u0131n qa\u00e7mas\u0131nda t\u0259qsirl\u0259ndiril\u0259n m\u00fc\u011f\u0259nni\u00a0F\u0259day\u0259 La\u00e7\u0131n\u00a0v\u0259 daha 12 n\u0259f\u0259rin cinay\u0259t i\u015fi \u00fczr\u0259 m\u0259hk\u0259m\u0259 prosesi davam etdirilib. ARANTV.AZ-\u0131n x\u0259b\u0259rin\u0259 g\u00f6r\u0259, hakim\u00a0Azad M\u0259cidovun s\u0259drliyi il\u0259 ke\u00e7iril\u0259n prosesd\u0259\u00a0 t\u0259qsirl\u0259ndiril\u0259n\u00a0Anar \u018fsg\u0259rovun v\u0259kili\u00a0G\u00fcl\u015f\u0259n Salmanova\u00e7\u0131x\u0131\u015f edib. V\u0259kil h\u00fcquqlar\u0131n\u0131 m\u00fcdafi\u0259 etdiyi \u015f\u0259xs\u0259 d\u00fczg\u00fcn ittiham verilm\u0259diyini qeyd edib. O deyib ki, A. \u018fsg\u0259rov\u00a0Etibar M\u0259mm\u0259dovu tan\u0131may\u0131b v\u0259 onunla h\u0259r hans\u0131 \u0259laq\u0259si olmay\u0131b. Sonra\u00a0Ceyhun S\u0259m\u0259dov\u00a0v\u0259\u00a0Fuad Hac\u0131yevin v\u0259kill\u0259ri d\u0259 \u00e7\u0131x\u0131\u015f edib v\u0259 m\u00fcv\u0259kkill\u0259rin\u0259 h\u0259bsl\u0259 \u0259laq\u0259dar olmayan c\u0259za verilm\u0259sini ist\u0259yibl\u0259r. M\u0259hk\u0259m\u0259d\u0259 m\u00fcdafi\u0259 \u00e7\u0131x\u0131\u015f\u0131 m\u0259rh\u0259l\u0259si ba\u015fa \u00e7at\u0131b. F. La\u00e7\u0131n v\u0259 dig\u0259rl\u0259ri n\u00f6vb\u0259ti prosesd\u0259 son s\u00f6zl\u0259 \u00e7\u0131x\u0131\u015f ed\u0259c\u0259kl\u0259r.&hellip;<\/p>\n","protected":false},"author":2,"featured_media":25062,"comment_status":"closed","ping_status":"closed","sticky":false,"template":"","format":"standard","meta":{"om_disable_all_campaigns":false,"_monsterinsights_skip_tracking":false,"_monsterinsights_sitenote_active":false,"_monsterinsights_sitenote_note":"","_monsterinsights_sitenote_category":0},"categories":[5],"tags":[],"aioseo_notices":[],"gutentor_comment":0,"rttpg_featured_image_url":{"full":["https:\/\/arantv.az\/wp-content\/uploads\/2018\/11\/maxresdefault.jpg",620,349,false],"landscape":["https:\/\/arantv.az\/wp-content\/uploads\/2018\/11\/maxresdefault.jpg",620,349,false],"portraits":["https:\/\/arantv.az\/wp-content\/uploads\/2018\/11\/maxresdefault.jpg",620,349,false],"thumbnail":["https:\/\/arantv.az\/wp-content\/uploads\/2018\/11\/maxresdefault-150x150.jpg",150,150,true],"medium":["https:\/\/arantv.az\/wp-content\/uploads\/2018\/11\/maxresdefault-300x169.jpg",300,169,true],"large":["https:\/\/arantv.az\/wp-content\/uploads\/2018\/11\/maxresdefault.jpg",620,349,false],"1536x1536":["https:\/\/arantv.az\/wp-content\/uploads\/2018\/11\/maxresdefault.jpg",620,349,false],"2048x2048":["https:\/\/arantv.az\/wp-content\/uploads\/2018\/11\/maxresdefault.jpg",620,349,false],"post-thumbnail":["https:\/\/arantv.az\/wp-content\/uploads\/2018\/11\/maxresdefault-240x172.jpg",240,172,true],"advps-thumb-one":["https:\/\/arantv.az\/wp-content\/uploads\/2018\/11\/maxresdefault.jpg",620,349,false]},"rttpg_author":{"display_name":"V\u00fcsal Rafiqo\u011flu","author_link":"https:\/\/arantv.az\/?author=2"},"rttpg_comment":0,"rttpg_category":"<a href=\"https:\/\/arantv.az\/?cat=5\" rel=\"category\">Hadis\u0259<\/a>","rttpg_excerpt":"Bak\u0131 A\u011f\u0131r Cinay\u0259tl\u0259r M\u0259hk\u0259m\u0259sind\u0259 x\u00fcsusi t\u0259yinatl\u0131 vaqondan m\u0259hbuslar\u0131n qa\u00e7mas\u0131nda t\u0259qsirl\u0259ndiril\u0259n m\u00fc\u011f\u0259nni\u00a0F\u0259day\u0259 La\u00e7\u0131n\u00a0v\u0259 daha 12 n\u0259f\u0259rin cinay\u0259t i\u015fi \u00fczr\u0259 m\u0259hk\u0259m\u0259 prosesi davam etdirilib. ARANTV.AZ-\u0131n x\u0259b\u0259rin\u0259 g\u00f6r\u0259, hakim\u00a0Azad M\u0259cidovun s\u0259drliyi il\u0259 ke\u00e7iril\u0259n prosesd\u0259\u00a0 t\u0259qsirl\u0259ndiril\u0259n\u00a0Anar \u018fsg\u0259rovun v\u0259kili\u00a0G\u00fcl\u015f\u0259n Salmanova\u00e7\u0131x\u0131\u015f edib. V\u0259kil h\u00fcquqlar\u0131n\u0131 m\u00fcdafi\u0259 etdiyi \u015f\u0259xs\u0259 d\u00fczg\u00fcn ittiham verilm\u0259diyini qeyd edib. O deyib ki, A. \u018fsg\u0259rov\u00a0Etibar M\u0259mm\u0259dovu tan\u0131may\u0131b v\u0259 onunla&hellip;","_links":{"self":[{"href":"https:\/\/arantv.az\/index.php?rest_route=\/wp\/v2\/posts\/25061"}],"collection":[{"href":"https:\/\/arantv.az\/index.php?rest_route=\/wp\/v2\/posts"}],"about":[{"href":"https:\/\/arantv.az\/index.php?rest_route=\/wp\/v2\/types\/post"}],"author":[{"embeddable":true,"href":"https:\/\/arantv.az\/index.php?rest_route=\/wp\/v2\/users\/2"}],"replies":[{"embeddable":true,"href":"https:\/\/arantv.az\/index.php?rest_route=%2Fwp%2Fv2%2Fcomments&post=25061"}],"version-history":[{"count":0,"href":"https:\/\/arantv.az\/index.php?rest_route=\/wp\/v2\/posts\/25061\/revisions"}],"wp:featuredmedia":[{"embeddable":true,"href":"https:\/\/arantv.az\/index.php?rest_route=\/wp\/v2\/media\/25062"}],"wp:attachment":[{"href":"https:\/\/arantv.az\/index.php?rest_route=%2Fwp%2Fv2%2Fmedia&parent=25061"}],"wp:term":[{"taxonomy":"category","embeddable":true,"href":"https:\/\/arantv.az\/index.php?rest_route=%2Fwp%2Fv2%2Fcategories&post=25061"},{"taxonomy":"post_tag","embeddable":true,"href":"https:\/\/arantv.az\/index.php?rest_route=%2Fwp%2Fv2%2Ftags&post=25061"}],"curies":[{"name":"wp","href":"https:\/\/api.w.org\/{rel}","templated":true}]}}