{"id":25074,"date":"2018-11-26T14:04:07","date_gmt":"2018-11-26T11:04:07","guid":{"rendered":"http:\/\/arantv.az\/?p=25074"},"modified":"2018-11-26T14:04:07","modified_gmt":"2018-11-26T11:04:07","slug":"ekspert-avropa-ittifaqinin-m%c9%99rk%c9%99zi-asiya-uzr%c9%99-yeni-strategiyasinin-taleyi-az%c9%99rbaycandan-asilidir","status":"publish","type":"post","link":"https:\/\/arantv.az\/?p=25074","title":{"rendered":"Ekspert: &#8220;Avropa \u0130ttifaq\u0131n\u0131n M\u0259rk\u0259zi Asiya \u00fczr\u0259 yeni strategiyas\u0131n\u0131n taleyi Az\u0259rbaycandan as\u0131l\u0131d\u0131r&#8221;"},"content":{"rendered":"<blockquote><p><em><strong>Avropa \u0130ttifaq\u0131n\u0131n (A\u0130) M\u0259rk\u0259zi Asiya \u00f6lk\u0259l\u0259ri \u00fczr\u0259 yeni strategiyas\u0131n\u0131n g\u00fcnd\u0259min \u0259n aktual m\u00f6vzusuna \u00e7evrilm\u0259sinin h\u0259lledici t\u0259sir q\u00fcvv\u0259l\u0259rind\u0259n biri Az\u0259rbaycand\u0131r.<\/strong><\/em><\/p><\/blockquote>\n<p><strong>ARANTV.AZ<\/strong> x\u0259b\u0259r verir ki, bunu trend-\u0259 a\u00e7\u0131qlamas\u0131nda &#8220;Bak\u0131 x\u0259b\u0259r&#8221; q\u0259zetinin ba\u015f redaktoru, ekspert Ayd\u0131n Quliyev deyib.<\/p>\n<p>Ekspert bildirib ki, Br\u00fcsseld\u0259 A\u0130 il\u0259 M\u0259rk\u0259zi Asiya d\u00f6vl\u0259tl\u0259rinin xarici i\u015fl\u0259r nazirl\u0259rinin g\u00f6r\u00fc\u015f\u00fcnd\u0259 yeni strategiyan\u0131n haz\u0131rlanmas\u0131 \u00fczr\u0259 raz\u0131l\u0131q \u0259ld\u0259 olunub:<\/p>\n<p>&#8220;Strategiyan\u0131n \u00e7\u0259r\u00e7iv\u0259si h\u0259l\u0259lik tam m\u0259lum olmasa da, s\u00f6hb\u0259t Avrasiya m\u00fcst\u0259visind\u0259 geosiyasi v\u0259ziyy\u0259ti d\u0259yi\u015fm\u0259k g\u00fcc\u00fcnd\u0259 olan layih\u0259d\u0259n gedir. Avropa \u0130ttifaq\u0131 M\u0259rk\u0259zi Asiya d\u00f6vl\u0259tl\u0259ri \u00fczr\u0259 yeni strategiyan\u0131n haz\u0131rlanmas\u0131n\u0131 niy\u0259 m\u0259hz indi aktualla\u015fd\u0131r\u0131b? Bunun Avropa \u00fc\u00e7\u00fcn yeni ideya oldu\u011funu s\u00f6zs\u00fcz ki, iddia etm\u0259k do\u011fru olmazd\u0131. Avropa strateql\u0259rinin bu b\u00f6y\u00fck perspektiv imkan\u0131 h\u0259l\u0259 ill\u0259r \u00f6nc\u0259 g\u00f6rm\u0259dikl\u0259rini s\u00f6yl\u0259m\u0259k sad\u0259l\u00f6vhl\u00fck olard\u0131. Bu ideyan\u0131n m\u0259hz indi aktualla\u015fmas\u0131n\u0131n \u00e7ox ciddi s\u0259b\u0259bl\u0259ri var v\u0259 bu s\u0259b\u0259bl\u0259r Az\u0259rbaycan diplomatiyas\u0131n\u0131n ill\u0259r boyu m\u0259qs\u0259dli v\u0259 sistemli formada h\u0259yata ke\u00e7irdiyi m\u0259lum enerji, n\u0259qliyyat, logistika v\u0259 tranzit infrastrukturlar\u0131n\u0131n say\u0259sind\u0259 yeti\u015fib. 2017-ci ilin oktyabr\u0131nda Az\u0259rbaycan\u0131n b\u00f6y\u00fck n\u0259qliyyat layih\u0259si olan Bak\u0131-Tbilisi-Qars d\u0259mir yolunun istifad\u0259y\u0259 verilm\u0259si m\u00fcnasib\u0259til\u0259 Avropa \u0130ttifaq\u0131n\u0131n yayd\u0131\u011f\u0131 b\u0259yanat\u0131 xat\u0131rlamaq yerin\u0259 d\u00fc\u015f\u00fcr. A\u0130 d\u0259mir yolunun a\u00e7\u0131lmas\u0131n\u0131 Avropa \u0130ttifaq\u0131n\u0131n M\u0259rk\u0259zi Asiyaya do\u011fru geni\u015fl\u0259nm\u0259 strategiyas\u0131na uy\u011fun hadis\u0259 kimi qiym\u0259tl\u0259ndirmi\u015fdi. Az\u0259rbaycan\u0131n h\u0259yata ke\u00e7irdiyi C\u0259nub-Q\u0259rb, \u015e\u0259rq-Q\u0259rb, \u015eimal-C\u0259nub, Trans-X\u0259z\u0259r beyn\u0259lxalq n\u0259qliyyat d\u0259hlizl\u0259rini, Bak\u0131-Tbilisi-Ceyhan\u0131, el\u0259c\u0259 d\u0259 &#8220;Bir k\u0259m\u0259r &#8211; bir yol&#8221; iqtisadi strategiyas\u0131n\u0131 bura \u0259lav\u0259 etm\u0259k laz\u0131mdir&#8221;.<\/p>\n<p>A.Quliyev qeyd edib ki, m\u00fc\u0259yy\u0259n g\u00fccl\u0259rd\u0259 f\u0259aliyy\u0259t g\u00f6st\u0259r\u0259n bu layih\u0259l\u0259r Avropan\u0131n v\u0259 M\u0259rk\u0259zi Asiyan\u0131n b\u00f6yuk potensiallar\u0131n\u0131n birl\u0259\u015fdirilm\u0259sind\u0259 m\u00fcst\u0259sna h\u0259lledici t\u0259sir\u0259 malikdir:<\/p>\n<p>&#8220;Bu layih\u0259l\u0259rin h\u0259l\u0259 m\u00f6vcud olmad\u0131\u011f\u0131 \u00f6t\u0259n \u0259srin sonlar\u0131na q\u0259d\u0259r kims\u0259 Avropan\u0131n M\u0259rk\u0259zi Asiya \u00fczr\u0259 hans\u0131sa strategiyas\u0131ndan \u00fcmumiyy\u0259tl\u0259 dan\u0131\u015fa bilm\u0259zdi. Bu, m\u00fcmk\u00fcn d\u0259 deyildi. Avropa \u0130ttifaq\u0131n\u0131n M\u0259rk\u0259zi Asiya \u00fczr\u0259 s\u00f6z\u00fcged\u0259n yeni strategiyas\u0131 iqtisadi, n\u0259qliyyat, ticar\u0259t, investisiya, dayan\u0131ql\u0131 iqtisadi inki\u015faf, insan kapital\u0131n\u0131n art\u0131r\u0131lmas\u0131, s\u0259rh\u0259dl\u0259r\u0259 n\u0259zar\u0259t v\u0259 sair kimi fundamental sferalar\u0131 \u0259hat\u0259 ed\u0259c\u0259k. Bu m\u0259s\u0259l\u0259l\u0259rin h\u0259r birind\u0259 Avropan\u0131n iqtisadi, siyasi, t\u0259hl\u00fck\u0259sizlik v\u0259 geni\u015fl\u0259nm\u0259 maraqlar\u0131n\u0131n olmas\u0131 \u015f\u00fcbh\u0259sizdir. Bunlar eyni zamanda M\u0259rk\u0259zi Asiyadan Avropaya q\u0259d\u0259r y\u00fcz milyonlarla insan\u0131n rifah\u0131, t\u0259hl\u00fck\u0259sizliyi v\u0259 yeni i\u015f yerl\u0259ri dem\u0259kdir. Bu m\u0259nada Avropan\u0131n M\u0259rk\u0259zi Asiya \u00fczr\u0259 yeni strategiyas\u0131n\u0131 h\u0259m d\u0259 qlobal strateji layih\u0259 hesab etm\u0259k laz\u0131md\u0131r. Bu qlobal plan Az\u0259rbaycan\u0131n Avrasiyan\u0131n enerji-n\u0259qliyyat x\u0259rit\u0259sini d\u0259yi\u015f\u0259n layih\u0259l\u0259ri hesab\u0131na b\u00f6yuk realla\u015fma imkanlar\u0131 \u0259ld\u0259 edir. Ancaq onu da n\u0259z\u0259r\u0259 almaq laz\u0131md\u0131r ki, bu istiqam\u0259td\u0259 Az\u0259rbaycan\u0131n h\u0259l\u0259 he\u00e7 d\u0259 b\u00fct\u00fcn potensiallar\u0131 \u00fcz\u0259 \u00e7\u0131xar\u0131lmay\u0131b. H\u0259m d\u0259 bu, Az\u0259rbaycan\u0131n \u00f6z\u00fcnd\u0259n yox, m\u0259hz avropal\u0131 partnyorlar\u0131ndan as\u0131l\u0131d\u0131r&#8221;.<\/p>\n<p>Ba\u015f redaktor \u0259lav\u0259 edib ki, Az\u0259rbaycan\u0131n tez-tez h\u0259d\u0259f oldu\u011fu ikili standartlar siyas\u0259ti, m\u0259ruz qald\u0131\u011f\u0131 erm\u0259ni t\u0259cav\u00fcz\u00fcn\u00fcn h\u0259l\u0259 d\u0259 cilovlanmamas\u0131 onun potensiallar\u0131n\u0131n tam \u00fcz\u0259 \u00e7\u0131xar\u0131lmas\u0131na \u0259n b\u00f6yuk mane\u0259l\u0259rdir: &#8220;Bu mane\u0259l\u0259rin aradan qald\u0131r\u0131lmas\u0131nda Avropa h\u0259lledici rol oynaya bil\u0259r v\u0259 a\u011f\u0131ll\u0131 strateql\u0259r Avropadan g\u00f6zl\u0259yir ki, bir ovuc kriminal-lobbi\u00e7i erm\u0259ni \u00e7evr\u0259sinin t\u0259sir dair\u0259sind\u0259n \u00e7\u0131xaraq daha strateji h\u0259d\u0259fl\u0259r namin\u0259 siyas\u0259t apars\u0131n&#8221;.<\/p>\n<p>O vur\u011fulay\u0131b ki, Avropan\u0131n M\u0259rk\u0259zi Asiya \u00fczr\u0259 yeni strategiyas\u0131 m\u0259hz Az\u0259rbaycan diplomatiyas\u0131n\u0131n \u00e7oxillik s\u0259yl\u0259ri say\u0259sind\u0259 ger\u00e7\u0259kl\u0259\u015fm\u0259 imkanlar\u0131 tap\u0131b: &#8220;M\u0259hz Az\u0259rbaycan\u0131n tam i\u015fl\u0259k potensiallar\u0131 hesab\u0131na da onu realla\u015fd\u0131ra bil\u0259r. Ancaq \u0259vv\u0259lc\u0259 Az\u0259rbaycana v\u0259 onun \u0259sas problemi olan Da\u011fl\u0131q Qaraba\u011f m\u00fcnaqi\u015f\u0259sinin h\u0259llin\u0259 Avropan\u0131n m\u00fcnasib\u0259ti m\u0259lum n\u00f6qt\u0259l\u0259rd\u0259 d\u0259yi\u015fm\u0259lidir. Avropa \u0130ttifaq\u0131n\u0131n M\u0259rk\u0259zi Asiya \u00fczr\u0259 yeni strategiyas\u0131n\u0131n taleyi Az\u0259rbaycandan as\u0131l\u0131d\u0131r&#8221;.<\/p>\n","protected":false},"excerpt":{"rendered":"<p>Avropa \u0130ttifaq\u0131n\u0131n (A\u0130) M\u0259rk\u0259zi Asiya \u00f6lk\u0259l\u0259ri \u00fczr\u0259 yeni strategiyas\u0131n\u0131n g\u00fcnd\u0259min \u0259n aktual m\u00f6vzusuna \u00e7evrilm\u0259sinin h\u0259lledici t\u0259sir q\u00fcvv\u0259l\u0259rind\u0259n biri Az\u0259rbaycand\u0131r. ARANTV.AZ x\u0259b\u0259r verir ki, bunu trend-\u0259 a\u00e7\u0131qlamas\u0131nda &#8220;Bak\u0131 x\u0259b\u0259r&#8221; q\u0259zetinin ba\u015f redaktoru, ekspert Ayd\u0131n Quliyev deyib. Ekspert bildirib ki, Br\u00fcsseld\u0259 A\u0130 il\u0259 M\u0259rk\u0259zi Asiya d\u00f6vl\u0259tl\u0259rinin xarici i\u015fl\u0259r nazirl\u0259rinin g\u00f6r\u00fc\u015f\u00fcnd\u0259 yeni strategiyan\u0131n haz\u0131rlanmas\u0131 \u00fczr\u0259 raz\u0131l\u0131q \u0259ld\u0259 olunub: &#8220;Strategiyan\u0131n \u00e7\u0259r\u00e7iv\u0259si h\u0259l\u0259lik tam m\u0259lum olmasa da, s\u00f6hb\u0259t Avrasiya m\u00fcst\u0259visind\u0259 geosiyasi v\u0259ziyy\u0259ti d\u0259yi\u015fm\u0259k g\u00fcc\u00fcnd\u0259 olan layih\u0259d\u0259n gedir. Avropa \u0130ttifaq\u0131 M\u0259rk\u0259zi Asiya d\u00f6vl\u0259tl\u0259ri \u00fczr\u0259 yeni strategiyan\u0131n haz\u0131rlanmas\u0131n\u0131 niy\u0259 m\u0259hz indi aktualla\u015fd\u0131r\u0131b? Bunun Avropa \u00fc\u00e7\u00fcn yeni ideya&hellip;<\/p>\n","protected":false},"author":2,"featured_media":25075,"comment_status":"closed","ping_status":"closed","sticky":false,"template":"","format":"standard","meta":{"om_disable_all_campaigns":false,"_monsterinsights_skip_tracking":false,"_monsterinsights_sitenote_active":false,"_monsterinsights_sitenote_note":"","_monsterinsights_sitenote_category":0},"categories":[4],"tags":[],"aioseo_notices":[],"gutentor_comment":0,"rttpg_featured_image_url":{"full":["https:\/\/arantv.az\/wp-content\/uploads\/2018\/11\/691788-1.jpg",800,600,false],"landscape":["https:\/\/arantv.az\/wp-content\/uploads\/2018\/11\/691788-1.jpg",800,600,false],"portraits":["https:\/\/arantv.az\/wp-content\/uploads\/2018\/11\/691788-1.jpg",800,600,false],"thumbnail":["https:\/\/arantv.az\/wp-content\/uploads\/2018\/11\/691788-1-150x150.jpg",150,150,true],"medium":["https:\/\/arantv.az\/wp-content\/uploads\/2018\/11\/691788-1-300x225.jpg",300,225,true],"large":["https:\/\/arantv.az\/wp-content\/uploads\/2018\/11\/691788-1.jpg",640,480,false],"1536x1536":["https:\/\/arantv.az\/wp-content\/uploads\/2018\/11\/691788-1.jpg",800,600,false],"2048x2048":["https:\/\/arantv.az\/wp-content\/uploads\/2018\/11\/691788-1.jpg",800,600,false],"post-thumbnail":["https:\/\/arantv.az\/wp-content\/uploads\/2018\/11\/691788-1-240x172.jpg",240,172,true],"advps-thumb-one":["https:\/\/arantv.az\/wp-content\/uploads\/2018\/11\/691788-1.jpg",800,600,false]},"rttpg_author":{"display_name":"V\u00fcsal Rafiqo\u011flu","author_link":"https:\/\/arantv.az\/?author=2"},"rttpg_comment":0,"rttpg_category":"<a href=\"https:\/\/arantv.az\/?cat=4\" rel=\"category\">Siyas\u0259t<\/a>","rttpg_excerpt":"Avropa \u0130ttifaq\u0131n\u0131n (A\u0130) M\u0259rk\u0259zi Asiya \u00f6lk\u0259l\u0259ri \u00fczr\u0259 yeni strategiyas\u0131n\u0131n g\u00fcnd\u0259min \u0259n aktual m\u00f6vzusuna \u00e7evrilm\u0259sinin h\u0259lledici t\u0259sir q\u00fcvv\u0259l\u0259rind\u0259n biri Az\u0259rbaycand\u0131r. ARANTV.AZ x\u0259b\u0259r verir ki, bunu trend-\u0259 a\u00e7\u0131qlamas\u0131nda &#8220;Bak\u0131 x\u0259b\u0259r&#8221; q\u0259zetinin ba\u015f redaktoru, ekspert Ayd\u0131n Quliyev deyib. Ekspert bildirib ki, Br\u00fcsseld\u0259 A\u0130 il\u0259 M\u0259rk\u0259zi Asiya d\u00f6vl\u0259tl\u0259rinin xarici i\u015fl\u0259r nazirl\u0259rinin g\u00f6r\u00fc\u015f\u00fcnd\u0259 yeni strategiyan\u0131n haz\u0131rlanmas\u0131 \u00fczr\u0259 raz\u0131l\u0131q \u0259ld\u0259 olunub:&hellip;","_links":{"self":[{"href":"https:\/\/arantv.az\/index.php?rest_route=\/wp\/v2\/posts\/25074"}],"collection":[{"href":"https:\/\/arantv.az\/index.php?rest_route=\/wp\/v2\/posts"}],"about":[{"href":"https:\/\/arantv.az\/index.php?rest_route=\/wp\/v2\/types\/post"}],"author":[{"embeddable":true,"href":"https:\/\/arantv.az\/index.php?rest_route=\/wp\/v2\/users\/2"}],"replies":[{"embeddable":true,"href":"https:\/\/arantv.az\/index.php?rest_route=%2Fwp%2Fv2%2Fcomments&post=25074"}],"version-history":[{"count":0,"href":"https:\/\/arantv.az\/index.php?rest_route=\/wp\/v2\/posts\/25074\/revisions"}],"wp:featuredmedia":[{"embeddable":true,"href":"https:\/\/arantv.az\/index.php?rest_route=\/wp\/v2\/media\/25075"}],"wp:attachment":[{"href":"https:\/\/arantv.az\/index.php?rest_route=%2Fwp%2Fv2%2Fmedia&parent=25074"}],"wp:term":[{"taxonomy":"category","embeddable":true,"href":"https:\/\/arantv.az\/index.php?rest_route=%2Fwp%2Fv2%2Fcategories&post=25074"},{"taxonomy":"post_tag","embeddable":true,"href":"https:\/\/arantv.az\/index.php?rest_route=%2Fwp%2Fv2%2Ftags&post=25074"}],"curies":[{"name":"wp","href":"https:\/\/api.w.org\/{rel}","templated":true}]}}