{"id":25077,"date":"2018-11-26T14:05:43","date_gmt":"2018-11-26T11:05:43","guid":{"rendered":"http:\/\/arantv.az\/?p=25077"},"modified":"2018-11-26T14:05:43","modified_gmt":"2018-11-26T11:05:43","slug":"az%c9%99rbaycan-kino-s%c9%99n%c9%99tinin-gork%c9%99mli-numay%c9%99nd%c9%99si-rasim-ocaqovun-85-illiyi-qeyd-olunub","status":"publish","type":"post","link":"https:\/\/arantv.az\/?p=25077","title":{"rendered":"Az\u0259rbaycan kino s\u0259n\u0259tinin g\u00f6rk\u0259mli n\u00fcmay\u0259nd\u0259si Rasim Ocaqovun 85 illiyi qeyd olunub"},"content":{"rendered":"<p><strong>ARANTV.AZ<\/strong> x\u0259b\u0259r verir ki, Az\u0259rbaycan kino s\u0259n\u0259tinin g\u00f6rk\u0259mli n\u00fcmay\u0259nd\u0259si, rejissor, operator, SSR\u0130 v\u0259 respublika d\u00f6vl\u0259t m\u00fckafatlar\u0131 laureat\u0131, Xalq artisti Rasim Ocaqovun 85 illiyi qeyd olunub. Paytaxtda v\u0259 g\u00f6rk\u0259mli rejissorun do\u011fuldu\u011fu \u015e\u0259kid\u0259 ke\u00e7iril\u0259n t\u0259dbirl\u0259rd\u0259 bildirilib ki, Rasim Ocaqov ekran \u0259s\u0259rl\u0259ri il\u0259 milli kino s\u0259n\u0259timiz\u0259 d\u0259y\u0259rli t\u00f6hf\u0259l\u0259r verib.<\/p>\n<p>Baxma\u011fa he\u00e7 vaxt doymad\u0131\u011f\u0131m\u0131z bu filml\u0259ri birl\u0259\u015fdir\u0259n bir ad var&#8230; Rasim Ocaqov&#8230; Vaxt \u00f6ts\u0259 d\u0259, bu filml\u0259r yen\u0259 d\u0259 sevil\u0259c\u0259k. O da kinonu sevirdi! Onun \u00e7\u0259kdiyi filml\u0259r Rasim Oca\u011fovun d\u00f6vl\u0259ti &#8211; var\u0131 idi.<strong>\u00a0<\/strong><\/p>\n<p>Noyabr\u0131n 22-d\u0259 Az\u0259rbaycan kino s\u0259n\u0259tinin g\u00f6rk\u0259mli n\u00fcmay\u0259nd\u0259si, rejissor, operator, SSR\u0130 v\u0259 respublika d\u00f6vl\u0259t m\u00fckafatlar\u0131 laureat\u0131, Xalq artisti Rasim Ocaqovun anadan olmas\u0131n\u0131n 85 illiyi tamam oldu. Bu m\u00fcnasib\u0259tl\u0259 Rasim Ocaqovun do\u011fmalar\u0131, tan\u0131nm\u0131\u015f inc\u0259s\u0259n\u0259t v\u0259 m\u0259d\u0259niyy\u0259t xadiml\u0259ri, ictimaiyy\u0259t n\u00fcmay\u0259nd\u0259l\u0259ri ikinci F\u0259xri xiyabana g\u0259l\u0259r\u0259k s\u0259n\u0259tkar\u0131n m\u0259zar\u0131n\u0131 ziyar\u0259t edib, xatir\u0259sini and\u0131lar. Bildirildi ki, Rasim Ocaqovun ad\u0131 d\u00fcnya kino n\u0259h\u0259ngl\u0259ri il\u0259 bir s\u0131rada \u00e7\u0259kilm\u0259y\u0259 layiqdir. Rasim Ocaqovun Az\u0259rbaycan kinosunun inki\u015faf\u0131 namin\u0259 g\u00f6rd\u00fcy\u00fc i\u015fl\u0259r y\u00fckd\u0259k qiym\u0259tl\u0259ndirildi.<strong>\u00a0<\/strong>Bu m\u0259kan is\u0259 g\u00f6rk\u0259mli kinorejissorun i\u015f ota\u011f\u0131 olub. Burada onun b\u0259zi \u015f\u0259xsi \u0259\u015fyalar\u0131 v\u0259 ekranla\u015fd\u0131rd\u0131\u011f\u0131 filml\u0259rin fotolar\u0131 yer al\u0131b. Rasim Ocaqovun 85 illiyi m\u00fcnasib\u0259til\u0259 C\u0259f\u0259r Cabbarl\u0131 ad\u0131na &#8220;Az\u0259rbaycanfilm&#8221; kinostudiyas\u0131nda yerl\u0259\u015f\u0259n bu ota\u011f\u0131n t\u0259mird\u0259n sonra a\u00e7\u0131l\u0131\u015f\u0131 oldu. G\u00f6rk\u0259mli rejissorun 85 illik yubileyi onun do\u011fulub boya-ba\u015fa \u00e7atd\u0131\u011f\u0131 \u015e\u0259ki \u015f\u0259h\u0259rind\u0259 b\u00f6y\u00fck m\u0259h\u0259bb\u0259tl\u0259 qeyd edildi. \u015e\u0259h\u0259r r\u0259hb\u0259rliyi, s\u0259n\u0259tkar\u0131n ail\u0259 \u00fczvl\u0259ri v\u0259 s\u0259n\u0259t dostlar\u0131, yubiley t\u0259dbirin\u0259 d\u0259v\u0259t olunan qonaqlar, \u0259vv\u0259lc\u0259 Rasim Ocaqovun barelyefi \u00f6n\u00fcnd\u0259 kinorejissorun xatir\u0259sini ehtiramla yad etdil\u0259r. Sonra t\u0259dbir i\u015ftirak\u00e7\u0131lar\u0131 Rasim Ocaqovun ad\u0131 veril\u0259n \u015e\u0259ki U\u015faq-G\u0259ncl\u0259r \u0130nki\u015faf M\u0259rk\u0259zinin a\u00e7\u0131l\u0131\u015f\u0131nda i\u015ftirak etdil\u0259r. M\u0259rk\u0259zin n\u0259zdind\u0259 f\u0259aliyy\u0259t g\u00f6st\u0259r\u0259c\u0259k u\u015faq kino-foto studiyas\u0131n\u0131n \u0259sas m\u0259qs\u0259di u\u015faqlar\u0131n bu yarad\u0131c\u0131 sah\u0259y\u0259 mara\u011f\u0131n\u0131n art\u0131r\u0131lmas\u0131d\u0131r. Rasim Ocaqovun 85 illiyi il\u0259 ba\u011fl\u0131 t\u0259\u015fkil edil\u0259n ax\u015fam da onun xasiyy\u0259tin\u0259 uy\u011fun \u2013 sad\u0259, s\u0259mimi v\u0259 kinoya, bu s\u0259n\u0259t\u0259 ba\u011fl\u0131 olanlara b\u00f6y\u00fck sevgi ruhunda ke\u00e7di. Yubiley t\u0259dbirinin i\u015ftirak\u00e7\u0131lar\u0131 \u0259vv\u0259lc\u0259 kinorejissorun h\u0259yat v\u0259 yarad\u0131c\u0131l\u0131\u011f\u0131ndan b\u0259hs ed\u0259n foto-ekspozisiya il\u0259 tan\u0131\u015f oldular. Kinorejissorun \u00e7\u0259kdiyi filml\u0259rd\u0259n fraqmentl\u0259r, filml\u0259rind\u0259 rol alm\u0131\u015f aktyorlar\u0131n yaratd\u0131qlar\u0131 obrazlar, \u00e7\u0259kili\u015f meydan\u00e7alar\u0131ndan g\u00f6r\u00fcnt\u00fcl\u0259r v\u0259 dig\u0259r fotolar t\u0259dbir i\u015ftirak\u00e7\u0131lar\u0131 t\u0259r\u0259find\u0259n b\u00f6y\u00fck maraqla qar\u015f\u0131land\u0131. Sonra g\u00f6rk\u0259mli rejissorun 85 illik yubileyi il\u0259 \u0259laq\u0259dar Kinematoqraf\u00e7\u0131lar \u0130ttifaq\u0131nda ke\u00e7iril\u0259n \u201c\u015e\u0259ki, m\u0259n s\u0259ni sevir\u0259m\u201d m\u00fcsabiq\u0259sinin qalibl\u0259ri m\u00fckafatland\u0131r\u0131ld\u0131. Az\u0259rbaycan kinosunun d\u00f6y\u00fcn\u0259n \u00fcr\u0259yi &#8211; Rasim Ocaqov bu g\u00fcn aram\u0131zda olmasa da, yaratd\u0131\u011f\u0131 \u0259s\u0259rl\u0259ri ya\u015fay\u0131r v\u0259 ya\u015fayacaq.<\/p>\n","protected":false},"excerpt":{"rendered":"<p>ARANTV.AZ x\u0259b\u0259r verir ki, Az\u0259rbaycan kino s\u0259n\u0259tinin g\u00f6rk\u0259mli n\u00fcmay\u0259nd\u0259si, rejissor, operator, SSR\u0130 v\u0259 respublika d\u00f6vl\u0259t m\u00fckafatlar\u0131 laureat\u0131, Xalq artisti Rasim Ocaqovun 85 illiyi qeyd olunub. Paytaxtda v\u0259 g\u00f6rk\u0259mli rejissorun do\u011fuldu\u011fu \u015e\u0259kid\u0259 ke\u00e7iril\u0259n t\u0259dbirl\u0259rd\u0259 bildirilib ki, Rasim Ocaqov ekran \u0259s\u0259rl\u0259ri il\u0259 milli kino s\u0259n\u0259timiz\u0259 d\u0259y\u0259rli t\u00f6hf\u0259l\u0259r verib. Baxma\u011fa he\u00e7 vaxt doymad\u0131\u011f\u0131m\u0131z bu filml\u0259ri birl\u0259\u015fdir\u0259n bir ad var&#8230; Rasim Ocaqov&#8230; Vaxt \u00f6ts\u0259 d\u0259, bu filml\u0259r yen\u0259 d\u0259 sevil\u0259c\u0259k. O da kinonu sevirdi! Onun \u00e7\u0259kdiyi filml\u0259r Rasim Oca\u011fovun d\u00f6vl\u0259ti &#8211; var\u0131 idi.\u00a0 Noyabr\u0131n 22-d\u0259 Az\u0259rbaycan kino s\u0259n\u0259tinin g\u00f6rk\u0259mli n\u00fcmay\u0259nd\u0259si, rejissor, operator, SSR\u0130 v\u0259&hellip;<\/p>\n","protected":false},"author":2,"featured_media":25078,"comment_status":"closed","ping_status":"closed","sticky":false,"template":"","format":"standard","meta":{"om_disable_all_campaigns":false,"_monsterinsights_skip_tracking":false,"_monsterinsights_sitenote_active":false,"_monsterinsights_sitenote_note":"","_monsterinsights_sitenote_category":0},"categories":[1],"tags":[],"aioseo_notices":[],"gutentor_comment":0,"rttpg_featured_image_url":{"full":["https:\/\/arantv.az\/wp-content\/uploads\/2018\/11\/fnsee7aegadn37ikp2j5ravp14ras-1.jpg",741,486,false],"landscape":["https:\/\/arantv.az\/wp-content\/uploads\/2018\/11\/fnsee7aegadn37ikp2j5ravp14ras-1.jpg",741,486,false],"portraits":["https:\/\/arantv.az\/wp-content\/uploads\/2018\/11\/fnsee7aegadn37ikp2j5ravp14ras-1.jpg",741,486,false],"thumbnail":["https:\/\/arantv.az\/wp-content\/uploads\/2018\/11\/fnsee7aegadn37ikp2j5ravp14ras-1-150x150.jpg",150,150,true],"medium":["https:\/\/arantv.az\/wp-content\/uploads\/2018\/11\/fnsee7aegadn37ikp2j5ravp14ras-1-300x197.jpg",300,197,true],"large":["https:\/\/arantv.az\/wp-content\/uploads\/2018\/11\/fnsee7aegadn37ikp2j5ravp14ras-1.jpg",640,420,false],"1536x1536":["https:\/\/arantv.az\/wp-content\/uploads\/2018\/11\/fnsee7aegadn37ikp2j5ravp14ras-1.jpg",741,486,false],"2048x2048":["https:\/\/arantv.az\/wp-content\/uploads\/2018\/11\/fnsee7aegadn37ikp2j5ravp14ras-1.jpg",741,486,false],"post-thumbnail":["https:\/\/arantv.az\/wp-content\/uploads\/2018\/11\/fnsee7aegadn37ikp2j5ravp14ras-1-240x172.jpg",240,172,true],"advps-thumb-one":["https:\/\/arantv.az\/wp-content\/uploads\/2018\/11\/fnsee7aegadn37ikp2j5ravp14ras-1.jpg",741,486,false]},"rttpg_author":{"display_name":"V\u00fcsal Rafiqo\u011flu","author_link":"https:\/\/arantv.az\/?author=2"},"rttpg_comment":0,"rttpg_category":"<a href=\"https:\/\/arantv.az\/?cat=1\" rel=\"category\">C\u0259miyy\u0259t<\/a>","rttpg_excerpt":"ARANTV.AZ x\u0259b\u0259r verir ki, Az\u0259rbaycan kino s\u0259n\u0259tinin g\u00f6rk\u0259mli n\u00fcmay\u0259nd\u0259si, rejissor, operator, SSR\u0130 v\u0259 respublika d\u00f6vl\u0259t m\u00fckafatlar\u0131 laureat\u0131, Xalq artisti Rasim Ocaqovun 85 illiyi qeyd olunub. Paytaxtda v\u0259 g\u00f6rk\u0259mli rejissorun do\u011fuldu\u011fu \u015e\u0259kid\u0259 ke\u00e7iril\u0259n t\u0259dbirl\u0259rd\u0259 bildirilib ki, Rasim Ocaqov ekran \u0259s\u0259rl\u0259ri il\u0259 milli kino s\u0259n\u0259timiz\u0259 d\u0259y\u0259rli t\u00f6hf\u0259l\u0259r verib. Baxma\u011fa he\u00e7 vaxt doymad\u0131\u011f\u0131m\u0131z bu filml\u0259ri birl\u0259\u015fdir\u0259n bir ad&hellip;","_links":{"self":[{"href":"https:\/\/arantv.az\/index.php?rest_route=\/wp\/v2\/posts\/25077"}],"collection":[{"href":"https:\/\/arantv.az\/index.php?rest_route=\/wp\/v2\/posts"}],"about":[{"href":"https:\/\/arantv.az\/index.php?rest_route=\/wp\/v2\/types\/post"}],"author":[{"embeddable":true,"href":"https:\/\/arantv.az\/index.php?rest_route=\/wp\/v2\/users\/2"}],"replies":[{"embeddable":true,"href":"https:\/\/arantv.az\/index.php?rest_route=%2Fwp%2Fv2%2Fcomments&post=25077"}],"version-history":[{"count":0,"href":"https:\/\/arantv.az\/index.php?rest_route=\/wp\/v2\/posts\/25077\/revisions"}],"wp:featuredmedia":[{"embeddable":true,"href":"https:\/\/arantv.az\/index.php?rest_route=\/wp\/v2\/media\/25078"}],"wp:attachment":[{"href":"https:\/\/arantv.az\/index.php?rest_route=%2Fwp%2Fv2%2Fmedia&parent=25077"}],"wp:term":[{"taxonomy":"category","embeddable":true,"href":"https:\/\/arantv.az\/index.php?rest_route=%2Fwp%2Fv2%2Fcategories&post=25077"},{"taxonomy":"post_tag","embeddable":true,"href":"https:\/\/arantv.az\/index.php?rest_route=%2Fwp%2Fv2%2Ftags&post=25077"}],"curies":[{"name":"wp","href":"https:\/\/api.w.org\/{rel}","templated":true}]}}