{"id":25080,"date":"2018-11-26T14:11:16","date_gmt":"2018-11-26T11:11:16","guid":{"rendered":"http:\/\/arantv.az\/?p=25080"},"modified":"2018-11-26T14:11:16","modified_gmt":"2018-11-26T11:11:16","slug":"az%c9%99rbaycanda-g%c9%99nc-sairin-d%c9%99hs%c9%99tli-intihar-s%c9%99b%c9%99bi-uz%c9%99-cixdi-sok-faktlar","status":"publish","type":"post","link":"https:\/\/arantv.az\/?p=25080","title":{"rendered":"Az\u0259rbaycanda g\u0259nc \u015fairin d\u0259h\u015f\u0259tli intihar s\u0259b\u0259bi \u00dcZ\u018f \u00c7IXDI \u2013 \u015eOK FAKTLAR"},"content":{"rendered":"<p><strong>Noyabr\u0131n 23-d\u0259 g\u0259nc \u015fair \u015eaiq Sad\u0131qzad\u0259nin intihar etm\u0259si il\u0259 ba\u011fl\u0131 cinay\u0259t i\u015fi a\u00e7\u0131l\u0131b.<\/strong><\/p>\n<p><b>ARANTV.AZ <\/b>x\u0259b\u0259r verir ki, 27 ya\u015fl\u0131 \u015eaiq Sad\u0131qzad\u0259nin \u00f6z\u00fcn\u00fc a\u011facdan asaraq intihar etm\u0259si il\u0259 ba\u011fl\u0131 Goranboy rayon Prokurorlu\u011funda Cinay\u0259t M\u0259c\u0259ll\u0259sinin 125-ci (\u00f6z\u00fcn\u00fc \u00f6ld\u00fcrm\u0259 h\u0259ddin\u0259 \u00e7atd\u0131rma) madd\u0259si il\u0259 i\u015f ba\u015flan\u0131l\u0131b.<\/p>\n<p>\u0130lkin ara\u015fd\u0131rmalar zaman\u0131 m\u0259lum olub ki, rayon m\u0259kt\u0259bl\u0259rind\u0259n birind\u0259 co\u011frafiya m\u00fc\u0259llimi i\u015fl\u0259y\u0259n \u015e.Sad\u0131qzad\u0259 bar\u0259sind\u0259 Cinay\u0259t M\u0259c\u0259ll\u0259sinin 263.2-ci madd\u0259si (yol h\u0259r\u0259k\u0259t qaydalar\u0131n\u0131n pozulmas\u0131n\u0131n \u00f6l\u00fcm\u0259 s\u0259b\u0259b olmas\u0131) il\u0259 i\u015f olub v\u0259 Goranboy rayon Polid \u0130dar\u0259sind\u0259 icraatda imi\u015f. Bel\u0259 ki, oktyabr\u0131n 11-d\u0259 saat 8 rad\u0259l\u0259rind\u0259 rayonun A\u015fa\u011f\u0131 A\u011fcak\u0259nd k\u0259ndi \u0259razisind\u0259 Kamran Quliyevin idar\u0259 etdiyi \u201cNiva\u201d v\u0259 B\u00f6r\u00fc k\u0259nd sakini \u015eaiq Sad\u0131qzad\u0259nin idar\u0259 etdiyi \u201cVAZ-21015\u201d markal\u0131 avtomobill\u0259r toqqu\u015fub. N\u0259tic\u0259d\u0259 K.Quliyevin s\u0259rni\u015finl\u0259rind\u0259n Zakir S\u0259m\u0259dov hadis\u0259 yerind\u0259 \u00f6l\u00fcb, \u00f6z\u00fc v\u0259 dig\u0259r 4 s\u0259rni\u015fini x\u0259st\u0259xanaya yerl\u0259\u015fdirilib. Ara\u015fd\u0131rmalar zaman\u0131 m\u0259lum olub ki, hadis\u0259 vaxt\u0131 g\u0259nc \u015fair v\u0259 m\u00fc\u0259llim \u015eaiq Sad\u0131qzad\u0259 n\u0259qliyyat vasit\u0259sini s\u00fcr\u00fcc\u00fcl\u00fck v\u0259siq\u0259si olmadan idar\u0259 edib. \u0130stintaq m\u00fcdd\u0259ti \u00fc\u00e7\u00fcn s\u0259rb\u0259st burax\u0131lan \u015e.Sad\u0131qzad\u0259nin daha sonra h\u0259bs ehtimal\u0131 olub. Bu s\u0259b\u0259bd\u0259n, el\u0259c\u0259 d\u0259 q\u0259zada insan itkisinin olmas\u0131 \u015eaiqd\u0259 d\u0259rin psixoloji sars\u0131nt\u0131lar yarad\u0131b v\u0259 o, h\u0259yat\u0131na son qoyub.<\/p>\n<p>Faktla ba\u011fl\u0131 ara\u015fd\u0131rmalar davam etdirilir.<\/p>\n<p>Qeyd ed\u0259k ki, \u015e.Sad\u0131qzad\u0259 L\u0259nk\u0259ran D\u00f6vl\u0259t Universitetinin m\u0259zunu olub v\u0259 co\u011frafiya m\u00fc\u0259llimi i\u015fl\u0259yirmi\u015f. O, t\u0259l\u0259b\u0259 olark\u0259n ixtira etdiyi cihazla g\u00fcnd\u0259m\u0259 g\u0259lmi\u015fdi.<\/p>\n<p><img loading=\"lazy\" class=\"alignnone size-medium wp-image-25081\" src=\"https:\/\/arantv.az\/wp-content\/uploads\/2018\/11\/46514606_1010636195795530_2650263428886691840_n-300x300.jpg\" alt=\"\" width=\"300\" height=\"300\" \/><\/p>\n<p>publika.az<\/p>\n","protected":false},"excerpt":{"rendered":"<p>Noyabr\u0131n 23-d\u0259 g\u0259nc \u015fair \u015eaiq Sad\u0131qzad\u0259nin intihar etm\u0259si il\u0259 ba\u011fl\u0131 cinay\u0259t i\u015fi a\u00e7\u0131l\u0131b. ARANTV.AZ x\u0259b\u0259r verir ki, 27 ya\u015fl\u0131 \u015eaiq Sad\u0131qzad\u0259nin \u00f6z\u00fcn\u00fc a\u011facdan asaraq intihar etm\u0259si il\u0259 ba\u011fl\u0131 Goranboy rayon Prokurorlu\u011funda Cinay\u0259t M\u0259c\u0259ll\u0259sinin 125-ci (\u00f6z\u00fcn\u00fc \u00f6ld\u00fcrm\u0259 h\u0259ddin\u0259 \u00e7atd\u0131rma) madd\u0259si il\u0259 i\u015f ba\u015flan\u0131l\u0131b. \u0130lkin ara\u015fd\u0131rmalar zaman\u0131 m\u0259lum olub ki, rayon m\u0259kt\u0259bl\u0259rind\u0259n birind\u0259 co\u011frafiya m\u00fc\u0259llimi i\u015fl\u0259y\u0259n \u015e.Sad\u0131qzad\u0259 bar\u0259sind\u0259 Cinay\u0259t M\u0259c\u0259ll\u0259sinin 263.2-ci madd\u0259si (yol h\u0259r\u0259k\u0259t qaydalar\u0131n\u0131n pozulmas\u0131n\u0131n \u00f6l\u00fcm\u0259 s\u0259b\u0259b olmas\u0131) il\u0259 i\u015f olub v\u0259 Goranboy rayon Polid \u0130dar\u0259sind\u0259 icraatda imi\u015f. Bel\u0259 ki, oktyabr\u0131n 11-d\u0259 saat 8 rad\u0259l\u0259rind\u0259 rayonun A\u015fa\u011f\u0131 A\u011fcak\u0259nd k\u0259ndi \u0259razisind\u0259 Kamran&hellip;<\/p>\n","protected":false},"author":2,"featured_media":25082,"comment_status":"closed","ping_status":"closed","sticky":false,"template":"","format":"standard","meta":{"om_disable_all_campaigns":false,"_monsterinsights_skip_tracking":false,"_monsterinsights_sitenote_active":false,"_monsterinsights_sitenote_note":"","_monsterinsights_sitenote_category":0},"categories":[5],"tags":[],"aioseo_notices":[],"gutentor_comment":0,"rttpg_featured_image_url":{"full":["https:\/\/arantv.az\/wp-content\/uploads\/2018\/11\/46801419_704545929914331_3790018810031898624_n.jpg",800,450,false],"landscape":["https:\/\/arantv.az\/wp-content\/uploads\/2018\/11\/46801419_704545929914331_3790018810031898624_n.jpg",800,450,false],"portraits":["https:\/\/arantv.az\/wp-content\/uploads\/2018\/11\/46801419_704545929914331_3790018810031898624_n.jpg",800,450,false],"thumbnail":["https:\/\/arantv.az\/wp-content\/uploads\/2018\/11\/46801419_704545929914331_3790018810031898624_n-150x150.jpg",150,150,true],"medium":["https:\/\/arantv.az\/wp-content\/uploads\/2018\/11\/46801419_704545929914331_3790018810031898624_n-300x169.jpg",300,169,true],"large":["https:\/\/arantv.az\/wp-content\/uploads\/2018\/11\/46801419_704545929914331_3790018810031898624_n.jpg",640,360,false],"1536x1536":["https:\/\/arantv.az\/wp-content\/uploads\/2018\/11\/46801419_704545929914331_3790018810031898624_n.jpg",800,450,false],"2048x2048":["https:\/\/arantv.az\/wp-content\/uploads\/2018\/11\/46801419_704545929914331_3790018810031898624_n.jpg",800,450,false],"post-thumbnail":["https:\/\/arantv.az\/wp-content\/uploads\/2018\/11\/46801419_704545929914331_3790018810031898624_n-240x172.jpg",240,172,true],"advps-thumb-one":["https:\/\/arantv.az\/wp-content\/uploads\/2018\/11\/46801419_704545929914331_3790018810031898624_n.jpg",800,450,false]},"rttpg_author":{"display_name":"V\u00fcsal Rafiqo\u011flu","author_link":"https:\/\/arantv.az\/?author=2"},"rttpg_comment":0,"rttpg_category":"<a href=\"https:\/\/arantv.az\/?cat=5\" rel=\"category\">Hadis\u0259<\/a>","rttpg_excerpt":"Noyabr\u0131n 23-d\u0259 g\u0259nc \u015fair \u015eaiq Sad\u0131qzad\u0259nin intihar etm\u0259si il\u0259 ba\u011fl\u0131 cinay\u0259t i\u015fi a\u00e7\u0131l\u0131b. ARANTV.AZ x\u0259b\u0259r verir ki, 27 ya\u015fl\u0131 \u015eaiq Sad\u0131qzad\u0259nin \u00f6z\u00fcn\u00fc a\u011facdan asaraq intihar etm\u0259si il\u0259 ba\u011fl\u0131 Goranboy rayon Prokurorlu\u011funda Cinay\u0259t M\u0259c\u0259ll\u0259sinin 125-ci (\u00f6z\u00fcn\u00fc \u00f6ld\u00fcrm\u0259 h\u0259ddin\u0259 \u00e7atd\u0131rma) madd\u0259si il\u0259 i\u015f ba\u015flan\u0131l\u0131b. \u0130lkin ara\u015fd\u0131rmalar zaman\u0131 m\u0259lum olub ki, rayon m\u0259kt\u0259bl\u0259rind\u0259n birind\u0259 co\u011frafiya m\u00fc\u0259llimi i\u015fl\u0259y\u0259n \u015e.Sad\u0131qzad\u0259&hellip;","_links":{"self":[{"href":"https:\/\/arantv.az\/index.php?rest_route=\/wp\/v2\/posts\/25080"}],"collection":[{"href":"https:\/\/arantv.az\/index.php?rest_route=\/wp\/v2\/posts"}],"about":[{"href":"https:\/\/arantv.az\/index.php?rest_route=\/wp\/v2\/types\/post"}],"author":[{"embeddable":true,"href":"https:\/\/arantv.az\/index.php?rest_route=\/wp\/v2\/users\/2"}],"replies":[{"embeddable":true,"href":"https:\/\/arantv.az\/index.php?rest_route=%2Fwp%2Fv2%2Fcomments&post=25080"}],"version-history":[{"count":0,"href":"https:\/\/arantv.az\/index.php?rest_route=\/wp\/v2\/posts\/25080\/revisions"}],"wp:featuredmedia":[{"embeddable":true,"href":"https:\/\/arantv.az\/index.php?rest_route=\/wp\/v2\/media\/25082"}],"wp:attachment":[{"href":"https:\/\/arantv.az\/index.php?rest_route=%2Fwp%2Fv2%2Fmedia&parent=25080"}],"wp:term":[{"taxonomy":"category","embeddable":true,"href":"https:\/\/arantv.az\/index.php?rest_route=%2Fwp%2Fv2%2Fcategories&post=25080"},{"taxonomy":"post_tag","embeddable":true,"href":"https:\/\/arantv.az\/index.php?rest_route=%2Fwp%2Fv2%2Ftags&post=25080"}],"curies":[{"name":"wp","href":"https:\/\/api.w.org\/{rel}","templated":true}]}}