{"id":25085,"date":"2018-11-26T14:13:40","date_gmt":"2018-11-26T11:13:40","guid":{"rendered":"http:\/\/arantv.az\/?p=25085"},"modified":"2018-11-26T14:13:40","modified_gmt":"2018-11-26T11:13:40","slug":"surucul%c9%99r%c9%99-vacib-x%c9%99b%c9%99rdarliq-bunu-ed%c9%99nl%c9%99r-c%c9%99rim%c9%99l%c9%99n%c9%99c%c9%99k","status":"publish","type":"post","link":"https:\/\/arantv.az\/?p=25085","title":{"rendered":"S\u00fcr\u00fcc\u00fcl\u0259r\u0259 VAC\u0130B X\u018fB\u018fRDARLIQ: bunu ed\u0259nl\u0259r c\u0259rim\u0259l\u0259n\u0259c\u0259k"},"content":{"rendered":"<p><strong>\u201cYol h\u0259r\u0259k\u0259ti haqq\u0131nda\u201d Qanunun t\u0259l\u0259bin\u0259 \u0259sas\u0259n h\u0259r\u0259k\u0259td\u0259 olan n\u0259qliyyat vasit\u0259sinin d\u00f6vl\u0259t qeydiyyat ni\u015fan\u0131n\u0131n g\u00f6r\u00fcnm\u0259si \u00fc\u00e7\u00fcn onun t\u0259miz saxlan\u0131lmas\u0131 t\u0259min edilm\u0259lidir.<\/strong><\/p>\n<p><strong>ARANTV.AZ<\/strong>-\u0131n xb\u0259r\u0259in\u0259 g\u00f6r\u0259, Ba\u015f D\u00f6vl\u0259t Yol Polisi \u0130dar\u0259sinin ictimaiyy\u0259tl\u0259 \u0259laq\u0259l\u0259r \u015f\u00f6b\u0259sinin r\u0259isi R\u00fcf\u0259t Quliyev Trend-\u0259 bildirib ki, n\u0259qliyyat vasit\u0259l\u0259rinin s\u00fcr\u00fcc\u00fcl\u0259ri t\u0259r\u0259find\u0259n bu v\u0259zif\u0259nin yerin\u0259 yetirilm\u0259m\u0259si avtomobilin istismar\u0131 qaydalar\u0131n\u0131n pozulmas\u0131 hesab edilir.<\/p>\n<p>Haz\u0131rda q\u0131\u015f m\u00f6vs\u00fcm\u00fc il\u0259 \u0259laq\u0259dar k\u00fc\u00e7\u0259 v\u0259 yollarda \u00e7irkli su v\u0259 ya pal\u00e7\u0131\u011f\u0131n yaranma ehtimal\u0131n\u0131n artd\u0131\u011f\u0131n\u0131 xat\u0131rladan R.Quliyev bu s\u0259b\u0259bd\u0259n s\u00fcr\u00fcc\u00fcl\u0259r\u0131n avtomobill\u0259rinin, o c\u00fcml\u0259d\u0259n onlar\u0131n d\u00f6vl\u0259t qeydiyyat ni\u015fanlar\u0131n\u0131n t\u0259miz saxlan\u0131lmas\u0131na daha \u00e7ox diqq\u0259t ay\u0131rmalar\u0131n\u0131n vacibliyini x\u00fcsusil\u0259 vur\u011fulay\u0131b. Lakin b\u0259zi s\u00fcr\u00fcc\u00fcl\u0259rin havalar\u0131n ya\u011f\u0131\u015fl\u0131, \u00e7iskinli olmas\u0131n\u0131 b\u0259han\u0259 g\u0259tir\u0259r\u0259k avtomobill\u0259rinin d\u00f6vl\u0259t qeydiyyat ni\u015fanlar\u0131n\u0131 t\u0259miz saxlamad\u0131qlar\u0131n\u0131, h\u0259tta bil\u0259r\u0259kd\u0259n ni\u015fanlar\u0131n \u00fcst\u00fcn\u00fc s\u00fcni \u015f\u0259kild\u0259 bir az da \u00e7irkl\u0259ndirdikl\u0259rini t\u0259\u0259ss\u00fcf hissi il\u0259 qeyd ed\u0259n \u015f\u00f6b\u0259 r\u0259isi, bu kimi hallar\u0131n yol verilm\u0259z oldu\u011funu bildirib.<\/p>\n<p>Xat\u0131rladaq ki, AR \u0130XM-nin 342.1.7 madd\u0259sinin t\u0259l\u0259bin\u0259 \u0259sas\u0259n, h\u0259r\u0259k\u0259td\u0259 olan n\u0259qliyyat vasit\u0259sinin d\u00f6vl\u0259t qeydiyyat ni\u015fan\u0131n\u0131n g\u00f6r\u00fcnm\u0259si \u00fc\u00e7\u00fcn onun t\u0259miz saxlan\u0131lmamas\u0131na g\u00f6r\u0259 40 manat m\u0259bl\u0259\u011find\u0259 c\u0259rim\u0259 n\u0259z\u0259rd\u0259 tutulur.publika.az<\/p>\n","protected":false},"excerpt":{"rendered":"<p>\u201cYol h\u0259r\u0259k\u0259ti haqq\u0131nda\u201d Qanunun t\u0259l\u0259bin\u0259 \u0259sas\u0259n h\u0259r\u0259k\u0259td\u0259 olan n\u0259qliyyat vasit\u0259sinin d\u00f6vl\u0259t qeydiyyat ni\u015fan\u0131n\u0131n g\u00f6r\u00fcnm\u0259si \u00fc\u00e7\u00fcn onun t\u0259miz saxlan\u0131lmas\u0131 t\u0259min edilm\u0259lidir. ARANTV.AZ-\u0131n xb\u0259r\u0259in\u0259 g\u00f6r\u0259, Ba\u015f D\u00f6vl\u0259t Yol Polisi \u0130dar\u0259sinin ictimaiyy\u0259tl\u0259 \u0259laq\u0259l\u0259r \u015f\u00f6b\u0259sinin r\u0259isi R\u00fcf\u0259t Quliyev Trend-\u0259 bildirib ki, n\u0259qliyyat vasit\u0259l\u0259rinin s\u00fcr\u00fcc\u00fcl\u0259ri t\u0259r\u0259find\u0259n bu v\u0259zif\u0259nin yerin\u0259 yetirilm\u0259m\u0259si avtomobilin istismar\u0131 qaydalar\u0131n\u0131n pozulmas\u0131 hesab edilir. Haz\u0131rda q\u0131\u015f m\u00f6vs\u00fcm\u00fc il\u0259 \u0259laq\u0259dar k\u00fc\u00e7\u0259 v\u0259 yollarda \u00e7irkli su v\u0259 ya pal\u00e7\u0131\u011f\u0131n yaranma ehtimal\u0131n\u0131n artd\u0131\u011f\u0131n\u0131 xat\u0131rladan R.Quliyev bu s\u0259b\u0259bd\u0259n s\u00fcr\u00fcc\u00fcl\u0259r\u0131n avtomobill\u0259rinin, o c\u00fcml\u0259d\u0259n onlar\u0131n d\u00f6vl\u0259t qeydiyyat ni\u015fanlar\u0131n\u0131n t\u0259miz saxlan\u0131lmas\u0131na daha \u00e7ox diqq\u0259t ay\u0131rmalar\u0131n\u0131n vacibliyini x\u00fcsusil\u0259 vur\u011fulay\u0131b. Lakin b\u0259zi&hellip;<\/p>\n","protected":false},"author":2,"featured_media":25086,"comment_status":"closed","ping_status":"closed","sticky":false,"template":"","format":"standard","meta":{"om_disable_all_campaigns":false,"_monsterinsights_skip_tracking":false,"_monsterinsights_sitenote_active":false,"_monsterinsights_sitenote_note":"","_monsterinsights_sitenote_category":0},"categories":[1],"tags":[],"aioseo_notices":[],"gutentor_comment":0,"rttpg_featured_image_url":{"full":["https:\/\/arantv.az\/wp-content\/uploads\/2018\/11\/yol-polisi.jpg",800,450,false],"landscape":["https:\/\/arantv.az\/wp-content\/uploads\/2018\/11\/yol-polisi.jpg",800,450,false],"portraits":["https:\/\/arantv.az\/wp-content\/uploads\/2018\/11\/yol-polisi.jpg",800,450,false],"thumbnail":["https:\/\/arantv.az\/wp-content\/uploads\/2018\/11\/yol-polisi-150x150.jpg",150,150,true],"medium":["https:\/\/arantv.az\/wp-content\/uploads\/2018\/11\/yol-polisi-300x169.jpg",300,169,true],"large":["https:\/\/arantv.az\/wp-content\/uploads\/2018\/11\/yol-polisi.jpg",640,360,false],"1536x1536":["https:\/\/arantv.az\/wp-content\/uploads\/2018\/11\/yol-polisi.jpg",800,450,false],"2048x2048":["https:\/\/arantv.az\/wp-content\/uploads\/2018\/11\/yol-polisi.jpg",800,450,false],"post-thumbnail":["https:\/\/arantv.az\/wp-content\/uploads\/2018\/11\/yol-polisi-240x172.jpg",240,172,true],"advps-thumb-one":["https:\/\/arantv.az\/wp-content\/uploads\/2018\/11\/yol-polisi.jpg",800,450,false]},"rttpg_author":{"display_name":"V\u00fcsal Rafiqo\u011flu","author_link":"https:\/\/arantv.az\/?author=2"},"rttpg_comment":0,"rttpg_category":"<a href=\"https:\/\/arantv.az\/?cat=1\" rel=\"category\">C\u0259miyy\u0259t<\/a>","rttpg_excerpt":"\u201cYol h\u0259r\u0259k\u0259ti haqq\u0131nda\u201d Qanunun t\u0259l\u0259bin\u0259 \u0259sas\u0259n h\u0259r\u0259k\u0259td\u0259 olan n\u0259qliyyat vasit\u0259sinin d\u00f6vl\u0259t qeydiyyat ni\u015fan\u0131n\u0131n g\u00f6r\u00fcnm\u0259si \u00fc\u00e7\u00fcn onun t\u0259miz saxlan\u0131lmas\u0131 t\u0259min edilm\u0259lidir. ARANTV.AZ-\u0131n xb\u0259r\u0259in\u0259 g\u00f6r\u0259, Ba\u015f D\u00f6vl\u0259t Yol Polisi \u0130dar\u0259sinin ictimaiyy\u0259tl\u0259 \u0259laq\u0259l\u0259r \u015f\u00f6b\u0259sinin r\u0259isi R\u00fcf\u0259t Quliyev Trend-\u0259 bildirib ki, n\u0259qliyyat vasit\u0259l\u0259rinin s\u00fcr\u00fcc\u00fcl\u0259ri t\u0259r\u0259find\u0259n bu v\u0259zif\u0259nin yerin\u0259 yetirilm\u0259m\u0259si avtomobilin istismar\u0131 qaydalar\u0131n\u0131n pozulmas\u0131 hesab edilir. Haz\u0131rda q\u0131\u015f m\u00f6vs\u00fcm\u00fc il\u0259&hellip;","_links":{"self":[{"href":"https:\/\/arantv.az\/index.php?rest_route=\/wp\/v2\/posts\/25085"}],"collection":[{"href":"https:\/\/arantv.az\/index.php?rest_route=\/wp\/v2\/posts"}],"about":[{"href":"https:\/\/arantv.az\/index.php?rest_route=\/wp\/v2\/types\/post"}],"author":[{"embeddable":true,"href":"https:\/\/arantv.az\/index.php?rest_route=\/wp\/v2\/users\/2"}],"replies":[{"embeddable":true,"href":"https:\/\/arantv.az\/index.php?rest_route=%2Fwp%2Fv2%2Fcomments&post=25085"}],"version-history":[{"count":0,"href":"https:\/\/arantv.az\/index.php?rest_route=\/wp\/v2\/posts\/25085\/revisions"}],"wp:featuredmedia":[{"embeddable":true,"href":"https:\/\/arantv.az\/index.php?rest_route=\/wp\/v2\/media\/25086"}],"wp:attachment":[{"href":"https:\/\/arantv.az\/index.php?rest_route=%2Fwp%2Fv2%2Fmedia&parent=25085"}],"wp:term":[{"taxonomy":"category","embeddable":true,"href":"https:\/\/arantv.az\/index.php?rest_route=%2Fwp%2Fv2%2Fcategories&post=25085"},{"taxonomy":"post_tag","embeddable":true,"href":"https:\/\/arantv.az\/index.php?rest_route=%2Fwp%2Fv2%2Ftags&post=25085"}],"curies":[{"name":"wp","href":"https:\/\/api.w.org\/{rel}","templated":true}]}}