{"id":251091,"date":"2020-12-10T08:09:35","date_gmt":"2020-12-10T05:09:35","guid":{"rendered":"http:\/\/arantv.az\/?p=251091"},"modified":"2020-12-10T08:09:35","modified_gmt":"2020-12-10T05:09:35","slug":"z%c9%99f%c9%99r-paradina-susaya-sancilan-bayragi-p%c9%99nah%c9%99li-xanin-n%c9%99slind%c9%99n-olan-general-mayor-g%c9%99tir%c9%99c%c9%99k","status":"publish","type":"post","link":"https:\/\/arantv.az\/?p=251091","title":{"rendered":"Z\u0259f\u0259r parad\u0131na \u015eu\u015faya sanc\u0131lan bayra\u011f\u0131 P\u0259nah\u0259li xan\u0131n n\u0259slind\u0259n olan general-mayor g\u0259tir\u0259c\u0259k"},"content":{"rendered":"<p>Sabahk\u0131 Z\u0259f\u0259r parad\u0131nda \u015eu\u015faya sanc\u0131lan bayra\u011f\u0131 meydana g\u0259tir\u0259c\u0259k \u015f\u0259xsin kimliyi m\u0259lum olub.<\/p>\n<p>Bunu parad\u0131n ssenari m\u00fc\u0259llifi v\u0259 apar\u0131c\u0131s\u0131, \u018fm\u0259kdar inc\u0259s\u0259n\u0259t xadimi, Prezidentin f\u0259rdi t\u0259qa\u00fcd\u00e7\u00fcs\u00fc, polkovnik Abdulla Qurbani Modern.az-a m\u00fcsahib\u0259si zaman\u0131 bildirib.<\/p>\n<p>\u201cBayra\u011f\u0131 meydana \u015eu\u015fan\u0131n al\u0131nmas\u0131nda, h\u0259rbi \u0259m\u0259liyyatlar\u0131n ke\u00e7irilm\u0259sind\u0259 m\u00fcst\u0259sna xidm\u0259tl\u0259ri olan, m\u00f6ht\u0259r\u0259m Prezidentimizin s\u0259r\u0259ncam\u0131 il\u0259 general-mayor ali h\u0259rbi r\u00fctb\u0259sin\u0259 layiq g\u00f6r\u00fcl\u0259n, Qaraba\u011f xanl\u0131\u011f\u0131n\u0131n, \u015eu\u015fa qalas\u0131n\u0131n \u0259sas\u0131n\u0131 qoyan P\u0259nah\u0259li xan Cavan\u015firin n\u0259slind\u0259n olan v\u0259 \u015eu\u015fa azad olunandan sonra ilk komendant Zaur M\u0259mm\u0259dov g\u0259tir\u0259c\u0259k\u201d, &#8211; A.Qurbani qeyd edib.<\/p>\n","protected":false},"excerpt":{"rendered":"<p>Sabahk\u0131 Z\u0259f\u0259r parad\u0131nda \u015eu\u015faya sanc\u0131lan bayra\u011f\u0131 meydana g\u0259tir\u0259c\u0259k \u015f\u0259xsin kimliyi m\u0259lum olub. Bunu parad\u0131n ssenari m\u00fc\u0259llifi v\u0259 apar\u0131c\u0131s\u0131, \u018fm\u0259kdar inc\u0259s\u0259n\u0259t xadimi, Prezidentin f\u0259rdi t\u0259qa\u00fcd\u00e7\u00fcs\u00fc, polkovnik Abdulla Qurbani Modern.az-a m\u00fcsahib\u0259si zaman\u0131 bildirib. \u201cBayra\u011f\u0131 meydana \u015eu\u015fan\u0131n al\u0131nmas\u0131nda, h\u0259rbi \u0259m\u0259liyyatlar\u0131n ke\u00e7irilm\u0259sind\u0259 m\u00fcst\u0259sna xidm\u0259tl\u0259ri olan, m\u00f6ht\u0259r\u0259m Prezidentimizin s\u0259r\u0259ncam\u0131 il\u0259 general-mayor ali h\u0259rbi r\u00fctb\u0259sin\u0259 layiq g\u00f6r\u00fcl\u0259n, Qaraba\u011f xanl\u0131\u011f\u0131n\u0131n, \u015eu\u015fa qalas\u0131n\u0131n \u0259sas\u0131n\u0131 qoyan P\u0259nah\u0259li xan Cavan\u015firin n\u0259slind\u0259n olan v\u0259 \u015eu\u015fa azad olunandan sonra ilk komendant Zaur M\u0259mm\u0259dov g\u0259tir\u0259c\u0259k\u201d, &#8211; A.Qurbani qeyd edib.<\/p>\n","protected":false},"author":2,"featured_media":251092,"comment_status":"closed","ping_status":"closed","sticky":false,"template":"","format":"standard","meta":{"om_disable_all_campaigns":false,"_monsterinsights_skip_tracking":false,"_monsterinsights_sitenote_active":false,"_monsterinsights_sitenote_note":"","_monsterinsights_sitenote_category":0},"categories":[19],"tags":[],"aioseo_notices":[],"gutentor_comment":0,"rttpg_featured_image_url":{"full":["https:\/\/arantv.az\/wp-content\/uploads\/2020\/12\/130822174_10223837509183262_3262372751073146990_o.jpg",620,413,false],"landscape":["https:\/\/arantv.az\/wp-content\/uploads\/2020\/12\/130822174_10223837509183262_3262372751073146990_o.jpg",620,413,false],"portraits":["https:\/\/arantv.az\/wp-content\/uploads\/2020\/12\/130822174_10223837509183262_3262372751073146990_o.jpg",620,413,false],"thumbnail":["https:\/\/arantv.az\/wp-content\/uploads\/2020\/12\/130822174_10223837509183262_3262372751073146990_o-150x150.jpg",150,150,true],"medium":["https:\/\/arantv.az\/wp-content\/uploads\/2020\/12\/130822174_10223837509183262_3262372751073146990_o-300x200.jpg",300,200,true],"large":["https:\/\/arantv.az\/wp-content\/uploads\/2020\/12\/130822174_10223837509183262_3262372751073146990_o.jpg",620,413,false],"1536x1536":["https:\/\/arantv.az\/wp-content\/uploads\/2020\/12\/130822174_10223837509183262_3262372751073146990_o.jpg",620,413,false],"2048x2048":["https:\/\/arantv.az\/wp-content\/uploads\/2020\/12\/130822174_10223837509183262_3262372751073146990_o.jpg",620,413,false],"post-thumbnail":["https:\/\/arantv.az\/wp-content\/uploads\/2020\/12\/130822174_10223837509183262_3262372751073146990_o-240x172.jpg",240,172,true],"advps-thumb-one":["https:\/\/arantv.az\/wp-content\/uploads\/2020\/12\/130822174_10223837509183262_3262372751073146990_o.jpg",620,413,false]},"rttpg_author":{"display_name":"V\u00fcsal Rafiqo\u011flu","author_link":"https:\/\/arantv.az\/?author=2"},"rttpg_comment":0,"rttpg_category":"<a href=\"https:\/\/arantv.az\/?cat=19\" rel=\"category\">G\u00fcnd\u0259m<\/a>","rttpg_excerpt":"Sabahk\u0131 Z\u0259f\u0259r parad\u0131nda \u015eu\u015faya sanc\u0131lan bayra\u011f\u0131 meydana g\u0259tir\u0259c\u0259k \u015f\u0259xsin kimliyi m\u0259lum olub. Bunu parad\u0131n ssenari m\u00fc\u0259llifi v\u0259 apar\u0131c\u0131s\u0131, \u018fm\u0259kdar inc\u0259s\u0259n\u0259t xadimi, Prezidentin f\u0259rdi t\u0259qa\u00fcd\u00e7\u00fcs\u00fc, polkovnik Abdulla Qurbani Modern.az-a m\u00fcsahib\u0259si zaman\u0131 bildirib. \u201cBayra\u011f\u0131 meydana \u015eu\u015fan\u0131n al\u0131nmas\u0131nda, h\u0259rbi \u0259m\u0259liyyatlar\u0131n ke\u00e7irilm\u0259sind\u0259 m\u00fcst\u0259sna xidm\u0259tl\u0259ri olan, m\u00f6ht\u0259r\u0259m Prezidentimizin s\u0259r\u0259ncam\u0131 il\u0259 general-mayor ali h\u0259rbi r\u00fctb\u0259sin\u0259 layiq g\u00f6r\u00fcl\u0259n, Qaraba\u011f xanl\u0131\u011f\u0131n\u0131n, \u015eu\u015fa qalas\u0131n\u0131n&hellip;","_links":{"self":[{"href":"https:\/\/arantv.az\/index.php?rest_route=\/wp\/v2\/posts\/251091"}],"collection":[{"href":"https:\/\/arantv.az\/index.php?rest_route=\/wp\/v2\/posts"}],"about":[{"href":"https:\/\/arantv.az\/index.php?rest_route=\/wp\/v2\/types\/post"}],"author":[{"embeddable":true,"href":"https:\/\/arantv.az\/index.php?rest_route=\/wp\/v2\/users\/2"}],"replies":[{"embeddable":true,"href":"https:\/\/arantv.az\/index.php?rest_route=%2Fwp%2Fv2%2Fcomments&post=251091"}],"version-history":[{"count":0,"href":"https:\/\/arantv.az\/index.php?rest_route=\/wp\/v2\/posts\/251091\/revisions"}],"wp:featuredmedia":[{"embeddable":true,"href":"https:\/\/arantv.az\/index.php?rest_route=\/wp\/v2\/media\/251092"}],"wp:attachment":[{"href":"https:\/\/arantv.az\/index.php?rest_route=%2Fwp%2Fv2%2Fmedia&parent=251091"}],"wp:term":[{"taxonomy":"category","embeddable":true,"href":"https:\/\/arantv.az\/index.php?rest_route=%2Fwp%2Fv2%2Fcategories&post=251091"},{"taxonomy":"post_tag","embeddable":true,"href":"https:\/\/arantv.az\/index.php?rest_route=%2Fwp%2Fv2%2Ftags&post=251091"}],"curies":[{"name":"wp","href":"https:\/\/api.w.org\/{rel}","templated":true}]}}