{"id":251099,"date":"2020-12-10T08:13:29","date_gmt":"2020-12-10T05:13:29","guid":{"rendered":"http:\/\/arantv.az\/?p=251099"},"modified":"2020-12-10T08:13:29","modified_gmt":"2020-12-10T05:13:29","slug":"yaralandi-k%c9%99sfiyyata-buraxmadilar-o-is%c9%99-doyus%c9%99-girdi","status":"publish","type":"post","link":"https:\/\/arantv.az\/?p=251099","title":{"rendered":"Yaraland\u0131, k\u0259\u015ffiyyata buraxmad\u0131lar, o is\u0259 d\u00f6y\u00fc\u015f\u0259 girdi&#8230;"},"content":{"rendered":"<p><strong>Qaraba\u011f u\u011frunda q\u0259hr\u0259mancas\u0131na d\u00f6y\u00fc\u015f\u0259n v\u0259 \u015f\u0259hid olan h\u0259rb\u00e7il\u0259rimizd\u0259n biri d\u0259 20 ya\u015fl\u0131 Kamildir.<\/strong><\/p>\n<p><strong>ARANTV.AZ<\/strong> x\u0259b\u0259r verir ki, Kamil Araz o\u011flu Ataki\u015fiyev 2000-ci il iyunun 12-d\u0259 O\u011fuz rayonunun Xa\u00e7maz k\u0259ndind\u0259 anadan olub.<\/p>\n<p>O, 2017-ci ild\u0259 orta m\u0259kt\u0259bi bitirdikd\u0259n sonra h\u0259rbi xidm\u0259t\u0259 yollan\u0131b.<\/p>\n<p>2020-ci il sentyabr\u0131n 29-u m\u00fcharib\u0259y\u0259 yollanan Kamil k\u0259\u015ffiyyat\u00e7\u0131 olub.<\/p>\n<p>Xidm\u0259t yolda\u015flar\u0131n\u0131n s\u00f6zl\u0259rin\u0259 g\u00f6r\u0259, F\u00fczuli, Qubadl\u0131, C\u0259bray\u0131l u\u011frunda d\u00f6y\u00fc\u015fl\u0259rd\u0259 b\u00f6y\u00fck q\u0259hr\u0259manl\u0131q g\u00f6st\u0259r\u0259n \u015f\u0259hidimiz C\u0259bray\u0131lda a\u011f\u0131r d\u00f6y\u00fc\u015fl\u0259r zaman\u0131 bir d\u0259f\u0259 yaralansa da, d\u00f6y\u00fc\u015f\u0259 davam edib.<\/p>\n<p>O, yaral\u0131 oldu\u011fu \u00fc\u00e7\u00fcn k\u0259\u015ffiyyatdan ayr\u0131l\u0131b v\u0259 Qubadl\u0131-La\u00e7\u0131n istiqam\u0259tind\u0259ki d\u00f6y\u00fc\u015fl\u0259r\u0259 qat\u0131l\u0131b. Kamilin son d\u00f6y\u00fc\u015f meydan\u0131 da el\u0259 La\u00e7\u0131n d\u0259hlizi olub.<\/p>\n<p>Xidm\u0259t yolda\u015flar\u0131 h\u0259m\u00e7inin Kamilin \u00e7ox m\u00fcsb\u0259t xarakterli, m\u0259rd, qorxmaz, c\u0259sur oldu\u011funu bildiribl\u0259r.<\/p>\n<p>Qeyd ed\u0259k ki, K.Ataki\u015fiyev 3 bac\u0131n\u0131n bir qarda\u015f\u0131 idi.<\/p>\n<p>Allah r\u0259hm\u0259t el\u0259sin!<\/p>\n","protected":false},"excerpt":{"rendered":"<p>Qaraba\u011f u\u011frunda q\u0259hr\u0259mancas\u0131na d\u00f6y\u00fc\u015f\u0259n v\u0259 \u015f\u0259hid olan h\u0259rb\u00e7il\u0259rimizd\u0259n biri d\u0259 20 ya\u015fl\u0131 Kamildir. ARANTV.AZ x\u0259b\u0259r verir ki, Kamil Araz o\u011flu Ataki\u015fiyev 2000-ci il iyunun 12-d\u0259 O\u011fuz rayonunun Xa\u00e7maz k\u0259ndind\u0259 anadan olub. O, 2017-ci ild\u0259 orta m\u0259kt\u0259bi bitirdikd\u0259n sonra h\u0259rbi xidm\u0259t\u0259 yollan\u0131b. 2020-ci il sentyabr\u0131n 29-u m\u00fcharib\u0259y\u0259 yollanan Kamil k\u0259\u015ffiyyat\u00e7\u0131 olub. Xidm\u0259t yolda\u015flar\u0131n\u0131n s\u00f6zl\u0259rin\u0259 g\u00f6r\u0259, F\u00fczuli, Qubadl\u0131, C\u0259bray\u0131l u\u011frunda d\u00f6y\u00fc\u015fl\u0259rd\u0259 b\u00f6y\u00fck q\u0259hr\u0259manl\u0131q g\u00f6st\u0259r\u0259n \u015f\u0259hidimiz C\u0259bray\u0131lda a\u011f\u0131r d\u00f6y\u00fc\u015fl\u0259r zaman\u0131 bir d\u0259f\u0259 yaralansa da, d\u00f6y\u00fc\u015f\u0259 davam edib. O, yaral\u0131 oldu\u011fu \u00fc\u00e7\u00fcn k\u0259\u015ffiyyatdan ayr\u0131l\u0131b v\u0259 Qubadl\u0131-La\u00e7\u0131n istiqam\u0259tind\u0259ki d\u00f6y\u00fc\u015fl\u0259r\u0259 qat\u0131l\u0131b. Kamilin son d\u00f6y\u00fc\u015f meydan\u0131 da&hellip;<\/p>\n","protected":false},"author":2,"featured_media":251100,"comment_status":"closed","ping_status":"closed","sticky":false,"template":"","format":"standard","meta":{"om_disable_all_campaigns":false,"_monsterinsights_skip_tracking":false,"_monsterinsights_sitenote_active":false,"_monsterinsights_sitenote_note":"","_monsterinsights_sitenote_category":0},"categories":[26],"tags":[],"aioseo_notices":[],"gutentor_comment":0,"rttpg_featured_image_url":{"full":["https:\/\/arantv.az\/wp-content\/uploads\/2020\/12\/shehid-kamil.jpg",674,471,false],"landscape":["https:\/\/arantv.az\/wp-content\/uploads\/2020\/12\/shehid-kamil.jpg",674,471,false],"portraits":["https:\/\/arantv.az\/wp-content\/uploads\/2020\/12\/shehid-kamil.jpg",674,471,false],"thumbnail":["https:\/\/arantv.az\/wp-content\/uploads\/2020\/12\/shehid-kamil-150x150.jpg",150,150,true],"medium":["https:\/\/arantv.az\/wp-content\/uploads\/2020\/12\/shehid-kamil-300x210.jpg",300,210,true],"large":["https:\/\/arantv.az\/wp-content\/uploads\/2020\/12\/shehid-kamil.jpg",640,447,false],"1536x1536":["https:\/\/arantv.az\/wp-content\/uploads\/2020\/12\/shehid-kamil.jpg",674,471,false],"2048x2048":["https:\/\/arantv.az\/wp-content\/uploads\/2020\/12\/shehid-kamil.jpg",674,471,false],"post-thumbnail":["https:\/\/arantv.az\/wp-content\/uploads\/2020\/12\/shehid-kamil-240x172.jpg",240,172,true],"advps-thumb-one":["https:\/\/arantv.az\/wp-content\/uploads\/2020\/12\/shehid-kamil.jpg",674,471,false]},"rttpg_author":{"display_name":"V\u00fcsal Rafiqo\u011flu","author_link":"https:\/\/arantv.az\/?author=2"},"rttpg_comment":0,"rttpg_category":"<a href=\"https:\/\/arantv.az\/?cat=26\" rel=\"category\">Sosial<\/a>","rttpg_excerpt":"Qaraba\u011f u\u011frunda q\u0259hr\u0259mancas\u0131na d\u00f6y\u00fc\u015f\u0259n v\u0259 \u015f\u0259hid olan h\u0259rb\u00e7il\u0259rimizd\u0259n biri d\u0259 20 ya\u015fl\u0131 Kamildir. ARANTV.AZ x\u0259b\u0259r verir ki, Kamil Araz o\u011flu Ataki\u015fiyev 2000-ci il iyunun 12-d\u0259 O\u011fuz rayonunun Xa\u00e7maz k\u0259ndind\u0259 anadan olub. O, 2017-ci ild\u0259 orta m\u0259kt\u0259bi bitirdikd\u0259n sonra h\u0259rbi xidm\u0259t\u0259 yollan\u0131b. 2020-ci il sentyabr\u0131n 29-u m\u00fcharib\u0259y\u0259 yollanan Kamil k\u0259\u015ffiyyat\u00e7\u0131 olub. Xidm\u0259t yolda\u015flar\u0131n\u0131n s\u00f6zl\u0259rin\u0259 g\u00f6r\u0259, F\u00fczuli,&hellip;","_links":{"self":[{"href":"https:\/\/arantv.az\/index.php?rest_route=\/wp\/v2\/posts\/251099"}],"collection":[{"href":"https:\/\/arantv.az\/index.php?rest_route=\/wp\/v2\/posts"}],"about":[{"href":"https:\/\/arantv.az\/index.php?rest_route=\/wp\/v2\/types\/post"}],"author":[{"embeddable":true,"href":"https:\/\/arantv.az\/index.php?rest_route=\/wp\/v2\/users\/2"}],"replies":[{"embeddable":true,"href":"https:\/\/arantv.az\/index.php?rest_route=%2Fwp%2Fv2%2Fcomments&post=251099"}],"version-history":[{"count":0,"href":"https:\/\/arantv.az\/index.php?rest_route=\/wp\/v2\/posts\/251099\/revisions"}],"wp:featuredmedia":[{"embeddable":true,"href":"https:\/\/arantv.az\/index.php?rest_route=\/wp\/v2\/media\/251100"}],"wp:attachment":[{"href":"https:\/\/arantv.az\/index.php?rest_route=%2Fwp%2Fv2%2Fmedia&parent=251099"}],"wp:term":[{"taxonomy":"category","embeddable":true,"href":"https:\/\/arantv.az\/index.php?rest_route=%2Fwp%2Fv2%2Fcategories&post=251099"},{"taxonomy":"post_tag","embeddable":true,"href":"https:\/\/arantv.az\/index.php?rest_route=%2Fwp%2Fv2%2Ftags&post=251099"}],"curies":[{"name":"wp","href":"https:\/\/api.w.org\/{rel}","templated":true}]}}