{"id":251111,"date":"2020-12-10T08:17:58","date_gmt":"2020-12-10T05:17:58","guid":{"rendered":"http:\/\/arantv.az\/?p=251111"},"modified":"2020-12-10T08:17:58","modified_gmt":"2020-12-10T05:17:58","slug":"t%c9%99ltif-olunanlar-arasinda-s%c9%99hid-sahin-d%c9%99-var","status":"publish","type":"post","link":"https:\/\/arantv.az\/?p=251111","title":{"rendered":"T\u0259ltif olunanlar aras\u0131nda \u015f\u0259hid \u015eahin d\u0259 var"},"content":{"rendered":"<p><a title=\"xeberler son xeberler 2020\" href=\"https:\/\/big.az\/\" target=\"_blank\" rel=\"noopener\">X\u0259b\u0259r<\/a>\u00a0verdiyimiz kimi, Az\u0259rbaycan Prezidenti \u0130lham \u018fliyev Az\u0259rbaycan Respublikas\u0131 Silahl\u0131 Q\u00fcvv\u0259l\u0259rinin h\u0259rbi qulluq\u00e7ular\u0131na &#8220;V\u0259t\u0259n M\u00fcharib\u0259si Q\u0259hr\u0259man\u0131&#8221; ad\u0131n\u0131n verilm\u0259si haqq\u0131nda s\u0259r\u0259ncam imzalay\u0131b.<\/p>\n<p><strong>ARANTV.AZ<\/strong>\u00a0 x\u0259b\u0259r verir ki, bu ada layiq g\u00f6r\u00fcl\u0259nl\u0259r aras\u0131nda ba\u015f gizir Allahyarov \u015eahin H\u00fcseynbala o\u011flu da var.<\/p>\n<div id=\"AdviadNativeVideo0\" class=\"AdviadNativeVideo\"><\/div>\n<p>\u015e\u0259hid \u015eahin Allahyarov \u015f\u0259hidlik zirv\u0259sin\u0259 y\u00fcks\u0259lm\u0259zd\u0259n az \u00f6nc\u0259 \u00e7\u0259kdiyi videosu il\u0259 diqq\u0259t m\u0259rk\u0259zin\u0259 d\u00fc\u015fm\u00fc\u015fd\u00fc. O, h\u0259min videoda \u015f\u0259hid olaca\u011f\u0131 halda yeni do\u011fulacaq \u00f6vlad\u0131na \u00f6z ad\u0131n\u0131n verilm\u0259sini v\u0259siyy\u0259t etmi\u015fdi.<\/p>\n<p>Qeyd ed\u0259k ki, \u015eahin Allahyarov Quba rayonunun Zizik k\u0259ndind\u0259 anadan olub. \/Ax\u015fam.az<\/p>\n","protected":false},"excerpt":{"rendered":"<p>X\u0259b\u0259r\u00a0verdiyimiz kimi, Az\u0259rbaycan Prezidenti \u0130lham \u018fliyev Az\u0259rbaycan Respublikas\u0131 Silahl\u0131 Q\u00fcvv\u0259l\u0259rinin h\u0259rbi qulluq\u00e7ular\u0131na &#8220;V\u0259t\u0259n M\u00fcharib\u0259si Q\u0259hr\u0259man\u0131&#8221; ad\u0131n\u0131n verilm\u0259si haqq\u0131nda s\u0259r\u0259ncam imzalay\u0131b. ARANTV.AZ\u00a0 x\u0259b\u0259r verir ki, bu ada layiq g\u00f6r\u00fcl\u0259nl\u0259r aras\u0131nda ba\u015f gizir Allahyarov \u015eahin H\u00fcseynbala o\u011flu da var. \u015e\u0259hid \u015eahin Allahyarov \u015f\u0259hidlik zirv\u0259sin\u0259 y\u00fcks\u0259lm\u0259zd\u0259n az \u00f6nc\u0259 \u00e7\u0259kdiyi videosu il\u0259 diqq\u0259t m\u0259rk\u0259zin\u0259 d\u00fc\u015fm\u00fc\u015fd\u00fc. O, h\u0259min videoda \u015f\u0259hid olaca\u011f\u0131 halda yeni do\u011fulacaq \u00f6vlad\u0131na \u00f6z ad\u0131n\u0131n verilm\u0259sini v\u0259siyy\u0259t etmi\u015fdi. Qeyd ed\u0259k ki, \u015eahin Allahyarov Quba rayonunun Zizik k\u0259ndind\u0259 anadan olub. \/Ax\u015fam.az<\/p>\n","protected":false},"author":2,"featured_media":251112,"comment_status":"closed","ping_status":"closed","sticky":false,"template":"","format":"standard","meta":{"om_disable_all_campaigns":false,"_monsterinsights_skip_tracking":false,"_monsterinsights_sitenote_active":false,"_monsterinsights_sitenote_note":"","_monsterinsights_sitenote_category":0},"categories":[26],"tags":[],"aioseo_notices":[],"gutentor_comment":0,"rttpg_featured_image_url":{"full":["https:\/\/arantv.az\/wp-content\/uploads\/2020\/12\/212375_ytmrhl4s9w.jpg",650,406,false],"landscape":["https:\/\/arantv.az\/wp-content\/uploads\/2020\/12\/212375_ytmrhl4s9w.jpg",650,406,false],"portraits":["https:\/\/arantv.az\/wp-content\/uploads\/2020\/12\/212375_ytmrhl4s9w.jpg",650,406,false],"thumbnail":["https:\/\/arantv.az\/wp-content\/uploads\/2020\/12\/212375_ytmrhl4s9w-150x150.jpg",150,150,true],"medium":["https:\/\/arantv.az\/wp-content\/uploads\/2020\/12\/212375_ytmrhl4s9w-300x187.jpg",300,187,true],"large":["https:\/\/arantv.az\/wp-content\/uploads\/2020\/12\/212375_ytmrhl4s9w.jpg",640,400,false],"1536x1536":["https:\/\/arantv.az\/wp-content\/uploads\/2020\/12\/212375_ytmrhl4s9w.jpg",650,406,false],"2048x2048":["https:\/\/arantv.az\/wp-content\/uploads\/2020\/12\/212375_ytmrhl4s9w.jpg",650,406,false],"post-thumbnail":["https:\/\/arantv.az\/wp-content\/uploads\/2020\/12\/212375_ytmrhl4s9w-240x172.jpg",240,172,true],"advps-thumb-one":["https:\/\/arantv.az\/wp-content\/uploads\/2020\/12\/212375_ytmrhl4s9w.jpg",650,406,false]},"rttpg_author":{"display_name":"V\u00fcsal Rafiqo\u011flu","author_link":"https:\/\/arantv.az\/?author=2"},"rttpg_comment":0,"rttpg_category":"<a href=\"https:\/\/arantv.az\/?cat=26\" rel=\"category\">Sosial<\/a>","rttpg_excerpt":"X\u0259b\u0259r\u00a0verdiyimiz kimi, Az\u0259rbaycan Prezidenti \u0130lham \u018fliyev Az\u0259rbaycan Respublikas\u0131 Silahl\u0131 Q\u00fcvv\u0259l\u0259rinin h\u0259rbi qulluq\u00e7ular\u0131na &#8220;V\u0259t\u0259n M\u00fcharib\u0259si Q\u0259hr\u0259man\u0131&#8221; ad\u0131n\u0131n verilm\u0259si haqq\u0131nda s\u0259r\u0259ncam imzalay\u0131b. ARANTV.AZ\u00a0 x\u0259b\u0259r verir ki, bu ada layiq g\u00f6r\u00fcl\u0259nl\u0259r aras\u0131nda ba\u015f gizir Allahyarov \u015eahin H\u00fcseynbala o\u011flu da var. \u015e\u0259hid \u015eahin Allahyarov \u015f\u0259hidlik zirv\u0259sin\u0259 y\u00fcks\u0259lm\u0259zd\u0259n az \u00f6nc\u0259 \u00e7\u0259kdiyi videosu il\u0259 diqq\u0259t m\u0259rk\u0259zin\u0259 d\u00fc\u015fm\u00fc\u015fd\u00fc. O, h\u0259min videoda \u015f\u0259hid&hellip;","_links":{"self":[{"href":"https:\/\/arantv.az\/index.php?rest_route=\/wp\/v2\/posts\/251111"}],"collection":[{"href":"https:\/\/arantv.az\/index.php?rest_route=\/wp\/v2\/posts"}],"about":[{"href":"https:\/\/arantv.az\/index.php?rest_route=\/wp\/v2\/types\/post"}],"author":[{"embeddable":true,"href":"https:\/\/arantv.az\/index.php?rest_route=\/wp\/v2\/users\/2"}],"replies":[{"embeddable":true,"href":"https:\/\/arantv.az\/index.php?rest_route=%2Fwp%2Fv2%2Fcomments&post=251111"}],"version-history":[{"count":0,"href":"https:\/\/arantv.az\/index.php?rest_route=\/wp\/v2\/posts\/251111\/revisions"}],"wp:featuredmedia":[{"embeddable":true,"href":"https:\/\/arantv.az\/index.php?rest_route=\/wp\/v2\/media\/251112"}],"wp:attachment":[{"href":"https:\/\/arantv.az\/index.php?rest_route=%2Fwp%2Fv2%2Fmedia&parent=251111"}],"wp:term":[{"taxonomy":"category","embeddable":true,"href":"https:\/\/arantv.az\/index.php?rest_route=%2Fwp%2Fv2%2Fcategories&post=251111"},{"taxonomy":"post_tag","embeddable":true,"href":"https:\/\/arantv.az\/index.php?rest_route=%2Fwp%2Fv2%2Ftags&post=251111"}],"curies":[{"name":"wp","href":"https:\/\/api.w.org\/{rel}","templated":true}]}}