{"id":251115,"date":"2020-12-10T08:20:05","date_gmt":"2020-12-10T05:20:05","guid":{"rendered":"http:\/\/arantv.az\/?p=251115"},"modified":"2020-12-10T08:20:05","modified_gmt":"2020-12-10T05:20:05","slug":"ust-20-il-%c9%99rzind%c9%99-insan-omru-6-il-uzanib","status":"publish","type":"post","link":"https:\/\/arantv.az\/?p=251115","title":{"rendered":"\u00dcST: 20 il \u0259rzind\u0259 insan \u00f6mr\u00fc 6 il uzan\u0131b"},"content":{"rendered":"<blockquote><p><em><strong>Son 20 ild\u0259 insan \u00f6mr\u00fc 6 il uzan\u0131b, \u00f6l\u00fcm hallar\u0131na is\u0259 \u0259h\u0259miyy\u0259tli d\u0259r\u0259c\u0259d\u0259 daha \u00e7ox qeyri-infeksion x\u0259st\u0259likl\u0259r s\u0259b\u0259b olub.<\/strong><\/em><\/p><\/blockquote>\n<p><strong>ARANTV.AZ<\/strong>\u00a0 APA-ya istinad\u0259n bildirir ki, bu bar\u0259d\u0259 \u00dcmumd\u00fcnya S\u0259hiyy\u0259 T\u0259\u015fkilat\u0131n\u0131n (\u00dcST) Ba\u015f Direktor k\u00f6m\u0259k\u00e7isi Samira Asma 2000-2019-cu ill\u0259rd\u0259 \u00f6l\u00fcml\u0259rin \u0259sas s\u0259b\u0259bl\u0259rin\u0259 dair ke\u00e7iril\u0259n m\u0259tbuat konfrans\u0131nda bildirib.<\/p>\n<p>BMT r\u0259smisinin s\u00f6zl\u0259rin\u0259 g\u00f6r\u0259, son 20 ild\u0259 \u00f6m\u00fcr uzunlu\u011fu 67-d\u0259n 73 il\u0259 y\u00fcks\u0259lib: &#8220;\u00d6l\u00fcm\u00fcn \u0259sas 10 s\u0259b\u0259bind\u0259n 7-si m\u0259hz qeyri-infeksion x\u0259st\u0259likl\u0259rin pay\u0131na d\u00fc\u015f\u00fcr. Bunlar\u0131n aras\u0131nda \u00fcr\u0259k-damar x\u0259st\u0259likl\u0259ri daha \u00e7ox insan h\u0259yat\u0131na son qoyur&#8221;.<\/p>\n","protected":false},"excerpt":{"rendered":"<p>Son 20 ild\u0259 insan \u00f6mr\u00fc 6 il uzan\u0131b, \u00f6l\u00fcm hallar\u0131na is\u0259 \u0259h\u0259miyy\u0259tli d\u0259r\u0259c\u0259d\u0259 daha \u00e7ox qeyri-infeksion x\u0259st\u0259likl\u0259r s\u0259b\u0259b olub. ARANTV.AZ\u00a0 APA-ya istinad\u0259n bildirir ki, bu bar\u0259d\u0259 \u00dcmumd\u00fcnya S\u0259hiyy\u0259 T\u0259\u015fkilat\u0131n\u0131n (\u00dcST) Ba\u015f Direktor k\u00f6m\u0259k\u00e7isi Samira Asma 2000-2019-cu ill\u0259rd\u0259 \u00f6l\u00fcml\u0259rin \u0259sas s\u0259b\u0259bl\u0259rin\u0259 dair ke\u00e7iril\u0259n m\u0259tbuat konfrans\u0131nda bildirib. BMT r\u0259smisinin s\u00f6zl\u0259rin\u0259 g\u00f6r\u0259, son 20 ild\u0259 \u00f6m\u00fcr uzunlu\u011fu 67-d\u0259n 73 il\u0259 y\u00fcks\u0259lib: &#8220;\u00d6l\u00fcm\u00fcn \u0259sas 10 s\u0259b\u0259bind\u0259n 7-si m\u0259hz qeyri-infeksion x\u0259st\u0259likl\u0259rin pay\u0131na d\u00fc\u015f\u00fcr. Bunlar\u0131n aras\u0131nda \u00fcr\u0259k-damar x\u0259st\u0259likl\u0259ri daha \u00e7ox insan h\u0259yat\u0131na son qoyur&#8221;.<\/p>\n","protected":false},"author":2,"featured_media":251116,"comment_status":"closed","ping_status":"closed","sticky":false,"template":"","format":"standard","meta":{"om_disable_all_campaigns":false,"_monsterinsights_skip_tracking":false,"_monsterinsights_sitenote_active":false,"_monsterinsights_sitenote_note":"","_monsterinsights_sitenote_category":0},"categories":[7],"tags":[],"aioseo_notices":[],"gutentor_comment":0,"rttpg_featured_image_url":{"full":["https:\/\/arantv.az\/wp-content\/uploads\/2020\/12\/yasli_insanlar_01245.jpg",800,600,false],"landscape":["https:\/\/arantv.az\/wp-content\/uploads\/2020\/12\/yasli_insanlar_01245.jpg",800,600,false],"portraits":["https:\/\/arantv.az\/wp-content\/uploads\/2020\/12\/yasli_insanlar_01245.jpg",800,600,false],"thumbnail":["https:\/\/arantv.az\/wp-content\/uploads\/2020\/12\/yasli_insanlar_01245-150x150.jpg",150,150,true],"medium":["https:\/\/arantv.az\/wp-content\/uploads\/2020\/12\/yasli_insanlar_01245-300x225.jpg",300,225,true],"large":["https:\/\/arantv.az\/wp-content\/uploads\/2020\/12\/yasli_insanlar_01245.jpg",640,480,false],"1536x1536":["https:\/\/arantv.az\/wp-content\/uploads\/2020\/12\/yasli_insanlar_01245.jpg",800,600,false],"2048x2048":["https:\/\/arantv.az\/wp-content\/uploads\/2020\/12\/yasli_insanlar_01245.jpg",800,600,false],"post-thumbnail":["https:\/\/arantv.az\/wp-content\/uploads\/2020\/12\/yasli_insanlar_01245-240x172.jpg",240,172,true],"advps-thumb-one":["https:\/\/arantv.az\/wp-content\/uploads\/2020\/12\/yasli_insanlar_01245.jpg",800,600,false]},"rttpg_author":{"display_name":"V\u00fcsal Rafiqo\u011flu","author_link":"https:\/\/arantv.az\/?author=2"},"rttpg_comment":0,"rttpg_category":"<a href=\"https:\/\/arantv.az\/?cat=7\" rel=\"category\">D\u00fcnya<\/a>","rttpg_excerpt":"Son 20 ild\u0259 insan \u00f6mr\u00fc 6 il uzan\u0131b, \u00f6l\u00fcm hallar\u0131na is\u0259 \u0259h\u0259miyy\u0259tli d\u0259r\u0259c\u0259d\u0259 daha \u00e7ox qeyri-infeksion x\u0259st\u0259likl\u0259r s\u0259b\u0259b olub. ARANTV.AZ\u00a0 APA-ya istinad\u0259n bildirir ki, bu bar\u0259d\u0259 \u00dcmumd\u00fcnya S\u0259hiyy\u0259 T\u0259\u015fkilat\u0131n\u0131n (\u00dcST) Ba\u015f Direktor k\u00f6m\u0259k\u00e7isi Samira Asma 2000-2019-cu ill\u0259rd\u0259 \u00f6l\u00fcml\u0259rin \u0259sas s\u0259b\u0259bl\u0259rin\u0259 dair ke\u00e7iril\u0259n m\u0259tbuat konfrans\u0131nda bildirib. BMT r\u0259smisinin s\u00f6zl\u0259rin\u0259 g\u00f6r\u0259, son 20 ild\u0259 \u00f6m\u00fcr uzunlu\u011fu 67-d\u0259n&hellip;","_links":{"self":[{"href":"https:\/\/arantv.az\/index.php?rest_route=\/wp\/v2\/posts\/251115"}],"collection":[{"href":"https:\/\/arantv.az\/index.php?rest_route=\/wp\/v2\/posts"}],"about":[{"href":"https:\/\/arantv.az\/index.php?rest_route=\/wp\/v2\/types\/post"}],"author":[{"embeddable":true,"href":"https:\/\/arantv.az\/index.php?rest_route=\/wp\/v2\/users\/2"}],"replies":[{"embeddable":true,"href":"https:\/\/arantv.az\/index.php?rest_route=%2Fwp%2Fv2%2Fcomments&post=251115"}],"version-history":[{"count":0,"href":"https:\/\/arantv.az\/index.php?rest_route=\/wp\/v2\/posts\/251115\/revisions"}],"wp:featuredmedia":[{"embeddable":true,"href":"https:\/\/arantv.az\/index.php?rest_route=\/wp\/v2\/media\/251116"}],"wp:attachment":[{"href":"https:\/\/arantv.az\/index.php?rest_route=%2Fwp%2Fv2%2Fmedia&parent=251115"}],"wp:term":[{"taxonomy":"category","embeddable":true,"href":"https:\/\/arantv.az\/index.php?rest_route=%2Fwp%2Fv2%2Fcategories&post=251115"},{"taxonomy":"post_tag","embeddable":true,"href":"https:\/\/arantv.az\/index.php?rest_route=%2Fwp%2Fv2%2Ftags&post=251115"}],"curies":[{"name":"wp","href":"https:\/\/api.w.org\/{rel}","templated":true}]}}