{"id":251131,"date":"2020-12-10T08:39:11","date_gmt":"2020-12-10T05:39:11","guid":{"rendered":"http:\/\/arantv.az\/?p=251131"},"modified":"2020-12-10T08:39:11","modified_gmt":"2020-12-10T05:39:11","slug":"az%c9%99rbaycan-ordusunun-doyus-ruhu-olk%c9%99nin-lideri-v%c9%99-xalqin-birliyini-gost%c9%99rir-israilli-mut%c9%99x%c9%99ssis","status":"publish","type":"post","link":"https:\/\/arantv.az\/?p=251131","title":{"rendered":"&#8220;Az\u0259rbaycan ordusunun d\u00f6y\u00fc\u015f ruhu \u00f6lk\u0259nin Lideri v\u0259 xalq\u0131n birliyini g\u00f6st\u0259rir&#8221; &#8211; \u0130srailli m\u00fct\u0259x\u0259ssis"},"content":{"rendered":"<blockquote><p><em><strong>Az\u0259rbaycan\u0131n tarixi \u0259razil\u0259rinin azad edilm\u0259sin\u0259 s\u0259b\u0259b olan q\u0259l\u0259b\u0259sinin \u0259n vacib amili Prezident, Az\u0259rbaycan Silahl\u0131 Q\u00fcvv\u0259l\u0259rinin Ali Ba\u015f Komandan\u0131, m\u00fcdrik, uzaqg\u00f6r\u0259n Lider \u015f\u0259xsiyy\u0259tidir.<\/strong><\/em><\/p><\/blockquote>\n<p><strong>ARANTV.AZ<\/strong> bildirir ki, bunu\u00a0<a href=\"https:\/\/az.trend.az\/\" target=\"_blank\" rel=\"noopener\">Trend<\/a>-\u0259\u00a0israilli v\u0259kil, beyn\u0259lxalq h\u00fcquq v\u0259 beyn\u0259lxalq siyas\u0259t m\u00fct\u0259x\u0259ssisi Mixail Finkel deyib.<\/p>\n<p>M\u00fct\u0259x\u0259ssis \u0130lham \u018fliyevin r\u0259hb\u0259rliyi alt\u0131nda \u0259n yax\u015f\u0131 silahlarla t\u0259chiz olunmu\u015f kadr ordusunun yarad\u0131ld\u0131\u011f\u0131n\u0131, q\u0259rb standartlar\u0131na uy\u011fun t\u0259hsil alm\u0131\u015f zabitl\u0259rin olmas\u0131n\u0131 qeyd edir: &#8220;D\u00f6vl\u0259tin qay\u011f\u0131s\u0131na qald\u0131\u011f\u0131, savadl\u0131 zabitl\u0259r, m\u00fck\u0259mm\u0259l silahlanm\u0131\u015f v\u0259 laz\u0131m olan h\u0259r \u015feyl\u0259 t\u0259min edil\u0259n \u0259sg\u0259rl\u0259rli q\u0259rb modelinin elit bir ordusu yarand\u0131. D\u00fcnyada bir n\u00f6mr\u0259li silahlara sahib olan ordu, bel\u0259 bir fantastik Q\u0259l\u0259b\u0259y\u0259 imza atd\u0131&#8221;.<\/p>\n<p>Mixail Finkel \u0259lav\u0259 edib ki, Az\u0259rbaycan ordusunun d\u00f6y\u00fc\u015f ruhu \u00f6lk\u0259nin Lideri v\u0259 xalq\u0131n\u0131n birliyini bildirir: &#8220;Do\u011fru v\u0259t\u0259np\u0259rv\u0259rlik t\u0259rbiy\u0259si verildi. \u0130st\u0259r m\u0259n\u0259vi, ist\u0259rs\u0259 d\u0259 maddi c\u0259h\u0259td\u0259n h\u0259r \u015fey Q\u0259l\u0259b\u0259y\u0259 y\u00f6n\u0259ldildi&#8221;.<\/p>\n<p>Q\u0259l\u0259b\u0259nin Az\u0259rbaycan\u0131n iqtisadi art\u0131m\u0131na nec\u0259 t\u0259sir g\u00f6st\u0259r\u0259c\u0259yind\u0259n dan\u0131\u015fan ekspert iqtisadi potensial\u0131n n\u0259h\u0259ng oldu\u011funu qeyd edib:<\/p>\n<p>&#8220;\u0130ndi Qaraba\u011f\u0131 minalardan t\u0259mizl\u0259m\u0259k m\u0259s\u0259l\u0259si var. \u018fmin\u0259m ki, Az\u0259rbaycan bunun \u00f6hd\u0259sind\u0259n u\u011furla g\u0259l\u0259c\u0259k v\u0259 bundan sonra \u00e7ox sayda layih\u0259nin h\u0259yata ke\u00e7iril\u0259 bil\u0259c\u0259yi v\u0259 \u00e7ox sayda i\u015f yerinin a\u00e7\u0131laca\u011f\u0131 b\u00f6y\u00fck bir \u0259razi a\u00e7\u0131lacaq&#8221;.<\/p>\n<p>M\u00fct\u0259x\u0259ssis Qaraba\u011f torpa\u011f\u0131n\u0131n \u00f6z\u00fcn\u0259m\u0259xsuslu\u011funun v\u0259 m\u0259hsuldarl\u0131\u011f\u0131n\u0131n b\u00fct\u00fcn d\u00fcnyada tan\u0131d\u0131\u011f\u0131n\u0131, bu bax\u0131mdan burada k\u0259nd t\u0259s\u0259rr\u00fcfat\u0131 layih\u0259l\u0259rinin h\u0259yata ke\u00e7iril\u0259c\u0259yini qeyd edib: &#8220;Meyv\u0259 v\u0259 t\u0259r\u0259v\u0259z istehsal ed\u0259c\u0259k \u00e7oxsayl\u0131 k\u0259nd t\u0259s\u0259rr\u00fcfat\u0131 m\u00fc\u0259ssis\u0259l\u0259rinin in\u015fa v\u0259 heyvandarl\u0131\u011f\u0131n inki\u015faf edil\u0259c\u0259yini t\u0259xmin edir\u0259m. H\u0259m d\u0259 y\u00fcks\u0259k texnologiyalarla \u0259laq\u0259li layih\u0259l\u0259rin h\u0259yata ke\u00e7irilm\u0259sini istisna etmir\u0259m. B\u00fct\u00fcn bunlar insanlar\u0131n yeni i\u015f tapmas\u0131 v\u0259 \u00f6lk\u0259nin yeni s\u0259viyy\u0259l\u0259r\u0259 do\u011fru ir\u0259lil\u0259m\u0259si \u00fc\u00e7\u00fcn bir f\u00fcrs\u0259tdir&#8221;.<\/p>\n<p>M\u00fct\u0259x\u0259ssisin fikrinc\u0259, i\u015f planlamas\u0131nda d\u00f6vl\u0259t Az\u0259rbaycan\u0131 g\u00fccl\u0259ndir\u0259r\u0259k h\u0259m Q\u0259rb\u0259, h\u0259m d\u0259 \u015e\u0259rq\u0259 g\u00fcv\u0259nib \u00f6lk\u0259nin resurslar\u0131n\u0131 \u015fax\u0259l\u0259ndir\u0259r\u0259k \u0259m\u0259kda\u015fl\u0131q ed\u0259c\u0259k, f\u0259rqli t\u0259r\u0259fda\u015flarla i\u015fl\u0259y\u0259c\u0259k.<\/p>\n","protected":false},"excerpt":{"rendered":"<p>Az\u0259rbaycan\u0131n tarixi \u0259razil\u0259rinin azad edilm\u0259sin\u0259 s\u0259b\u0259b olan q\u0259l\u0259b\u0259sinin \u0259n vacib amili Prezident, Az\u0259rbaycan Silahl\u0131 Q\u00fcvv\u0259l\u0259rinin Ali Ba\u015f Komandan\u0131, m\u00fcdrik, uzaqg\u00f6r\u0259n Lider \u015f\u0259xsiyy\u0259tidir. ARANTV.AZ bildirir ki, bunu\u00a0Trend-\u0259\u00a0israilli v\u0259kil, beyn\u0259lxalq h\u00fcquq v\u0259 beyn\u0259lxalq siyas\u0259t m\u00fct\u0259x\u0259ssisi Mixail Finkel deyib. M\u00fct\u0259x\u0259ssis \u0130lham \u018fliyevin r\u0259hb\u0259rliyi alt\u0131nda \u0259n yax\u015f\u0131 silahlarla t\u0259chiz olunmu\u015f kadr ordusunun yarad\u0131ld\u0131\u011f\u0131n\u0131, q\u0259rb standartlar\u0131na uy\u011fun t\u0259hsil alm\u0131\u015f zabitl\u0259rin olmas\u0131n\u0131 qeyd edir: &#8220;D\u00f6vl\u0259tin qay\u011f\u0131s\u0131na qald\u0131\u011f\u0131, savadl\u0131 zabitl\u0259r, m\u00fck\u0259mm\u0259l silahlanm\u0131\u015f v\u0259 laz\u0131m olan h\u0259r \u015feyl\u0259 t\u0259min edil\u0259n \u0259sg\u0259rl\u0259rli q\u0259rb modelinin elit bir ordusu yarand\u0131. D\u00fcnyada bir n\u00f6mr\u0259li silahlara sahib olan ordu, bel\u0259 bir fantastik Q\u0259l\u0259b\u0259y\u0259&hellip;<\/p>\n","protected":false},"author":2,"featured_media":251132,"comment_status":"closed","ping_status":"closed","sticky":false,"template":"","format":"standard","meta":{"om_disable_all_campaigns":false,"_monsterinsights_skip_tracking":false,"_monsterinsights_sitenote_active":false,"_monsterinsights_sitenote_note":"","_monsterinsights_sitenote_category":0},"categories":[4],"tags":[],"aioseo_notices":[],"gutentor_comment":0,"rttpg_featured_image_url":{"full":["https:\/\/arantv.az\/wp-content\/uploads\/2020\/12\/903882.jpg",800,600,false],"landscape":["https:\/\/arantv.az\/wp-content\/uploads\/2020\/12\/903882.jpg",800,600,false],"portraits":["https:\/\/arantv.az\/wp-content\/uploads\/2020\/12\/903882.jpg",800,600,false],"thumbnail":["https:\/\/arantv.az\/wp-content\/uploads\/2020\/12\/903882-150x150.jpg",150,150,true],"medium":["https:\/\/arantv.az\/wp-content\/uploads\/2020\/12\/903882-300x225.jpg",300,225,true],"large":["https:\/\/arantv.az\/wp-content\/uploads\/2020\/12\/903882.jpg",640,480,false],"1536x1536":["https:\/\/arantv.az\/wp-content\/uploads\/2020\/12\/903882.jpg",800,600,false],"2048x2048":["https:\/\/arantv.az\/wp-content\/uploads\/2020\/12\/903882.jpg",800,600,false],"post-thumbnail":["https:\/\/arantv.az\/wp-content\/uploads\/2020\/12\/903882-240x172.jpg",240,172,true],"advps-thumb-one":["https:\/\/arantv.az\/wp-content\/uploads\/2020\/12\/903882.jpg",800,600,false]},"rttpg_author":{"display_name":"V\u00fcsal Rafiqo\u011flu","author_link":"https:\/\/arantv.az\/?author=2"},"rttpg_comment":0,"rttpg_category":"<a href=\"https:\/\/arantv.az\/?cat=4\" rel=\"category\">Siyas\u0259t<\/a>","rttpg_excerpt":"Az\u0259rbaycan\u0131n tarixi \u0259razil\u0259rinin azad edilm\u0259sin\u0259 s\u0259b\u0259b olan q\u0259l\u0259b\u0259sinin \u0259n vacib amili Prezident, Az\u0259rbaycan Silahl\u0131 Q\u00fcvv\u0259l\u0259rinin Ali Ba\u015f Komandan\u0131, m\u00fcdrik, uzaqg\u00f6r\u0259n Lider \u015f\u0259xsiyy\u0259tidir. ARANTV.AZ bildirir ki, bunu\u00a0Trend-\u0259\u00a0israilli v\u0259kil, beyn\u0259lxalq h\u00fcquq v\u0259 beyn\u0259lxalq siyas\u0259t m\u00fct\u0259x\u0259ssisi Mixail Finkel deyib. M\u00fct\u0259x\u0259ssis \u0130lham \u018fliyevin r\u0259hb\u0259rliyi alt\u0131nda \u0259n yax\u015f\u0131 silahlarla t\u0259chiz olunmu\u015f kadr ordusunun yarad\u0131ld\u0131\u011f\u0131n\u0131, q\u0259rb standartlar\u0131na uy\u011fun t\u0259hsil alm\u0131\u015f zabitl\u0259rin&hellip;","_links":{"self":[{"href":"https:\/\/arantv.az\/index.php?rest_route=\/wp\/v2\/posts\/251131"}],"collection":[{"href":"https:\/\/arantv.az\/index.php?rest_route=\/wp\/v2\/posts"}],"about":[{"href":"https:\/\/arantv.az\/index.php?rest_route=\/wp\/v2\/types\/post"}],"author":[{"embeddable":true,"href":"https:\/\/arantv.az\/index.php?rest_route=\/wp\/v2\/users\/2"}],"replies":[{"embeddable":true,"href":"https:\/\/arantv.az\/index.php?rest_route=%2Fwp%2Fv2%2Fcomments&post=251131"}],"version-history":[{"count":0,"href":"https:\/\/arantv.az\/index.php?rest_route=\/wp\/v2\/posts\/251131\/revisions"}],"wp:featuredmedia":[{"embeddable":true,"href":"https:\/\/arantv.az\/index.php?rest_route=\/wp\/v2\/media\/251132"}],"wp:attachment":[{"href":"https:\/\/arantv.az\/index.php?rest_route=%2Fwp%2Fv2%2Fmedia&parent=251131"}],"wp:term":[{"taxonomy":"category","embeddable":true,"href":"https:\/\/arantv.az\/index.php?rest_route=%2Fwp%2Fv2%2Fcategories&post=251131"},{"taxonomy":"post_tag","embeddable":true,"href":"https:\/\/arantv.az\/index.php?rest_route=%2Fwp%2Fv2%2Ftags&post=251131"}],"curies":[{"name":"wp","href":"https:\/\/api.w.org\/{rel}","templated":true}]}}