{"id":251139,"date":"2020-12-10T08:51:59","date_gmt":"2020-12-10T05:51:59","guid":{"rendered":"http:\/\/arantv.az\/?p=251139"},"modified":"2020-12-10T08:51:59","modified_gmt":"2020-12-10T05:51:59","slug":"az%c9%99rbaycan-%c9%99sg%c9%99rl%c9%99rini-t%c9%99m%c9%99nnasiz-mualic%c9%99-ed%c9%99n-italyan-h%c9%99kim-video","status":"publish","type":"post","link":"https:\/\/arantv.az\/?p=251139","title":{"rendered":"Az\u0259rbaycan \u0259sg\u0259rl\u0259rini t\u0259m\u0259nnas\u0131z m\u00fcalic\u0259 ed\u0259n italyan h\u0259kim &#8211; V\u0130DEO"},"content":{"rendered":"<article class=\"news\">\n<div class=\"news-inner\">\n<p>\u201c30 il \u0259rzind\u0259 Az\u0259rbaycan xalq\u0131 \u00f6z torpaqlar\u0131n\u0131 qaytarma\u011fa \u00e7al\u0131\u015f\u0131rd\u0131, \u00e7\u00fcnki \u0259razi i\u015f\u011fal alt\u0131nda idi\u201d.<\/p>\n<div id=\"AdviadNativeVideo0\" class=\"AdviadNativeVideo\"><\/div>\n<p>Bu s\u00f6zl\u0259ri Az\u0259rbaycan\u0131n V\u0259t\u0259n m\u00fcharib\u0259sind\u0259 yaral\u0131 \u0259sg\u0259rl\u0259rimizi t\u0259m\u0259nnas\u0131z \u0259m\u0259liyyat ed\u0259n italiyal\u0131 h\u0259kim Alessandro Marano deyib.<\/p>\n<p>O qeyd edib ki, yaral\u0131 \u0259sg\u0259rl\u0259r\u0259 k\u00f6m\u0259k etm\u0259y\u0259 haz\u0131rd\u0131r.<\/p>\n<div><iframe loading=\"lazy\" src=\"https:\/\/www.facebook.com\/plugins\/video.php?height=476&amp;href=https%3A%2F%2Fwww.facebook.com%2Fbelebeleishler%2Fvideos%2F2794633787476985%2F&amp;show_text=false&amp;width=476\" width=\"476\" height=\"476\" frameborder=\"0\" scrolling=\"no\" allowfullscreen=\"allowfullscreen\" data-mce-fragment=\"1\"><\/iframe><\/div>\n<\/div>\n<\/article>\n<h2 class=\"news-share-title\"><\/h2>\n","protected":false},"excerpt":{"rendered":"<p>\u201c30 il \u0259rzind\u0259 Az\u0259rbaycan xalq\u0131 \u00f6z torpaqlar\u0131n\u0131 qaytarma\u011fa \u00e7al\u0131\u015f\u0131rd\u0131, \u00e7\u00fcnki \u0259razi i\u015f\u011fal alt\u0131nda idi\u201d. Bu s\u00f6zl\u0259ri Az\u0259rbaycan\u0131n V\u0259t\u0259n m\u00fcharib\u0259sind\u0259 yaral\u0131 \u0259sg\u0259rl\u0259rimizi t\u0259m\u0259nnas\u0131z \u0259m\u0259liyyat ed\u0259n italiyal\u0131 h\u0259kim Alessandro Marano deyib. O qeyd edib ki, yaral\u0131 \u0259sg\u0259rl\u0259r\u0259 k\u00f6m\u0259k etm\u0259y\u0259 haz\u0131rd\u0131r.<\/p>\n","protected":false},"author":2,"featured_media":251140,"comment_status":"closed","ping_status":"closed","sticky":false,"template":"","format":"standard","meta":{"om_disable_all_campaigns":false,"_monsterinsights_skip_tracking":false,"_monsterinsights_sitenote_active":false,"_monsterinsights_sitenote_note":"","_monsterinsights_sitenote_category":0},"categories":[19],"tags":[],"aioseo_notices":[],"gutentor_comment":0,"rttpg_featured_image_url":{"full":["https:\/\/arantv.az\/wp-content\/uploads\/2020\/12\/fknfkn.jpg",620,423,false],"landscape":["https:\/\/arantv.az\/wp-content\/uploads\/2020\/12\/fknfkn.jpg",620,423,false],"portraits":["https:\/\/arantv.az\/wp-content\/uploads\/2020\/12\/fknfkn.jpg",620,423,false],"thumbnail":["https:\/\/arantv.az\/wp-content\/uploads\/2020\/12\/fknfkn-150x150.jpg",150,150,true],"medium":["https:\/\/arantv.az\/wp-content\/uploads\/2020\/12\/fknfkn-300x205.jpg",300,205,true],"large":["https:\/\/arantv.az\/wp-content\/uploads\/2020\/12\/fknfkn.jpg",620,423,false],"1536x1536":["https:\/\/arantv.az\/wp-content\/uploads\/2020\/12\/fknfkn.jpg",620,423,false],"2048x2048":["https:\/\/arantv.az\/wp-content\/uploads\/2020\/12\/fknfkn.jpg",620,423,false],"post-thumbnail":["https:\/\/arantv.az\/wp-content\/uploads\/2020\/12\/fknfkn-240x172.jpg",240,172,true],"advps-thumb-one":["https:\/\/arantv.az\/wp-content\/uploads\/2020\/12\/fknfkn.jpg",620,423,false]},"rttpg_author":{"display_name":"V\u00fcsal Rafiqo\u011flu","author_link":"https:\/\/arantv.az\/?author=2"},"rttpg_comment":0,"rttpg_category":"<a href=\"https:\/\/arantv.az\/?cat=19\" rel=\"category\">G\u00fcnd\u0259m<\/a>","rttpg_excerpt":"\u201c30 il \u0259rzind\u0259 Az\u0259rbaycan xalq\u0131 \u00f6z torpaqlar\u0131n\u0131 qaytarma\u011fa \u00e7al\u0131\u015f\u0131rd\u0131, \u00e7\u00fcnki \u0259razi i\u015f\u011fal alt\u0131nda idi\u201d. Bu s\u00f6zl\u0259ri Az\u0259rbaycan\u0131n V\u0259t\u0259n m\u00fcharib\u0259sind\u0259 yaral\u0131 \u0259sg\u0259rl\u0259rimizi t\u0259m\u0259nnas\u0131z \u0259m\u0259liyyat ed\u0259n italiyal\u0131 h\u0259kim Alessandro Marano deyib. O qeyd edib ki, yaral\u0131 \u0259sg\u0259rl\u0259r\u0259 k\u00f6m\u0259k etm\u0259y\u0259 haz\u0131rd\u0131r.","_links":{"self":[{"href":"https:\/\/arantv.az\/index.php?rest_route=\/wp\/v2\/posts\/251139"}],"collection":[{"href":"https:\/\/arantv.az\/index.php?rest_route=\/wp\/v2\/posts"}],"about":[{"href":"https:\/\/arantv.az\/index.php?rest_route=\/wp\/v2\/types\/post"}],"author":[{"embeddable":true,"href":"https:\/\/arantv.az\/index.php?rest_route=\/wp\/v2\/users\/2"}],"replies":[{"embeddable":true,"href":"https:\/\/arantv.az\/index.php?rest_route=%2Fwp%2Fv2%2Fcomments&post=251139"}],"version-history":[{"count":0,"href":"https:\/\/arantv.az\/index.php?rest_route=\/wp\/v2\/posts\/251139\/revisions"}],"wp:featuredmedia":[{"embeddable":true,"href":"https:\/\/arantv.az\/index.php?rest_route=\/wp\/v2\/media\/251140"}],"wp:attachment":[{"href":"https:\/\/arantv.az\/index.php?rest_route=%2Fwp%2Fv2%2Fmedia&parent=251139"}],"wp:term":[{"taxonomy":"category","embeddable":true,"href":"https:\/\/arantv.az\/index.php?rest_route=%2Fwp%2Fv2%2Fcategories&post=251139"},{"taxonomy":"post_tag","embeddable":true,"href":"https:\/\/arantv.az\/index.php?rest_route=%2Fwp%2Fv2%2Ftags&post=251139"}],"curies":[{"name":"wp","href":"https:\/\/api.w.org\/{rel}","templated":true}]}}