{"id":251155,"date":"2020-12-10T08:55:10","date_gmt":"2020-12-10T05:55:10","guid":{"rendered":"http:\/\/arantv.az\/?p=251155"},"modified":"2020-12-10T08:55:10","modified_gmt":"2020-12-10T05:55:10","slug":"uc-gun-yarali-v%c9%99ziyy%c9%99td%c9%99-mes%c9%99d%c9%99-qaldiq-video","status":"publish","type":"post","link":"https:\/\/arantv.az\/?p=251155","title":{"rendered":"&#8220;\u00dc\u00e7 g\u00fcn yaral\u0131 v\u0259ziyy\u0259td\u0259 me\u015f\u0259d\u0259 qald\u0131q&#8221; &#8211; V\u0130DEO"},"content":{"rendered":"<p>\u018fll\u0259rind\u0259 bayraqlar v\u0259 alq\u0131\u015flarla qar\u015f\u0131land\u0131 qazi.<\/p>\n<p>\u0130smay\u0131ll\u0131 rayon, K\u00fcrtma\u015f\u0131 k\u0259nd sakini, 21 ya\u015fl\u0131 Asif \u0130smay\u0131lov V\u0259t\u0259n u\u011frunda d\u00f6y\u00fc\u015f\u0259n q\u0259hr\u0259man qazil\u0259rimizd\u0259n biridir. Asif F\u00fczuli, C\u0259bray\u0131l, Xocav\u0259nd v\u0259 \u015eu\u015fa d\u00f6y\u00fc\u015fl\u0259rind\u0259 i\u015ftrak edib. D\u00f6y\u00fc\u015f m\u00fcdd\u0259tind\u0259 f\u0259rql\u0259ndiyin\u0259 g\u00f6r\u0259 komandiri t\u0259r\u0259find\u0259n ail\u0259sin\u0259 t\u0259\u015f\u0259kk\u00fcr m\u0259ktublar\u0131 da g\u00f6nd\u0259rilib.<\/p>\n<div id=\"AdviadNativeVideo0\" class=\"AdviadNativeVideo\"><\/div>\n<p>Asif \u015eu\u015fa u\u011frunda ged\u0259n d\u00f6y\u00fc\u015fl\u0259rd\u0259 qrupu il\u0259 h\u0259r\u0259k\u0259t ed\u0259rk\u0259n pusquya d\u00fc\u015f\u00fcb.<\/p>\n<p>H\u0259min vaxt Asif d\u0259 yaralan\u0131b. O v\u0259 bir ne\u00e7\u0259 \u0259sg\u0259r 3 g\u00fcn me\u015f\u0259d\u0259 yaral\u0131 v\u0259ziyy\u0259td\u0259 qald\u0131qdan sonra xilas edilibl\u0259r.<\/p>\n<p>Asifin q\u0259hr\u0259manl\u0131qlar\u0131 \u0259n \u00e7ox onun valideynl\u0259rini q\u00fcrurland\u0131r\u0131r.<\/p>\n<p>Asif bir m\u00fcdd\u0259t evd\u0259 mualic\u0259 ald\u0131qdan sonra yenid\u0259n h\u0259rbi hospitala qay\u0131dacaq. Onun b\u0259d\u0259nind\u0259 olan q\u0259lp\u0259 h\u0259kiml\u0259rin m\u0259sl\u0259h\u0259tind\u0259n sonra \u0259m\u0259liyyatla \u00e7\u0131xar\u0131lacaq.<\/p>\n<div class=\"embed-responsive embed-responsive-16by9\"><iframe loading=\"lazy\" id=\"nmqembedid\" class=\"embed-responsive-item\" title=\"video player\" src=\"https:\/\/izle.az\/embed\/qyyxjXDyD8yKzMuKzzABAA~~\" width=\"600\" height=\"340\" frameborder=\"0\" scrolling=\"no\" allowfullscreen=\"allowfullscreen\" data-mce-fragment=\"1\"><\/iframe><\/div>\n<p>&nbsp;<\/p>\n","protected":false},"excerpt":{"rendered":"<p>\u018fll\u0259rind\u0259 bayraqlar v\u0259 alq\u0131\u015flarla qar\u015f\u0131land\u0131 qazi. \u0130smay\u0131ll\u0131 rayon, K\u00fcrtma\u015f\u0131 k\u0259nd sakini, 21 ya\u015fl\u0131 Asif \u0130smay\u0131lov V\u0259t\u0259n u\u011frunda d\u00f6y\u00fc\u015f\u0259n q\u0259hr\u0259man qazil\u0259rimizd\u0259n biridir. Asif F\u00fczuli, C\u0259bray\u0131l, Xocav\u0259nd v\u0259 \u015eu\u015fa d\u00f6y\u00fc\u015fl\u0259rind\u0259 i\u015ftrak edib. D\u00f6y\u00fc\u015f m\u00fcdd\u0259tind\u0259 f\u0259rql\u0259ndiyin\u0259 g\u00f6r\u0259 komandiri t\u0259r\u0259find\u0259n ail\u0259sin\u0259 t\u0259\u015f\u0259kk\u00fcr m\u0259ktublar\u0131 da g\u00f6nd\u0259rilib. Asif \u015eu\u015fa u\u011frunda ged\u0259n d\u00f6y\u00fc\u015fl\u0259rd\u0259 qrupu il\u0259 h\u0259r\u0259k\u0259t ed\u0259rk\u0259n pusquya d\u00fc\u015f\u00fcb. H\u0259min vaxt Asif d\u0259 yaralan\u0131b. O v\u0259 bir ne\u00e7\u0259 \u0259sg\u0259r 3 g\u00fcn me\u015f\u0259d\u0259 yaral\u0131 v\u0259ziyy\u0259td\u0259 qald\u0131qdan sonra xilas edilibl\u0259r. Asifin q\u0259hr\u0259manl\u0131qlar\u0131 \u0259n \u00e7ox onun valideynl\u0259rini q\u00fcrurland\u0131r\u0131r. Asif bir m\u00fcdd\u0259t evd\u0259 mualic\u0259 ald\u0131qdan sonra yenid\u0259n h\u0259rbi hospitala qay\u0131dacaq. Onun&hellip;<\/p>\n","protected":false},"author":2,"featured_media":251156,"comment_status":"closed","ping_status":"closed","sticky":false,"template":"","format":"standard","meta":{"om_disable_all_campaigns":false,"_monsterinsights_skip_tracking":false,"_monsterinsights_sitenote_active":false,"_monsterinsights_sitenote_note":"","_monsterinsights_sitenote_category":0},"categories":[26],"tags":[],"aioseo_notices":[],"gutentor_comment":0,"rttpg_featured_image_url":{"full":["https:\/\/arantv.az\/wp-content\/uploads\/2020\/12\/esgerr_41607579054.png",637,507,false],"landscape":["https:\/\/arantv.az\/wp-content\/uploads\/2020\/12\/esgerr_41607579054.png",637,507,false],"portraits":["https:\/\/arantv.az\/wp-content\/uploads\/2020\/12\/esgerr_41607579054.png",637,507,false],"thumbnail":["https:\/\/arantv.az\/wp-content\/uploads\/2020\/12\/esgerr_41607579054-150x150.png",150,150,true],"medium":["https:\/\/arantv.az\/wp-content\/uploads\/2020\/12\/esgerr_41607579054-300x239.png",300,239,true],"large":["https:\/\/arantv.az\/wp-content\/uploads\/2020\/12\/esgerr_41607579054.png",637,507,false],"1536x1536":["https:\/\/arantv.az\/wp-content\/uploads\/2020\/12\/esgerr_41607579054.png",637,507,false],"2048x2048":["https:\/\/arantv.az\/wp-content\/uploads\/2020\/12\/esgerr_41607579054.png",637,507,false],"post-thumbnail":["https:\/\/arantv.az\/wp-content\/uploads\/2020\/12\/esgerr_41607579054-240x172.png",240,172,true],"advps-thumb-one":["https:\/\/arantv.az\/wp-content\/uploads\/2020\/12\/esgerr_41607579054.png",637,507,false]},"rttpg_author":{"display_name":"V\u00fcsal Rafiqo\u011flu","author_link":"https:\/\/arantv.az\/?author=2"},"rttpg_comment":0,"rttpg_category":"<a href=\"https:\/\/arantv.az\/?cat=26\" rel=\"category\">Sosial<\/a>","rttpg_excerpt":"\u018fll\u0259rind\u0259 bayraqlar v\u0259 alq\u0131\u015flarla qar\u015f\u0131land\u0131 qazi. \u0130smay\u0131ll\u0131 rayon, K\u00fcrtma\u015f\u0131 k\u0259nd sakini, 21 ya\u015fl\u0131 Asif \u0130smay\u0131lov V\u0259t\u0259n u\u011frunda d\u00f6y\u00fc\u015f\u0259n q\u0259hr\u0259man qazil\u0259rimizd\u0259n biridir. Asif F\u00fczuli, C\u0259bray\u0131l, Xocav\u0259nd v\u0259 \u015eu\u015fa d\u00f6y\u00fc\u015fl\u0259rind\u0259 i\u015ftrak edib. D\u00f6y\u00fc\u015f m\u00fcdd\u0259tind\u0259 f\u0259rql\u0259ndiyin\u0259 g\u00f6r\u0259 komandiri t\u0259r\u0259find\u0259n ail\u0259sin\u0259 t\u0259\u015f\u0259kk\u00fcr m\u0259ktublar\u0131 da g\u00f6nd\u0259rilib. Asif \u015eu\u015fa u\u011frunda ged\u0259n d\u00f6y\u00fc\u015fl\u0259rd\u0259 qrupu il\u0259 h\u0259r\u0259k\u0259t ed\u0259rk\u0259n pusquya d\u00fc\u015f\u00fcb. H\u0259min vaxt Asif&hellip;","_links":{"self":[{"href":"https:\/\/arantv.az\/index.php?rest_route=\/wp\/v2\/posts\/251155"}],"collection":[{"href":"https:\/\/arantv.az\/index.php?rest_route=\/wp\/v2\/posts"}],"about":[{"href":"https:\/\/arantv.az\/index.php?rest_route=\/wp\/v2\/types\/post"}],"author":[{"embeddable":true,"href":"https:\/\/arantv.az\/index.php?rest_route=\/wp\/v2\/users\/2"}],"replies":[{"embeddable":true,"href":"https:\/\/arantv.az\/index.php?rest_route=%2Fwp%2Fv2%2Fcomments&post=251155"}],"version-history":[{"count":0,"href":"https:\/\/arantv.az\/index.php?rest_route=\/wp\/v2\/posts\/251155\/revisions"}],"wp:featuredmedia":[{"embeddable":true,"href":"https:\/\/arantv.az\/index.php?rest_route=\/wp\/v2\/media\/251156"}],"wp:attachment":[{"href":"https:\/\/arantv.az\/index.php?rest_route=%2Fwp%2Fv2%2Fmedia&parent=251155"}],"wp:term":[{"taxonomy":"category","embeddable":true,"href":"https:\/\/arantv.az\/index.php?rest_route=%2Fwp%2Fv2%2Fcategories&post=251155"},{"taxonomy":"post_tag","embeddable":true,"href":"https:\/\/arantv.az\/index.php?rest_route=%2Fwp%2Fv2%2Ftags&post=251155"}],"curies":[{"name":"wp","href":"https:\/\/api.w.org\/{rel}","templated":true}]}}