{"id":251167,"date":"2020-12-10T09:04:31","date_gmt":"2020-12-10T06:04:31","guid":{"rendered":"http:\/\/arantv.az\/?p=251167"},"modified":"2020-12-10T09:04:31","modified_gmt":"2020-12-10T06:04:31","slug":"qarabag-ordeni-il%c9%99-t%c9%99ltif-olunan-gizirin-h%c9%99yat-yoldasi-z%c9%99ng-edib-dedi-ki-m%c9%99nd%c9%99n-nigaran-qalmayin-foto","status":"publish","type":"post","link":"https:\/\/arantv.az\/?p=251167","title":{"rendered":"\u201cQaraba\u011f\u201d ordeni il\u0259 t\u0259ltif olunan gizirin h\u0259yat yolda\u015f\u0131: \u201cZ\u0259ng edib dedi ki, m\u0259nd\u0259n nigaran qalmay\u0131n\u201d &#8211; FOTO"},"content":{"rendered":"<p>\u00d6t\u0259n g\u00fcn\u00a0Prezident \u0130lham \u018fliyev Az\u0259rbaycan Respublikas\u0131 Silahl\u0131 Q\u00fcvv\u0259l\u0259rinin h\u0259rbi qulluq\u00e7ular\u0131n\u0131n t\u0259ltif edilm\u0259si haqq\u0131nda s\u0259r\u0259ncam imzalay\u0131b.<\/p>\n<p>S\u0259r\u0259ncama \u0259sas\u0259n, Az\u0259rbaycan Respublikas\u0131 \u0259razil\u0259rinin i\u015f\u011faldan azad olunmas\u0131 v\u0259 \u0259razi b\u00fct\u00f6vl\u00fcy\u00fcn\u00fcn b\u0259rpa edilm\u0259si zaman\u0131 d\u00f6y\u00fc\u015f \u0259m\u0259liyyatlar\u0131na y\u00fcks\u0259k pe\u015f\u0259karl\u0131qla r\u0259hb\u0259rlik etmi\u015f, h\u0259rbi qulluq v\u0259zif\u0259sini yerin\u0259 yetir\u0259rk\u0259n igidlik v\u0259 m\u0259rdlik n\u00fcmun\u0259si g\u00f6st\u0259rmi\u015f Az\u0259rbaycan Respublikas\u0131 Silahl\u0131 Q\u00fcvv\u0259l\u0259rinin h\u0259rbi qulluq\u00e7ular\u0131 t\u0259ltif edilibl\u0259r.<\/p>\n<p>H\u0259min \u015f\u0259xsl\u0259rd\u0259n biri gizir Rufiz Budaqov\u00a0\u00f6l\u00fcm\u00fcnd\u0259n sonra \u201cQaraba\u011f\u201d ordeni il\u0259 t\u0259ltif olunub.<\/p>\n<div id=\"AdviadNativeVideo0\" class=\"AdviadNativeVideo\"><\/div>\n<p>Budaqov Rufiz \u015eirzad o\u011flu 1977-ci ild\u0259 Nax\u00e7\u0131van Muxtar Respublikas\u0131n\u0131n Ordubad rayonu Tivi k\u0259ndind\u0259 anadan olub.<\/p>\n<p>O, \u0259sg\u0259rliyini\u00a0ba\u015fa vurduqdan sonra gizirlik kursunda oxuyub. Ail\u0259d\u0259 d\u00f6rd qarda\u015fd\u0131rlar. \u015e\u0259hidimiz evin b\u00f6y\u00fck \u00f6vlad\u0131\u00a0olub.<\/p>\n<p>R.Budaqovun\u00a0h\u0259yat yolda\u015f\u0131 N\u00fc\u015fab\u0259 Budaqova deyir ki, Rufiz \u015f\u0259hid olan g\u00fcn\u00fc onlarla \u0259laq\u0259 saxlay\u0131b:<\/p>\n<p>\u201cO, tank komandiri idi. M\u0259n\u0259 z\u0259ng etdi, dedi ki, m\u0259nd\u0259n nigaran qalmay\u0131n. H\u0259min vaxt \u0259laq\u0259 k\u0259sildi. Murov y\u00fcks\u0259kliyi u\u011frunda q\u0259hr\u0259mancas\u0131na d\u00f6y\u00fc\u015f\u00fcb.<\/p>\n<p>Rufiz mehriban adam idi. \u0130\u015fl\u0259 \u0259laq\u0259li evd\u0259 \u00e7ox olmurdu. O, ev\u0259 g\u0259l\u0259nd\u0259 bizim \u00fc\u00e7\u00fcn bayram olurdu. \u0130\u015fini \u00e7ox sevirdi. Tankda h\u0259r hans\u0131 bir problem olan zaman\u00a0onu \u00f6z\u00fc s\u00f6k\u00fcb d\u00fcz\u0259ldirdi. V\u0259t\u0259nin\u0259 torpa\u011f\u0131na ba\u011fl\u0131 insan idi. Onun \u00fc\u00e7\u00fcn d\u0259 d\u00f6y\u00fc\u015f\u0259 ilk ged\u0259nl\u0259rd\u0259n oldu\u201d.<\/p>\n<p>Gizirimizd\u0259n iki q\u0131z, bir o\u011flan \u00f6vlad\u0131 yadigar qald\u0131\u2026<\/p>\n<div class=\"gallery\">\n<div class=\"gallery-i\"><img src=\"https:\/\/cdn.oxu.az\/uploads\/W1siZiIsIjIwMjAvMTIvMTAvMDkvMTIvNDYvMzc0ZWNlYjItMTc5MS00Y2FiLTkxY2UtZmNmZDgwOGQzMjRkLzJiNjRjN2I1LTYyZDUtNGU1YS1iMjc1LTBlOGFmMTQ1OTY4NS5qcGciXSxbInAiLCJlbmNvZGUiLCJqcGciLCItcXVhbGl0eSA4MCJdLFsicCIsInRodW1iIiwiNTkweDU5MFx1MDAzZSJdXQ?sha=c2bc90f2670e4e9e\" alt=\"\" \/><\/p>\n<div class=\"gallery-i-caption\"><\/div>\n<\/div>\n<div class=\"gallery-i\"><img src=\"https:\/\/cdn.oxu.az\/uploads\/W1siZiIsIjIwMjAvMTIvMTAvMDkvMTIvNDYvMmYxNTEzNzQtMDdjNi00NGZhLThkNmEtODExM2NhNWM5ZTU4L1doYXRzQXBwIEltYWdlIDIwMjAtMTItMTAgYXQgMDguNTguMTAuanBlZyJdLFsicCIsImVuY29kZSIsImpwZyIsIi1xdWFsaXR5IDgwIl0sWyJwIiwidGh1bWIiLCI1OTB4NTkwXHUwMDNlIl1d?sha=088ae26ab9e6e6eb\" alt=\"\" \/><\/p>\n<div class=\"gallery-i-caption\"><\/div>\n<\/div>\n<div class=\"gallery-i\"><img src=\"https:\/\/cdn.oxu.az\/uploads\/W1siZiIsIjIwMjAvMTIvMTAvMDkvMTIvNDcvOWRjNjQ1ZDItNmNjNC00NTEwLTk0NzItY2Q0OWE4ZDlmZGFiL1doYXRzQXBwIEltYWdlIDIwMjAtMTItMTAgYXQgMDguNTcuNDkuanBlZyJdLFsicCIsImVuY29kZSIsImpwZyIsIi1xdWFsaXR5IDgwIl0sWyJwIiwidGh1bWIiLCI1OTB4NTkwXHUwMDNlIl1d?sha=eb7c1d541798646c\" alt=\"\" \/><\/p>\n<div class=\"gallery-i-caption\"><\/div>\n<\/div>\n<div class=\"gallery-i\"><img src=\"https:\/\/cdn.oxu.az\/uploads\/W1siZiIsIjIwMjAvMTIvMTAvMDkvMTIvNDcvNWY1Nzg0NTAtMDI1ZS00ZTg3LTk3MTUtNzkyYzg2NGZkMTkyL1doYXRzQXBwIEltYWdlIDIwMjAtMTItMTAgYXQgMDguNTcuMjkuanBlZyJdLFsicCIsImVuY29kZSIsImpwZyIsIi1xdWFsaXR5IDgwIl0sWyJwIiwidGh1bWIiLCI1OTB4NTkwXHUwMDNlIl1d?sha=6e6019b79dd966ad\" alt=\"\" \/><\/p>\n<div class=\"gallery-i-caption\"><\/div>\n<\/div>\n<div class=\"gallery-i\"><img src=\"https:\/\/cdn.oxu.az\/uploads\/W1siZiIsIjIwMjAvMTIvMTAvMDkvMTIvNDcvNWZiOTU0ODgtZTFlZi00NmVjLWI2YWUtYjAzYzQwODZiYmFjL1doYXRzQXBwIEltYWdlIDIwMjAtMTItMTAgYXQgMDguNTYuNDUuanBlZyJdLFsicCIsImVuY29kZSIsImpwZyIsIi1xdWFsaXR5IDgwIl0sWyJwIiwidGh1bWIiLCI1OTB4NTkwXHUwMDNlIl1d?sha=aa5d1288e1fe5041\" alt=\"\" \/><\/p>\n<div class=\"gallery-i-caption\"><\/div>\n<\/div>\n<div class=\"gallery-i\"><img src=\"https:\/\/cdn.oxu.az\/uploads\/W1siZiIsIjIwMjAvMTIvMTAvMDkvMTIvNDcvNGZjOTU2NjMtZjE3Ni00MmIwLWJiMDItNjdkZTYxMDAzNjczL1doYXRzQXBwIEltYWdlIDIwMjAtMTItMTAgYXQgMDguNTYuMzQgKDEpLmpwZWciXSxbInAiLCJlbmNvZGUiLCJqcGciLCItcXVhbGl0eSA4MCJdLFsicCIsInRodW1iIiwiNTkweDU5MFx1MDAzZSJdXQ?sha=3e5ed718b487b9b4\" alt=\"\" \/><\/p>\n<div class=\"gallery-i-caption\"><\/div>\n<\/div>\n<div class=\"gallery-i\"><img src=\"https:\/\/cdn.oxu.az\/uploads\/W1siZiIsIjIwMjAvMTIvMTAvMDkvMTMvMTQvNmQ4ZmM5OGUtY2NjNS00NmNkLWI4MTYtYzllNjVjMDNkY2Y4L3Nla2lsIGJhcyAuanBlZyJdLFsicCIsImVuY29kZSIsImpwZyIsIi1xdWFsaXR5IDgwIl0sWyJwIiwidGh1bWIiLCI1OTB4NTkwXHUwMDNlIl1d?sha=4489370b3d14e266\" alt=\"\" \/><\/div>\n<\/div>\n","protected":false},"excerpt":{"rendered":"<p>\u00d6t\u0259n g\u00fcn\u00a0Prezident \u0130lham \u018fliyev Az\u0259rbaycan Respublikas\u0131 Silahl\u0131 Q\u00fcvv\u0259l\u0259rinin h\u0259rbi qulluq\u00e7ular\u0131n\u0131n t\u0259ltif edilm\u0259si haqq\u0131nda s\u0259r\u0259ncam imzalay\u0131b. S\u0259r\u0259ncama \u0259sas\u0259n, Az\u0259rbaycan Respublikas\u0131 \u0259razil\u0259rinin i\u015f\u011faldan azad olunmas\u0131 v\u0259 \u0259razi b\u00fct\u00f6vl\u00fcy\u00fcn\u00fcn b\u0259rpa edilm\u0259si zaman\u0131 d\u00f6y\u00fc\u015f \u0259m\u0259liyyatlar\u0131na y\u00fcks\u0259k pe\u015f\u0259karl\u0131qla r\u0259hb\u0259rlik etmi\u015f, h\u0259rbi qulluq v\u0259zif\u0259sini yerin\u0259 yetir\u0259rk\u0259n igidlik v\u0259 m\u0259rdlik n\u00fcmun\u0259si g\u00f6st\u0259rmi\u015f Az\u0259rbaycan Respublikas\u0131 Silahl\u0131 Q\u00fcvv\u0259l\u0259rinin h\u0259rbi qulluq\u00e7ular\u0131 t\u0259ltif edilibl\u0259r. H\u0259min \u015f\u0259xsl\u0259rd\u0259n biri gizir Rufiz Budaqov\u00a0\u00f6l\u00fcm\u00fcnd\u0259n sonra \u201cQaraba\u011f\u201d ordeni il\u0259 t\u0259ltif olunub. Budaqov Rufiz \u015eirzad o\u011flu 1977-ci ild\u0259 Nax\u00e7\u0131van Muxtar Respublikas\u0131n\u0131n Ordubad rayonu Tivi k\u0259ndind\u0259 anadan olub. O, \u0259sg\u0259rliyini\u00a0ba\u015fa vurduqdan sonra gizirlik kursunda oxuyub. Ail\u0259d\u0259 d\u00f6rd qarda\u015fd\u0131rlar.&hellip;<\/p>\n","protected":false},"author":2,"featured_media":251168,"comment_status":"closed","ping_status":"closed","sticky":false,"template":"","format":"standard","meta":{"om_disable_all_campaigns":false,"_monsterinsights_skip_tracking":false,"_monsterinsights_sitenote_active":false,"_monsterinsights_sitenote_note":"","_monsterinsights_sitenote_category":0},"categories":[26],"tags":[],"aioseo_notices":[],"gutentor_comment":0,"rttpg_featured_image_url":{"full":["https:\/\/arantv.az\/wp-content\/uploads\/2020\/12\/FotoJet-15.jpg",620,433,false],"landscape":["https:\/\/arantv.az\/wp-content\/uploads\/2020\/12\/FotoJet-15.jpg",620,433,false],"portraits":["https:\/\/arantv.az\/wp-content\/uploads\/2020\/12\/FotoJet-15.jpg",620,433,false],"thumbnail":["https:\/\/arantv.az\/wp-content\/uploads\/2020\/12\/FotoJet-15-150x150.jpg",150,150,true],"medium":["https:\/\/arantv.az\/wp-content\/uploads\/2020\/12\/FotoJet-15-300x210.jpg",300,210,true],"large":["https:\/\/arantv.az\/wp-content\/uploads\/2020\/12\/FotoJet-15.jpg",620,433,false],"1536x1536":["https:\/\/arantv.az\/wp-content\/uploads\/2020\/12\/FotoJet-15.jpg",620,433,false],"2048x2048":["https:\/\/arantv.az\/wp-content\/uploads\/2020\/12\/FotoJet-15.jpg",620,433,false],"post-thumbnail":["https:\/\/arantv.az\/wp-content\/uploads\/2020\/12\/FotoJet-15-240x172.jpg",240,172,true],"advps-thumb-one":["https:\/\/arantv.az\/wp-content\/uploads\/2020\/12\/FotoJet-15.jpg",620,433,false]},"rttpg_author":{"display_name":"V\u00fcsal Rafiqo\u011flu","author_link":"https:\/\/arantv.az\/?author=2"},"rttpg_comment":0,"rttpg_category":"<a href=\"https:\/\/arantv.az\/?cat=26\" rel=\"category\">Sosial<\/a>","rttpg_excerpt":"\u00d6t\u0259n g\u00fcn\u00a0Prezident \u0130lham \u018fliyev Az\u0259rbaycan Respublikas\u0131 Silahl\u0131 Q\u00fcvv\u0259l\u0259rinin h\u0259rbi qulluq\u00e7ular\u0131n\u0131n t\u0259ltif edilm\u0259si haqq\u0131nda s\u0259r\u0259ncam imzalay\u0131b. S\u0259r\u0259ncama \u0259sas\u0259n, Az\u0259rbaycan Respublikas\u0131 \u0259razil\u0259rinin i\u015f\u011faldan azad olunmas\u0131 v\u0259 \u0259razi b\u00fct\u00f6vl\u00fcy\u00fcn\u00fcn b\u0259rpa edilm\u0259si zaman\u0131 d\u00f6y\u00fc\u015f \u0259m\u0259liyyatlar\u0131na y\u00fcks\u0259k pe\u015f\u0259karl\u0131qla r\u0259hb\u0259rlik etmi\u015f, h\u0259rbi qulluq v\u0259zif\u0259sini yerin\u0259 yetir\u0259rk\u0259n igidlik v\u0259 m\u0259rdlik n\u00fcmun\u0259si g\u00f6st\u0259rmi\u015f Az\u0259rbaycan Respublikas\u0131 Silahl\u0131 Q\u00fcvv\u0259l\u0259rinin h\u0259rbi qulluq\u00e7ular\u0131 t\u0259ltif edilibl\u0259r. H\u0259min \u015f\u0259xsl\u0259rd\u0259n&hellip;","_links":{"self":[{"href":"https:\/\/arantv.az\/index.php?rest_route=\/wp\/v2\/posts\/251167"}],"collection":[{"href":"https:\/\/arantv.az\/index.php?rest_route=\/wp\/v2\/posts"}],"about":[{"href":"https:\/\/arantv.az\/index.php?rest_route=\/wp\/v2\/types\/post"}],"author":[{"embeddable":true,"href":"https:\/\/arantv.az\/index.php?rest_route=\/wp\/v2\/users\/2"}],"replies":[{"embeddable":true,"href":"https:\/\/arantv.az\/index.php?rest_route=%2Fwp%2Fv2%2Fcomments&post=251167"}],"version-history":[{"count":0,"href":"https:\/\/arantv.az\/index.php?rest_route=\/wp\/v2\/posts\/251167\/revisions"}],"wp:featuredmedia":[{"embeddable":true,"href":"https:\/\/arantv.az\/index.php?rest_route=\/wp\/v2\/media\/251168"}],"wp:attachment":[{"href":"https:\/\/arantv.az\/index.php?rest_route=%2Fwp%2Fv2%2Fmedia&parent=251167"}],"wp:term":[{"taxonomy":"category","embeddable":true,"href":"https:\/\/arantv.az\/index.php?rest_route=%2Fwp%2Fv2%2Fcategories&post=251167"},{"taxonomy":"post_tag","embeddable":true,"href":"https:\/\/arantv.az\/index.php?rest_route=%2Fwp%2Fv2%2Ftags&post=251167"}],"curies":[{"name":"wp","href":"https:\/\/api.w.org\/{rel}","templated":true}]}}