{"id":251171,"date":"2020-12-10T09:05:51","date_gmt":"2020-12-10T06:05:51","guid":{"rendered":"http:\/\/arantv.az\/?p=251171"},"modified":"2020-12-10T09:05:51","modified_gmt":"2020-12-10T06:05:51","slug":"az%c9%99rbaycanda-daha-bir-yuks%c9%99k-v%c9%99zif%c9%99li-m%c9%99mur-koronavirusdan-v%c9%99fat-etdi","status":"publish","type":"post","link":"https:\/\/arantv.az\/?p=251171","title":{"rendered":"Az\u0259rbaycanda daha bir y\u00fcks\u0259k v\u0259zif\u0259li m\u0259mur koronavirusdan v\u0259fat etdi"},"content":{"rendered":"<p>Sumqay\u0131tda y\u00fcks\u0259k v\u0259zif\u0259li m\u0259mur koronavirusdan v\u0259fat edib.<\/p>\n<p><b>ARANTV.AZ<\/b>-\u0131n m\u0259lumat\u0131na g\u00f6r\u0259, Sumqay\u0131t Sukanal \u0130dar\u0259sinin r\u0259isi \u0130lqar Abdullayev\u0259 bir m\u00fcdd\u0259t \u00f6nc\u0259 koronavirusa yoluxub.<\/p>\n<p>Virusla m\u00fcbariz\u0259 aparmas\u0131na baxmayaraq, x\u0259st\u0259lik s\u0259b\u0259bind\u0259n komaya d\u00fc\u015f\u00fcb. H\u0259kiml\u0259rin b\u00fct\u00fcn c\u0259hdl\u0259rin\u0259 r\u0259\u011fm\u0259n v\u0259ziyy\u0259ti a\u011f\u0131rla\u015fan \u0130. Abdullayev m\u00fcalic\u0259 ald\u0131\u011f\u0131 x\u0259st\u0259xanada d\u00fcnyas\u0131n\u0131 d\u0259yi\u015fib.<\/p>\n<p>Qeyd ed\u0259k ki, \u0130. Abdullayev 2019-cu ilin mart\u0131ndan bu v\u0259zif\u0259d\u0259 \u00e7al\u0131\u015f\u0131rd\u0131.Oxu.Az<\/p>\n","protected":false},"excerpt":{"rendered":"<p>Sumqay\u0131tda y\u00fcks\u0259k v\u0259zif\u0259li m\u0259mur koronavirusdan v\u0259fat edib. ARANTV.AZ-\u0131n m\u0259lumat\u0131na g\u00f6r\u0259, Sumqay\u0131t Sukanal \u0130dar\u0259sinin r\u0259isi \u0130lqar Abdullayev\u0259 bir m\u00fcdd\u0259t \u00f6nc\u0259 koronavirusa yoluxub. Virusla m\u00fcbariz\u0259 aparmas\u0131na baxmayaraq, x\u0259st\u0259lik s\u0259b\u0259bind\u0259n komaya d\u00fc\u015f\u00fcb. H\u0259kiml\u0259rin b\u00fct\u00fcn c\u0259hdl\u0259rin\u0259 r\u0259\u011fm\u0259n v\u0259ziyy\u0259ti a\u011f\u0131rla\u015fan \u0130. Abdullayev m\u00fcalic\u0259 ald\u0131\u011f\u0131 x\u0259st\u0259xanada d\u00fcnyas\u0131n\u0131 d\u0259yi\u015fib. Qeyd ed\u0259k ki, \u0130. Abdullayev 2019-cu ilin mart\u0131ndan bu v\u0259zif\u0259d\u0259 \u00e7al\u0131\u015f\u0131rd\u0131.Oxu.Az<\/p>\n","protected":false},"author":2,"featured_media":250923,"comment_status":"closed","ping_status":"closed","sticky":false,"template":"","format":"standard","meta":{"om_disable_all_campaigns":false,"_monsterinsights_skip_tracking":false,"_monsterinsights_sitenote_active":false,"_monsterinsights_sitenote_note":"","_monsterinsights_sitenote_category":0},"categories":[5],"tags":[],"aioseo_notices":[],"gutentor_comment":0,"rttpg_featured_image_url":{"full":["https:\/\/arantv.az\/wp-content\/uploads\/2020\/12\/903773.jpg",800,600,false],"landscape":["https:\/\/arantv.az\/wp-content\/uploads\/2020\/12\/903773.jpg",800,600,false],"portraits":["https:\/\/arantv.az\/wp-content\/uploads\/2020\/12\/903773.jpg",800,600,false],"thumbnail":["https:\/\/arantv.az\/wp-content\/uploads\/2020\/12\/903773-150x150.jpg",150,150,true],"medium":["https:\/\/arantv.az\/wp-content\/uploads\/2020\/12\/903773-300x225.jpg",300,225,true],"large":["https:\/\/arantv.az\/wp-content\/uploads\/2020\/12\/903773.jpg",640,480,false],"1536x1536":["https:\/\/arantv.az\/wp-content\/uploads\/2020\/12\/903773.jpg",800,600,false],"2048x2048":["https:\/\/arantv.az\/wp-content\/uploads\/2020\/12\/903773.jpg",800,600,false],"post-thumbnail":["https:\/\/arantv.az\/wp-content\/uploads\/2020\/12\/903773-240x172.jpg",240,172,true],"advps-thumb-one":["https:\/\/arantv.az\/wp-content\/uploads\/2020\/12\/903773.jpg",800,600,false]},"rttpg_author":{"display_name":"V\u00fcsal Rafiqo\u011flu","author_link":"https:\/\/arantv.az\/?author=2"},"rttpg_comment":0,"rttpg_category":"<a href=\"https:\/\/arantv.az\/?cat=5\" rel=\"category\">Hadis\u0259<\/a>","rttpg_excerpt":"Sumqay\u0131tda y\u00fcks\u0259k v\u0259zif\u0259li m\u0259mur koronavirusdan v\u0259fat edib. ARANTV.AZ-\u0131n m\u0259lumat\u0131na g\u00f6r\u0259, Sumqay\u0131t Sukanal \u0130dar\u0259sinin r\u0259isi \u0130lqar Abdullayev\u0259 bir m\u00fcdd\u0259t \u00f6nc\u0259 koronavirusa yoluxub. Virusla m\u00fcbariz\u0259 aparmas\u0131na baxmayaraq, x\u0259st\u0259lik s\u0259b\u0259bind\u0259n komaya d\u00fc\u015f\u00fcb. H\u0259kiml\u0259rin b\u00fct\u00fcn c\u0259hdl\u0259rin\u0259 r\u0259\u011fm\u0259n v\u0259ziyy\u0259ti a\u011f\u0131rla\u015fan \u0130. Abdullayev m\u00fcalic\u0259 ald\u0131\u011f\u0131 x\u0259st\u0259xanada d\u00fcnyas\u0131n\u0131 d\u0259yi\u015fib. Qeyd ed\u0259k ki, \u0130. Abdullayev 2019-cu ilin mart\u0131ndan bu v\u0259zif\u0259d\u0259 \u00e7al\u0131\u015f\u0131rd\u0131.Oxu.Az","_links":{"self":[{"href":"https:\/\/arantv.az\/index.php?rest_route=\/wp\/v2\/posts\/251171"}],"collection":[{"href":"https:\/\/arantv.az\/index.php?rest_route=\/wp\/v2\/posts"}],"about":[{"href":"https:\/\/arantv.az\/index.php?rest_route=\/wp\/v2\/types\/post"}],"author":[{"embeddable":true,"href":"https:\/\/arantv.az\/index.php?rest_route=\/wp\/v2\/users\/2"}],"replies":[{"embeddable":true,"href":"https:\/\/arantv.az\/index.php?rest_route=%2Fwp%2Fv2%2Fcomments&post=251171"}],"version-history":[{"count":0,"href":"https:\/\/arantv.az\/index.php?rest_route=\/wp\/v2\/posts\/251171\/revisions"}],"wp:featuredmedia":[{"embeddable":true,"href":"https:\/\/arantv.az\/index.php?rest_route=\/wp\/v2\/media\/250923"}],"wp:attachment":[{"href":"https:\/\/arantv.az\/index.php?rest_route=%2Fwp%2Fv2%2Fmedia&parent=251171"}],"wp:term":[{"taxonomy":"category","embeddable":true,"href":"https:\/\/arantv.az\/index.php?rest_route=%2Fwp%2Fv2%2Fcategories&post=251171"},{"taxonomy":"post_tag","embeddable":true,"href":"https:\/\/arantv.az\/index.php?rest_route=%2Fwp%2Fv2%2Ftags&post=251171"}],"curies":[{"name":"wp","href":"https:\/\/api.w.org\/{rel}","templated":true}]}}