{"id":251186,"date":"2020-12-10T09:21:46","date_gmt":"2020-12-10T06:21:46","guid":{"rendered":"http:\/\/arantv.az\/?p=251186"},"modified":"2020-12-10T09:21:46","modified_gmt":"2020-12-10T06:21:46","slug":"z%c9%99ngilana-bayragimizi-sancan-s%c9%99hidin-nisanlisi-bu-sozl%c9%99ri-il%c9%99-kovr%c9%99ltdi-foto","status":"publish","type":"post","link":"https:\/\/arantv.az\/?p=251186","title":{"rendered":"Z\u0259ngilana bayra\u011f\u0131m\u0131z\u0131 sancan \u015f\u0259hidin ni\u015fanl\u0131s\u0131 bu s\u00f6zl\u0259ri il\u0259 K\u00d6VR\u018fLTD\u0130 &#8211; FOTO"},"content":{"rendered":"<p>V\u0259t\u0259n \u00fc\u00e7\u00fcn can\u0131ndan ke\u00e7m\u0259k, sin\u0259ni onun yolunda sip\u0259r etm\u0259k t\u0259kc\u0259 h\u00fcn\u0259r, m\u0259rdlik i\u015fi deyil, bunun \u00fc\u00e7\u00fcn h\u0259m d\u0259 V\u0259t\u0259ni sev\u0259n b\u00f6y\u00fck \u00fcr\u0259k laz\u0131md\u0131r. Qaraba\u011f\u0131m\u0131z\u0131 o b\u00f6y\u00fck \u00fcr\u0259y\u0259 sahib \u0259r qeyr\u0259tli, tarix yazan minl\u0259rl\u0259 q\u0259hr\u0259man o\u011fullar\u0131m\u0131z azad etdi.<\/p>\n<p>Bel\u0259 igidl\u0259rimizd\u0259n biri d\u0259 Yusifli Az\u0259r Nazim o\u011fludur.<\/p>\n<div id=\"AdviadNativeVideo0\" class=\"AdviadNativeVideo\"><\/div>\n<p><strong>ARANTV.AZ\u00a0<\/strong>\u00a0Z\u0259ngilana \u015fanl\u0131 Az\u0259rbaycan bayra\u011f\u0131n\u0131 ilk sancan v\u0259 b\u00f6y\u00fck r\u0259\u015fad\u0259tl\u0259 azad etdiyi torpaqda \u015f\u0259had\u0259t\u0259 ucalan \u015f\u0259hid Az\u0259rin V\u0259t\u0259n m\u00fcharib\u0259sind\u0259ki d\u00f6y\u00fc\u015f yolunu t\u0259qdim edir.<\/p>\n<p><img class=\"imgbcode\" src=\"https:\/\/upload.az\/foto\/arxiv\/2a21fda5-06df-46b6-b459-db6470fe828d.jpg\" alt=\"Z\u0259ngilana bayra\u011f\u0131m\u0131z\u0131 sancan \u015f\u0259hidin ni\u015fanl\u0131s\u0131 bu s\u00f6zl\u0259ri il\u0259 K\u00d6VR\u018fLTD\u0130 - FOTO\" \/>Az\u0259r 28 mart 1994-c\u00fc ild\u0259 A\u011fstafa rayonunun B\u00f6y\u00fck K\u0259sik k\u0259ndind\u0259 ziyal\u0131 ail\u0259sind\u0259 anadan olub. 2012-ci ilin aprelind\u0259 h\u0259rbi xidm\u0259t\u0259 yollanan \u015f\u0259hidimiz \u018fdliyy\u0259 Nazirliyinin Penitensiar Xidm\u0259tinin 11-ci b\u00f6l\u00fcy\u00fcnd\u0259 ki\u00e7ik \u00e7avu\u015f r\u00fctb\u0259sind\u0259 xidm\u0259t edib. H\u0259rbi xidm\u0259tini bitirdikd\u0259n sonra s\u0259n\u0259dl\u0259rini S\u0259rh\u0259d Qo\u015funlar\u0131na t\u0259qdim edib v\u0259 i\u015f\u0259 q\u0259bul olunub. D\u0259f\u0259l\u0259rl\u0259 xidm\u0259tl\u0259rin\u0259 g\u00f6r\u0259 h\u0259rbi hiss\u0259nin komandiri v\u0259 D\u00f6vl\u0259t S\u0259rh\u0259d Xidm\u0259tinin r\u0259isi, general-polkovnik El\u00e7in Quliyev t\u0259r\u0259find\u0259n f\u0259xri f\u0259rmanlar v\u0259 medallarla m\u00fckafatland\u0131r\u0131l\u0131b. H\u0259rbi d\u00f6y\u00fc\u015f v\u0259 idman haz\u0131rl\u0131\u011f\u0131nda x\u00fcsusil\u0259 f\u0259rql\u0259ndiyin\u0259 g\u00f6r\u0259 Az\u0259ri M\u0259rd\u0259kanda yerl\u0259\u015f\u0259n S\u0259rh\u0259d Qo\u015funlar\u0131na m\u0259xsus &#8220;x\u00fcsusi t\u0259yinatl\u0131&#8221; d\u0259st\u0259y\u0259 g\u00f6nd\u0259ribl\u0259r. Orada ke\u00e7iril\u0259n d\u00f6y\u00fc\u015f t\u0259liml\u0259rin\u0259 v\u0259 taktiki, texniki f\u0259aliyy\u0259tin\u0259 g\u00f6r\u0259 \u015f\u0259hidimiz x\u00fcsusil\u0259 f\u0259rql\u0259nib. Tovuz d\u00f6y\u00fc\u015fl\u0259ri zaman\u0131 x\u00fcsusi t\u0259yinatl\u0131 d\u0259st\u0259d\u0259 k\u0259\u015ffiyyat\u00e7\u0131 kimi f\u0259aliyy\u0259t\u0259 ba\u015flay\u0131b. V\u0259t\u0259n m\u00fcharib\u0259si ba\u015flayanda S\u0259rh\u0259d Qo\u015funlar\u0131na m\u0259xsus x\u00fcsusi t\u0259yinatl\u0131 k\u0259\u015ffiyyat d\u0259st\u0259sind\u0259 d\u00f6y\u00fc\u015fl\u0259r\u0259 qo\u015fulub.<\/p>\n<p><img class=\"imgbcode\" src=\"https:\/\/upload.az\/foto\/arxiv\/773866bc-7529-4307-8945-788074a4432e.jpg\" alt=\"Z\u0259ngilana bayra\u011f\u0131m\u0131z\u0131 sancan \u015f\u0259hidin ni\u015fanl\u0131s\u0131 bu s\u00f6zl\u0259ri il\u0259 K\u00d6VR\u018fLTD\u0130 - FOTO\" \/>Az\u0259r F\u00fczuli, C\u0259bray\u0131l, Hadrut, Qubadl\u0131 v\u0259 Z\u0259ngilan\u0131n azad edilm\u0259sind\u0259 b\u00f6y\u00fck \u015f\u00fcca\u0259t v\u0259 q\u0259hr\u0259manl\u0131q g\u00f6st\u0259rib. C\u0259bray\u0131l azad edil\u0259nd\u0259 Xudaf\u0259rin k\u00f6rp\u00fcs\u00fcn\u00fcn, Z\u0259ngilan azad edil\u0259nd\u0259 is\u0259 Z\u0259ngilan Prokurorlu\u011fu binas\u0131n\u0131n \u00fcst\u00fcn\u0259 bayra\u011f\u0131 Az\u0259r sanc\u0131r.<\/p>\n<p>D\u00f6y\u00fc\u015f yolda\u015f\u0131 X\u0259yal Namazov deyib ki, h\u0259min m\u0259qamda Az\u0259rin ke\u00e7irdiyi q\u00fcrur hissini s\u00f6zl\u0259 ifad\u0259 ed\u0259 bilmir\u0259m. H\u0259r d\u0259f\u0259 d\u00f6y\u00fc\u015fl\u0259rl\u0259 erm\u0259nil\u0259ri \u00f6ld\u00fcrd\u00fckc\u0259 &#8220;bu da Xocal\u0131n\u0131n heyifi&#8221; deyirmi\u015f \u015f\u0259hidimiz.<\/p>\n<p>Publika.az-a dan\u0131\u015fan \u015f\u0259hidimizin bibisi o\u011flu Nuran Allahverdiyev bildirib ki, Az\u0259r m\u00fcharib\u0259nin ilk h\u0259ft\u0259sind\u0259 yaralan\u0131r v\u0259 hospitalda m\u00fcalic\u0259 almal\u0131 olur. H\u0259kiml\u0259r deyirmi\u015f ki, biz gec\u0259-g\u00fcnd\u00fcz n\u00f6vb\u0259 \u00e7\u0259kirdik, onu saxlaya bilmirdik. \u00dc\u00e7 g\u00fcn sonra, h\u0259l\u0259 tam sa\u011falmam\u0131\u015f yaralar\u0131n\u0131 sar\u0131y\u0131b d\u00f6y\u00fc\u015f\u0259 qay\u0131d\u0131r \u015f\u0259hidimiz.<\/p>\n<p><img class=\"imgbcode\" src=\"https:\/\/upload.az\/foto\/arxiv\/2d378fdd-f3e2-42c1-a214-538747b1154f.jpg\" alt=\"Z\u0259ngilana bayra\u011f\u0131m\u0131z\u0131 sancan \u015f\u0259hidin ni\u015fanl\u0131s\u0131 bu s\u00f6zl\u0259ri il\u0259 K\u00d6VR\u018fLTD\u0130 - FOTO\" \/>Az\u0259rin d\u00f6y\u00fc\u015f yolda\u015f\u0131 V\u00fcqar Zamanov is\u0259 bunlar\u0131 deyib: &#8220;M\u0259n C\u0259bray\u0131lda yaraland\u0131m. Tibb m\u0259nt\u0259q\u0259si is\u0259 d\u00f6y\u00fc\u015f meydan\u0131ndan xeyli aral\u0131da idi. Az\u0259r bir \u0259lind\u0259 silah d\u00f6y\u00fc\u015f\u0259-d\u00f6y\u00fc\u015f\u0259 \u00e7iynind\u0259 m\u0259ni ne\u00e7\u0259 kilometr uzaql\u0131qda olan tibb m\u0259nt\u0259q\u0259sin\u0259 \u00e7atd\u0131rd\u0131&#8221;.<\/p>\n<p>Az\u0259rin bibisi o\u011flunun s\u00f6zl\u0259rin\u0259 g\u00f6r\u0259, Az\u0259r v\u0259 d\u00f6y\u00fc\u015f yolda\u015flar\u0131 son d\u0259f\u0259 erm\u0259nil\u0259rl\u0259 qeyri-b\u0259rab\u0259r q\u00fcvv\u0259 il\u0259 d\u00f6y\u00fc\u015f\u00fcrl\u0259r. Ki\u00e7ik bir k\u0259\u015ffiyyat d\u0259st\u0259si erm\u0259nil\u0259rin 37 \u0259sg\u0259r v\u0259 zabitini \u0259sir g\u00f6t\u00fcr\u00fcr, 42-ni is\u0259 m\u0259hv edir. H\u0259min d\u00f6y\u00fc\u015fd\u0259 Az\u0259r d\u00fc\u015fm\u0259nin atd\u0131\u011f\u0131 qumbaradan a\u011f\u0131r yaralan\u0131r. M\u0259saf\u0259 uzaq oldu\u011funa g\u00f6r\u0259 tibb m\u0259nt\u0259q\u0259sin\u0259 t\u0259xliy\u0259 olunana q\u0259d\u0259r qan itirm\u0259d\u0259n \u015f\u0259hid olur.<\/p>\n<p>H\u0259r insan \u00f6mr\u00fc b\u00fct\u00f6v bir t\u0259cr\u00fcb\u0259dir. \u0130nsanlar\u0131n \u00f6m\u00fcr yoluna n\u0259z\u0259r salanda b\u0259z\u0259n adama el\u0259 g\u0259lir ki, ham\u0131 bir-birinin ya\u015fam\u0131n\u0131 t\u0259krarlay\u0131r. Amma Az\u0259r g\u0259nc ya\u015f\u0131nda b\u0259nz\u0259rsiz bir \u00f6m\u00fcr ya\u015fad\u0131 v\u0259 onun \u00f6mr\u00fc bu m\u0259ml\u0259k\u0259td\u0259 b\u00fct\u00fcn insanlar \u00fc\u00e7\u00fcn b\u0259nz\u0259rsiz \u00f6rn\u0259k, \u0259v\u0259zsiz bir n\u00fcmun\u0259 olacaq \u2013 namus, qeyr\u0259t, \u015f\u0259r\u0259f, l\u0259yaq\u0259t, ki\u015filik, m\u0259rdlik v\u0259 f\u0259dakarl\u0131q n\u00fcmun\u0259si\u2026<\/p>\n<p><img class=\"imgbcode\" src=\"https:\/\/upload.az\/foto\/arxiv\/9fc81159-abd7-48af-8f9c-b6c876636d11.jpg\" alt=\"Z\u0259ngilana bayra\u011f\u0131m\u0131z\u0131 sancan \u015f\u0259hidin ni\u015fanl\u0131s\u0131 bu s\u00f6zl\u0259ri il\u0259 K\u00d6VR\u018fLTD\u0130 - FOTO\" \/>Nakam \u00f6mr\u00fc b\u0259nz\u0259rsiz oldu\u011fu kimi Az\u0259rin taleyi, o b\u00f6y\u00fck \u00fcr\u0259yind\u0259 da\u015f\u0131d\u0131\u011f\u0131 \u00fclvi sevgisi d\u0259 b\u0259nz\u0259rsizdir. Ni\u015fanl\u0131s\u0131 Song\u00fcl Az\u0259rin yoxlu\u011funa he\u00e7 c\u00fcr inana bilmir: &#8220;S\u0259n &#8220;istiqam\u0259t Z\u0259ngilan, istiqam\u0259t Z\u0259ngilan&#8221; dey\u0259r\u0259k g\u00fcl\u0259-g\u00fcl\u0259 getdiyin Z\u0259ngilan\u0131n m\u0259n ad\u0131n\u0131 bel\u0259 \u00e7\u0259k\u0259 bilmir\u0259m. Bilmir\u0259m ki, ged\u0259 bil\u0259r\u0259mmi o torpaqlara n\u0259 vaxtsa? N\u0259 \u00fc\u00e7\u00fcn ged\u0259r\u0259m\u2026 B\u0259lk\u0259 d\u0259 bir \u00fcmid aparar s\u0259ni taparam dey\u0259\u2026 Son n\u0259f\u0259sini verdiyin yerd\u0259 qoxlayam torpa\u011f\u0131, s\u0259ni axtaram g\u00f6z\u00fcm qanl\u0131 ya\u015flarla\u2026&#8221;<\/p>\n<p>Song\u00fcl\u00fcn Az\u0259rli xatir\u0259l\u0259rini soyuqqanl\u0131 dinl\u0259m\u0259k olmur. Q\u0259h\u0259r insan\u0131n bo\u011faz\u0131nda d\u00fcy\u00fcnl\u0259nir, udquna bilmir.<\/p>\n<p>V\u0259t\u0259n sava\u015f\u0131n\u0131n bitdiyi 10 noyabrda Song\u00fcl Az\u0259r\u0259 m\u0259ktub yaz\u0131r, o oxumasa da yaz\u0131r\u2026 &#8220;Bu g\u00fcn s\u0259nin qan\u0131nla yazd\u0131\u011f\u0131n tarixdir, Az\u0259rim! Z\u0259f\u0259rin m\u00fcbar\u0259k! S\u0259nin b\u0259ylik paltar\u0131n ucaltd\u0131\u011f\u0131n bayra\u011f\u0131n oldu\u2026 M\u0259nim borcum is\u0259 son n\u0259f\u0259sim\u0259c\u0259n s\u0259nin ad\u0131na, sevgin\u0259, ucal\u0131\u011f\u0131na layiq ya\u015famaqd\u0131r. \u018fg\u0259r bunun ad\u0131 ya\u015famaqd\u0131rsa\u2026 M\u0259n s\u0259nin q\u0259lbind\u0259 getdim, s\u0259n m\u0259nim q\u0259lbimd\u0259 ya\u015fay\u0131rsan. \u0130ndi \u00f6l\u0259n kimdir, ya\u015fayan kim?! \u018fb\u0259di h\u0259yatda qovu\u015faca\u011f\u0131q, Az\u0259rim!&#8221;<\/p>\n<p><img class=\"imgbcode\" src=\"https:\/\/upload.az\/foto\/arxiv\/43898169-75c5-4b9e-acb9-62c76261f66d.jpg\" alt=\"Z\u0259ngilana bayra\u011f\u0131m\u0131z\u0131 sancan \u015f\u0259hidin ni\u015fanl\u0131s\u0131 bu s\u00f6zl\u0259ri il\u0259 K\u00d6VR\u018fLTD\u0130 - FOTO\" \/>Song\u00fcl\u00fc dinl\u0259dikc\u0259 bir daha \u0259min olursan ki, bu V\u0259t\u0259nin bayra\u011f\u0131n\u0131 ucaldan Az\u0259r kimi m\u0259rd, qeyr\u0259tli o\u011fullard\u0131rsa, bu xalq\u0131n ba\u015f\u0131n\u0131 ucaldan da onun kimi l\u0259yaq\u0259tli, s\u0259daq\u0259tli q\u0131zlar\u0131m\u0131zd\u0131r.<\/p>\n<p>Z\u0259ngilan azad edildikd\u0259n sonra Az\u0259r bir m\u0259kt\u0259b binas\u0131na daxil olur. Erm\u0259nil\u0259rin bayra\u011f\u0131n\u0131 v\u0259 \u00f6zl\u0259rin\u0259 &#8220;milli q\u0259hr\u0259man&#8221; el\u0259dikl\u0259ri Monte Melkonyan\u0131n \u015f\u0259klini divardan s\u00f6k\u00fcb ayaqlar\u0131n\u0131n alt\u0131na at\u0131r. Daha sonra zaman-zaman t\u00fcrk\u00fcn tarixini v\u0259 co\u011frafiyas\u0131n\u0131 m\u0259nims\u0259y\u0259n o\u011fru mill\u0259tin tarixi abid\u0259l\u0259rinin s\u0259rgil\u0259ndiyi divardan x\u00fclyalar\u0131nda yaratd\u0131qlar\u0131 &#8220;b\u00f6y\u00fck Erm\u0259nistan&#8221; x\u0259rit\u0259sini v\u0259 tarixi abid\u0259l\u0259rin \u015f\u0259klini s\u00f6k\u00fcb at\u0131r.<\/p>\n<p><img class=\"imgbcode\" src=\"https:\/\/upload.az\/foto\/arxiv\/ec28b2e5-5ed0-4f1b-8a99-8616ee7c443b.jpg\" alt=\"Z\u0259ngilana bayra\u011f\u0131m\u0131z\u0131 sancan \u015f\u0259hidin ni\u015fanl\u0131s\u0131 bu s\u00f6zl\u0259ri il\u0259 K\u00d6VR\u018fLTD\u0130 - FOTO\" \/>Az\u0259ri g\u0259nc ya\u015f\u0131nda \u0259n \u00e7ox sars\u0131dan m\u0259qam Xocal\u0131da g\u00fcnahs\u0131z k\u00f6rp\u0259l\u0259rin, \u0259liyal\u0131n qocalar\u0131n, hamil\u0259 qad\u0131nlar\u0131n ba\u015f\u0131na g\u0259tiril\u0259n izahag\u0259lm\u0259z m\u00fcsib\u0259tl\u0259r olub. \u015e\u0259hidimiz buna g\u00f6r\u0259 d\u0259 Xocal\u0131n\u0131n qisas\u0131n\u0131 alma\u011f\u0131 \u00f6z\u00fcn\u0259 h\u0259yat qay\u0259si se\u00e7mi\u015fdi.<\/p>\n<p>\u018fn b\u00f6y\u00fck arzusu \u015f\u0259had\u0259t m\u0259qam\u0131na ucalmaq idi, amma qisas al\u0131nandan sonra. Dediyini etdi, \u0259qid\u0259sind\u0259n v\u0259 yolundan d\u00f6nm\u0259di, qisas\u0131n\u0131 ald\u0131 v\u0259 arzusunda oldu\u011fu \u015f\u0259hidlik zirv\u0259sin\u0259 y\u00fcks\u0259ldi.<\/p>\n<p>Bizim h\u0259r ay\u0131n hans\u0131sa g\u00fcn\u00fc m\u00fctl\u0259q qara il\u0259 ha\u015fiy\u0259l\u0259nmi\u015f t\u0259qvimimizi d\u0259yi\u015fdir\u0259n igidl\u0259rimiz, nur i\u00e7ind\u0259 uyuyun! Az\u0259r kimi o\u011fullar\u0131m\u0131z\u0131n say\u0259sind\u0259 art\u0131q b\u00fct\u00f6vl\u0259\u015fmi\u015f V\u0259t\u0259n v\u0259 o V\u0259t\u0259nin azad edildiyi q\u0131rm\u0131z\u0131 ha\u015fiy\u0259li g\u00fcn var \u2013 Z\u0259f\u0259r G\u00fcn\u00fc!<\/p>\n","protected":false},"excerpt":{"rendered":"<p>V\u0259t\u0259n \u00fc\u00e7\u00fcn can\u0131ndan ke\u00e7m\u0259k, sin\u0259ni onun yolunda sip\u0259r etm\u0259k t\u0259kc\u0259 h\u00fcn\u0259r, m\u0259rdlik i\u015fi deyil, bunun \u00fc\u00e7\u00fcn h\u0259m d\u0259 V\u0259t\u0259ni sev\u0259n b\u00f6y\u00fck \u00fcr\u0259k laz\u0131md\u0131r. Qaraba\u011f\u0131m\u0131z\u0131 o b\u00f6y\u00fck \u00fcr\u0259y\u0259 sahib \u0259r qeyr\u0259tli, tarix yazan minl\u0259rl\u0259 q\u0259hr\u0259man o\u011fullar\u0131m\u0131z azad etdi. Bel\u0259 igidl\u0259rimizd\u0259n biri d\u0259 Yusifli Az\u0259r Nazim o\u011fludur. ARANTV.AZ\u00a0\u00a0Z\u0259ngilana \u015fanl\u0131 Az\u0259rbaycan bayra\u011f\u0131n\u0131 ilk sancan v\u0259 b\u00f6y\u00fck r\u0259\u015fad\u0259tl\u0259 azad etdiyi torpaqda \u015f\u0259had\u0259t\u0259 ucalan \u015f\u0259hid Az\u0259rin V\u0259t\u0259n m\u00fcharib\u0259sind\u0259ki d\u00f6y\u00fc\u015f yolunu t\u0259qdim edir. Az\u0259r 28 mart 1994-c\u00fc ild\u0259 A\u011fstafa rayonunun B\u00f6y\u00fck K\u0259sik k\u0259ndind\u0259 ziyal\u0131 ail\u0259sind\u0259 anadan olub. 2012-ci ilin aprelind\u0259 h\u0259rbi xidm\u0259t\u0259 yollanan \u015f\u0259hidimiz \u018fdliyy\u0259 Nazirliyinin&hellip;<\/p>\n","protected":false},"author":2,"featured_media":251187,"comment_status":"closed","ping_status":"closed","sticky":false,"template":"","format":"standard","meta":{"om_disable_all_campaigns":false,"_monsterinsights_skip_tracking":false,"_monsterinsights_sitenote_active":false,"_monsterinsights_sitenote_note":"","_monsterinsights_sitenote_category":0},"categories":[26],"tags":[],"aioseo_notices":[],"gutentor_comment":0,"rttpg_featured_image_url":{"full":["https:\/\/arantv.az\/wp-content\/uploads\/2020\/12\/hokm_1d93c020a208b812cdf9e6b2708a5ae2_u6.jpg",620,450,false],"landscape":["https:\/\/arantv.az\/wp-content\/uploads\/2020\/12\/hokm_1d93c020a208b812cdf9e6b2708a5ae2_u6.jpg",620,450,false],"portraits":["https:\/\/arantv.az\/wp-content\/uploads\/2020\/12\/hokm_1d93c020a208b812cdf9e6b2708a5ae2_u6.jpg",620,450,false],"thumbnail":["https:\/\/arantv.az\/wp-content\/uploads\/2020\/12\/hokm_1d93c020a208b812cdf9e6b2708a5ae2_u6-150x150.jpg",150,150,true],"medium":["https:\/\/arantv.az\/wp-content\/uploads\/2020\/12\/hokm_1d93c020a208b812cdf9e6b2708a5ae2_u6-300x218.jpg",300,218,true],"large":["https:\/\/arantv.az\/wp-content\/uploads\/2020\/12\/hokm_1d93c020a208b812cdf9e6b2708a5ae2_u6.jpg",620,450,false],"1536x1536":["https:\/\/arantv.az\/wp-content\/uploads\/2020\/12\/hokm_1d93c020a208b812cdf9e6b2708a5ae2_u6.jpg",620,450,false],"2048x2048":["https:\/\/arantv.az\/wp-content\/uploads\/2020\/12\/hokm_1d93c020a208b812cdf9e6b2708a5ae2_u6.jpg",620,450,false],"post-thumbnail":["https:\/\/arantv.az\/wp-content\/uploads\/2020\/12\/hokm_1d93c020a208b812cdf9e6b2708a5ae2_u6-240x172.jpg",240,172,true],"advps-thumb-one":["https:\/\/arantv.az\/wp-content\/uploads\/2020\/12\/hokm_1d93c020a208b812cdf9e6b2708a5ae2_u6.jpg",620,450,false]},"rttpg_author":{"display_name":"V\u00fcsal Rafiqo\u011flu","author_link":"https:\/\/arantv.az\/?author=2"},"rttpg_comment":0,"rttpg_category":"<a href=\"https:\/\/arantv.az\/?cat=26\" rel=\"category\">Sosial<\/a>","rttpg_excerpt":"V\u0259t\u0259n \u00fc\u00e7\u00fcn can\u0131ndan ke\u00e7m\u0259k, sin\u0259ni onun yolunda sip\u0259r etm\u0259k t\u0259kc\u0259 h\u00fcn\u0259r, m\u0259rdlik i\u015fi deyil, bunun \u00fc\u00e7\u00fcn h\u0259m d\u0259 V\u0259t\u0259ni sev\u0259n b\u00f6y\u00fck \u00fcr\u0259k laz\u0131md\u0131r. Qaraba\u011f\u0131m\u0131z\u0131 o b\u00f6y\u00fck \u00fcr\u0259y\u0259 sahib \u0259r qeyr\u0259tli, tarix yazan minl\u0259rl\u0259 q\u0259hr\u0259man o\u011fullar\u0131m\u0131z azad etdi. Bel\u0259 igidl\u0259rimizd\u0259n biri d\u0259 Yusifli Az\u0259r Nazim o\u011fludur. ARANTV.AZ\u00a0\u00a0Z\u0259ngilana \u015fanl\u0131 Az\u0259rbaycan bayra\u011f\u0131n\u0131 ilk sancan v\u0259 b\u00f6y\u00fck r\u0259\u015fad\u0259tl\u0259 azad&hellip;","_links":{"self":[{"href":"https:\/\/arantv.az\/index.php?rest_route=\/wp\/v2\/posts\/251186"}],"collection":[{"href":"https:\/\/arantv.az\/index.php?rest_route=\/wp\/v2\/posts"}],"about":[{"href":"https:\/\/arantv.az\/index.php?rest_route=\/wp\/v2\/types\/post"}],"author":[{"embeddable":true,"href":"https:\/\/arantv.az\/index.php?rest_route=\/wp\/v2\/users\/2"}],"replies":[{"embeddable":true,"href":"https:\/\/arantv.az\/index.php?rest_route=%2Fwp%2Fv2%2Fcomments&post=251186"}],"version-history":[{"count":0,"href":"https:\/\/arantv.az\/index.php?rest_route=\/wp\/v2\/posts\/251186\/revisions"}],"wp:featuredmedia":[{"embeddable":true,"href":"https:\/\/arantv.az\/index.php?rest_route=\/wp\/v2\/media\/251187"}],"wp:attachment":[{"href":"https:\/\/arantv.az\/index.php?rest_route=%2Fwp%2Fv2%2Fmedia&parent=251186"}],"wp:term":[{"taxonomy":"category","embeddable":true,"href":"https:\/\/arantv.az\/index.php?rest_route=%2Fwp%2Fv2%2Fcategories&post=251186"},{"taxonomy":"post_tag","embeddable":true,"href":"https:\/\/arantv.az\/index.php?rest_route=%2Fwp%2Fv2%2Ftags&post=251186"}],"curies":[{"name":"wp","href":"https:\/\/api.w.org\/{rel}","templated":true}]}}