{"id":251194,"date":"2020-12-10T09:23:15","date_gmt":"2020-12-10T06:23:15","guid":{"rendered":"http:\/\/arantv.az\/?p=251194"},"modified":"2020-12-10T09:23:15","modified_gmt":"2020-12-10T06:23:15","slug":"hulusi-akar-turkiy%c9%99-bundan-sonra-da-butun-imkanlari-il%c9%99-az%c9%99rbaycanli-qardaslarinin-yaninda-olacaq","status":"publish","type":"post","link":"https:\/\/arantv.az\/?p=251194","title":{"rendered":"Hulusi Akar: &#8220;T\u00fcrkiy\u0259 bundan sonra da b\u00fct\u00fcn imkanlar\u0131 il\u0259 az\u0259rbaycanl\u0131 qarda\u015flar\u0131n\u0131n yan\u0131nda olacaq\u201d"},"content":{"rendered":"<blockquote><p><strong><em>Erm\u0259nistan\u0131n t\u00f6r\u0259tdiyi v\u0259h\u015filikl\u0259r, o c\u00fcml\u0259d\u0259n Xocal\u0131 q\u0259tliam\u0131 h\u0259l\u0259 d\u0259 yadda\u015flarda yerini qoruyur.<\/em><\/strong><\/p><\/blockquote>\n<p><strong>ARANTV.AZ<\/strong>\u00a0 APA-ya\u00a0istinad\u0259n bildirir ki,\u00a0bunu T\u00fcrkiy\u0259nin milli m\u00fcdafi\u0259 naziri Hulusi Akar T\u00fcrkiy\u0259 parlamentind\u0259 \u00e7\u0131x\u0131\u015f\u0131 zaman\u0131 deyib.<\/p>\n<p>O bildirib ki, Az\u0259rbaycan Erm\u0259nistan t\u0259r\u0259find\u0259n h\u0259yata ke\u00e7iril\u0259n h\u00fccumlar\u0131n qar\u015f\u0131s\u0131n\u0131 almaq v\u0259 torpaqlar\u0131n\u0131 i\u015f\u011faldan azad etm\u0259k \u00fc\u00e7\u00fcn 27 sentyabrda h\u0259r\u0259k\u0259t\u0259 ke\u00e7ib: &#8220;44 g\u00fcn davam ed\u0259n, ancaq 44 il v\u0259 ondan sonra da bar\u0259sind\u0259 dan\u0131\u015f\u0131lacaq z\u0259f\u0259rl\u0259 n\u0259tic\u0259l\u0259n\u0259n h\u0259r\u0259katla Az\u0259rbaycan torpaqlar\u0131 Erm\u0259nistan\u0131n i\u015f\u011fal\u0131ndan qurtar\u0131l\u0131b v\u0259 10 noyabrda at\u0259\u015fk\u0259s b\u0259yanat\u0131 imzalan\u0131b. C\u0259nab Prezidentimiz Rusiya Prezidenti Putinl\u0259 at\u0259\u015fk\u0259sin \u015f\u0259rtl\u0259ri v\u0259 davaml\u0131 olmas\u0131 il\u0259 ba\u011fl\u0131 dan\u0131\u015f\u0131qlar apararaq at\u0259\u015fk\u0259s b\u0259yanat\u0131na laz\u0131mi d\u0259st\u0259yi t\u0259min edib&#8221;.<\/p>\n<p>H. Akar Atat\u00fcrk\u00fcn v\u0259fat etdiyi 10 noyabr tarixinin \u0259v\u0259zin\u0259 \u015eu\u015fan\u0131n i\u015f\u011faldan azad edildiyi 8 noyabr tarixinin Az\u0259rbaycanda Z\u0259f\u0259r G\u00fcn\u00fc kimi qeyd olunaca\u011f\u0131n\u0131 da xat\u0131rlad\u0131b: &#8220;Bu h\u0259ssasl\u0131qlar\u0131na g\u00f6r\u0259 ba\u015fda Az\u0259rbaycan Prezidenti \u0130lham \u018fliyev olmaqla b\u00fct\u00fcn az\u0259rbaycanl\u0131 qarda\u015flar\u0131m\u0131za minn\u0259tdarl\u0131\u011f\u0131m\u0131z\u0131 bildirir\u0259m. Bel\u0259likl\u0259,\u00a0 Az\u0259rbaycan &#8220;bir mill\u0259t, iki d\u00f6vl\u0259t&#8221; anlay\u0131\u015f\u0131 il\u0259 k\u0259d\u0259rd\u0259 v\u0259 sevincd\u0259 bir v\u0259 b\u0259rab\u0259r oldu\u011fumuzu bir daha n\u00fcmayi\u015f etdirdi. T\u00fcrkiy\u0259 bundan sonra da b\u00fct\u00fcn imkanlar\u0131 il\u0259 az\u0259rbaycanl\u0131 qarda\u015flar\u0131n\u0131n yan\u0131nda olma\u011fa davam ed\u0259c\u0259k&#8221;.<\/p>\n","protected":false},"excerpt":{"rendered":"<p>Erm\u0259nistan\u0131n t\u00f6r\u0259tdiyi v\u0259h\u015filikl\u0259r, o c\u00fcml\u0259d\u0259n Xocal\u0131 q\u0259tliam\u0131 h\u0259l\u0259 d\u0259 yadda\u015flarda yerini qoruyur. ARANTV.AZ\u00a0 APA-ya\u00a0istinad\u0259n bildirir ki,\u00a0bunu T\u00fcrkiy\u0259nin milli m\u00fcdafi\u0259 naziri Hulusi Akar T\u00fcrkiy\u0259 parlamentind\u0259 \u00e7\u0131x\u0131\u015f\u0131 zaman\u0131 deyib. O bildirib ki, Az\u0259rbaycan Erm\u0259nistan t\u0259r\u0259find\u0259n h\u0259yata ke\u00e7iril\u0259n h\u00fccumlar\u0131n qar\u015f\u0131s\u0131n\u0131 almaq v\u0259 torpaqlar\u0131n\u0131 i\u015f\u011faldan azad etm\u0259k \u00fc\u00e7\u00fcn 27 sentyabrda h\u0259r\u0259k\u0259t\u0259 ke\u00e7ib: &#8220;44 g\u00fcn davam ed\u0259n, ancaq 44 il v\u0259 ondan sonra da bar\u0259sind\u0259 dan\u0131\u015f\u0131lacaq z\u0259f\u0259rl\u0259 n\u0259tic\u0259l\u0259n\u0259n h\u0259r\u0259katla Az\u0259rbaycan torpaqlar\u0131 Erm\u0259nistan\u0131n i\u015f\u011fal\u0131ndan qurtar\u0131l\u0131b v\u0259 10 noyabrda at\u0259\u015fk\u0259s b\u0259yanat\u0131 imzalan\u0131b. C\u0259nab Prezidentimiz Rusiya Prezidenti Putinl\u0259 at\u0259\u015fk\u0259sin \u015f\u0259rtl\u0259ri v\u0259 davaml\u0131 olmas\u0131 il\u0259 ba\u011fl\u0131 dan\u0131\u015f\u0131qlar apararaq at\u0259\u015fk\u0259s&hellip;<\/p>\n","protected":false},"author":2,"featured_media":251195,"comment_status":"closed","ping_status":"closed","sticky":false,"template":"","format":"standard","meta":{"om_disable_all_campaigns":false,"_monsterinsights_skip_tracking":false,"_monsterinsights_sitenote_active":false,"_monsterinsights_sitenote_note":"","_monsterinsights_sitenote_category":0},"categories":[4],"tags":[],"aioseo_notices":[],"gutentor_comment":0,"rttpg_featured_image_url":{"full":["https:\/\/arantv.az\/wp-content\/uploads\/2020\/12\/903903.jpg",800,600,false],"landscape":["https:\/\/arantv.az\/wp-content\/uploads\/2020\/12\/903903.jpg",800,600,false],"portraits":["https:\/\/arantv.az\/wp-content\/uploads\/2020\/12\/903903.jpg",800,600,false],"thumbnail":["https:\/\/arantv.az\/wp-content\/uploads\/2020\/12\/903903-150x150.jpg",150,150,true],"medium":["https:\/\/arantv.az\/wp-content\/uploads\/2020\/12\/903903-300x225.jpg",300,225,true],"large":["https:\/\/arantv.az\/wp-content\/uploads\/2020\/12\/903903.jpg",640,480,false],"1536x1536":["https:\/\/arantv.az\/wp-content\/uploads\/2020\/12\/903903.jpg",800,600,false],"2048x2048":["https:\/\/arantv.az\/wp-content\/uploads\/2020\/12\/903903.jpg",800,600,false],"post-thumbnail":["https:\/\/arantv.az\/wp-content\/uploads\/2020\/12\/903903-240x172.jpg",240,172,true],"advps-thumb-one":["https:\/\/arantv.az\/wp-content\/uploads\/2020\/12\/903903.jpg",800,600,false]},"rttpg_author":{"display_name":"V\u00fcsal Rafiqo\u011flu","author_link":"https:\/\/arantv.az\/?author=2"},"rttpg_comment":0,"rttpg_category":"<a href=\"https:\/\/arantv.az\/?cat=4\" rel=\"category\">Siyas\u0259t<\/a>","rttpg_excerpt":"Erm\u0259nistan\u0131n t\u00f6r\u0259tdiyi v\u0259h\u015filikl\u0259r, o c\u00fcml\u0259d\u0259n Xocal\u0131 q\u0259tliam\u0131 h\u0259l\u0259 d\u0259 yadda\u015flarda yerini qoruyur. ARANTV.AZ\u00a0 APA-ya\u00a0istinad\u0259n bildirir ki,\u00a0bunu T\u00fcrkiy\u0259nin milli m\u00fcdafi\u0259 naziri Hulusi Akar T\u00fcrkiy\u0259 parlamentind\u0259 \u00e7\u0131x\u0131\u015f\u0131 zaman\u0131 deyib. O bildirib ki, Az\u0259rbaycan Erm\u0259nistan t\u0259r\u0259find\u0259n h\u0259yata ke\u00e7iril\u0259n h\u00fccumlar\u0131n qar\u015f\u0131s\u0131n\u0131 almaq v\u0259 torpaqlar\u0131n\u0131 i\u015f\u011faldan azad etm\u0259k \u00fc\u00e7\u00fcn 27 sentyabrda h\u0259r\u0259k\u0259t\u0259 ke\u00e7ib: &#8220;44 g\u00fcn davam ed\u0259n, ancaq 44 il&hellip;","_links":{"self":[{"href":"https:\/\/arantv.az\/index.php?rest_route=\/wp\/v2\/posts\/251194"}],"collection":[{"href":"https:\/\/arantv.az\/index.php?rest_route=\/wp\/v2\/posts"}],"about":[{"href":"https:\/\/arantv.az\/index.php?rest_route=\/wp\/v2\/types\/post"}],"author":[{"embeddable":true,"href":"https:\/\/arantv.az\/index.php?rest_route=\/wp\/v2\/users\/2"}],"replies":[{"embeddable":true,"href":"https:\/\/arantv.az\/index.php?rest_route=%2Fwp%2Fv2%2Fcomments&post=251194"}],"version-history":[{"count":0,"href":"https:\/\/arantv.az\/index.php?rest_route=\/wp\/v2\/posts\/251194\/revisions"}],"wp:featuredmedia":[{"embeddable":true,"href":"https:\/\/arantv.az\/index.php?rest_route=\/wp\/v2\/media\/251195"}],"wp:attachment":[{"href":"https:\/\/arantv.az\/index.php?rest_route=%2Fwp%2Fv2%2Fmedia&parent=251194"}],"wp:term":[{"taxonomy":"category","embeddable":true,"href":"https:\/\/arantv.az\/index.php?rest_route=%2Fwp%2Fv2%2Fcategories&post=251194"},{"taxonomy":"post_tag","embeddable":true,"href":"https:\/\/arantv.az\/index.php?rest_route=%2Fwp%2Fv2%2Ftags&post=251194"}],"curies":[{"name":"wp","href":"https:\/\/api.w.org\/{rel}","templated":true}]}}