{"id":251206,"date":"2020-12-10T09:26:58","date_gmt":"2020-12-10T06:26:58","guid":{"rendered":"http:\/\/arantv.az\/?p=251206"},"modified":"2020-12-10T09:26:58","modified_gmt":"2020-12-10T06:26:58","slug":"t%c9%99ltif-edilm%c9%99y%c9%99n-m%c9%99shur-generallar-siyahi","status":"publish","type":"post","link":"https:\/\/arantv.az\/?p=251206","title":{"rendered":"T\u0259ltif edilm\u0259y\u0259n m\u0259\u015fhur generallar &#8211; S\u0130YAHI"},"content":{"rendered":"<div class=\"full-post-desc\">Prezident \u0130lham \u018fliyev Az\u0259rbaycan Respublikas\u0131 Silahl\u0131 Q\u00fcvv\u0259l\u0259rinin h\u0259rbi qulluq\u00e7ular\u0131n\u0131n t\u0259ltif edilm\u0259si haqq\u0131nda s\u0259r\u0259ncam imzalay\u0131b. S\u0259r\u0259ncama \u0259sas\u0259n, Az\u0259rbaycan Respublikas\u0131 \u0259razil\u0259rinin i\u015f\u011faldan azad olunmas\u0131 v\u0259 \u0259razi b\u00fct\u00f6vl\u00fcy\u00fcn\u00fcn b\u0259rpa edilm\u0259si zaman\u0131 d\u00f6y\u00fc\u015f \u0259m\u0259liyyatlar\u0131na y\u00fcks\u0259k pe\u015f\u0259karl\u0131qla r\u0259hb\u0259rlik etmi\u015f, h\u0259rbi qulluq v\u0259zif\u0259sini yerin\u0259 yetir\u0259rk\u0259n igidlik v\u0259 m\u0259rdlik n\u00fcmun\u0259si g\u00f6st\u0259rmi\u015f Az\u0259rbaycan Respublikas\u0131 Silahl\u0131 Q\u00fcvv\u0259l\u0259rinin h\u0259rbi qulluq\u00e7ular\u0131 t\u0259ltif edilibl\u0259r.<\/div>\n<div class=\"full-post-article\">\n<p><strong>ARANTV.AZ\u00a0<\/strong> &#8220;BakuPost&#8221;a istinad\u0259n x\u0259b\u0259r verir ki, s\u0259r\u0259ncamlarda \u0259sas diqq\u0259t \u00e7\u0259k\u0259n m\u0259qamlardan biri d\u0259 b\u0259zi m\u0259\u015fhur generallar\u0131n v\u0259 y\u00fcks\u0259k r\u00fctb\u0259li zabitl\u0259rin adlar\u0131n\u0131n olmamas\u0131d\u0131r.<\/p>\n<p>He\u00e7 bir m\u00fckafata layiq g\u00f6r\u00fclm\u0259y\u0259n y\u00fcks\u0259k r\u00fctb\u0259li zabitl\u0259rin siyah\u0131s\u0131n\u0131 t\u0259qdim edirik:<\/p>\n<p>N\u0259cm\u0259ddin Sad\u0131kov &#8211; Az\u0259rbaycan Respublikas\u0131 Silahl\u0131 Q\u00fcvv\u0259l\u0259ri Ba\u015f Q\u0259rargah\u0131n\u0131n r\u0259isi, M\u00fcdafi\u0259 nazirinin birinci m\u00fcavini, general-polkovnik<\/p>\n<p>K\u0259r\u0259m Mustafayev &#8211; Az\u0259rbaycan Silahl\u0131 Q\u00fcvv\u0259l\u0259rinin General-polkovniki, Az\u0259rbaycan Respublikas\u0131n\u0131n M\u00fcdafi\u0259 nazirinin m\u00fcavini, \u018flahidd\u0259 \u00dcmumqo\u015fun Ordusunun komandan\u0131<\/p>\n<p>R\u00f6v\u015f\u0259n \u018fkb\u0259rov &#8211; General-leytenant, Az\u0259rbaycan Respublikas\u0131n\u0131n Milli Q\u0259hr\u0259man\u0131.<\/p>\n<p>X\u0259qani C\u0259bray\u0131lov &#8211; Az\u0259rbaycan Ordusunun birlik komandiri, general-mayor<\/p>\n<p>Tehran M\u0259nsimov &#8211; Az\u0259rbaycan Ordusunun X\u00fcsusi T\u0259yinatl\u0131 Q\u00fcvv\u0259l\u0259rinin Komandanlar\u0131ndan biri, polkovnik<\/p>\n<\/div>\n","protected":false},"excerpt":{"rendered":"<p>Prezident \u0130lham \u018fliyev Az\u0259rbaycan Respublikas\u0131 Silahl\u0131 Q\u00fcvv\u0259l\u0259rinin h\u0259rbi qulluq\u00e7ular\u0131n\u0131n t\u0259ltif edilm\u0259si haqq\u0131nda s\u0259r\u0259ncam imzalay\u0131b. S\u0259r\u0259ncama \u0259sas\u0259n, Az\u0259rbaycan Respublikas\u0131 \u0259razil\u0259rinin i\u015f\u011faldan azad olunmas\u0131 v\u0259 \u0259razi b\u00fct\u00f6vl\u00fcy\u00fcn\u00fcn b\u0259rpa edilm\u0259si zaman\u0131 d\u00f6y\u00fc\u015f \u0259m\u0259liyyatlar\u0131na y\u00fcks\u0259k pe\u015f\u0259karl\u0131qla r\u0259hb\u0259rlik etmi\u015f, h\u0259rbi qulluq v\u0259zif\u0259sini yerin\u0259 yetir\u0259rk\u0259n igidlik v\u0259 m\u0259rdlik n\u00fcmun\u0259si g\u00f6st\u0259rmi\u015f Az\u0259rbaycan Respublikas\u0131 Silahl\u0131 Q\u00fcvv\u0259l\u0259rinin h\u0259rbi qulluq\u00e7ular\u0131 t\u0259ltif edilibl\u0259r. ARANTV.AZ\u00a0 &#8220;BakuPost&#8221;a istinad\u0259n x\u0259b\u0259r verir ki, s\u0259r\u0259ncamlarda \u0259sas diqq\u0259t \u00e7\u0259k\u0259n m\u0259qamlardan biri d\u0259 b\u0259zi m\u0259\u015fhur generallar\u0131n v\u0259 y\u00fcks\u0259k r\u00fctb\u0259li zabitl\u0259rin adlar\u0131n\u0131n olmamas\u0131d\u0131r. He\u00e7 bir m\u00fckafata layiq g\u00f6r\u00fclm\u0259y\u0259n y\u00fcks\u0259k r\u00fctb\u0259li zabitl\u0259rin siyah\u0131s\u0131n\u0131 t\u0259qdim edirik: N\u0259cm\u0259ddin Sad\u0131kov &#8211; Az\u0259rbaycan Respublikas\u0131&hellip;<\/p>\n","protected":false},"author":2,"featured_media":251207,"comment_status":"closed","ping_status":"closed","sticky":false,"template":"","format":"standard","meta":{"om_disable_all_campaigns":false,"_monsterinsights_skip_tracking":false,"_monsterinsights_sitenote_active":false,"_monsterinsights_sitenote_note":"","_monsterinsights_sitenote_category":0},"categories":[19],"tags":[],"aioseo_notices":[],"gutentor_comment":0,"rttpg_featured_image_url":{"full":["https:\/\/arantv.az\/wp-content\/uploads\/2020\/12\/1607541152_fgfggf.jpg",770,415,false],"landscape":["https:\/\/arantv.az\/wp-content\/uploads\/2020\/12\/1607541152_fgfggf.jpg",770,415,false],"portraits":["https:\/\/arantv.az\/wp-content\/uploads\/2020\/12\/1607541152_fgfggf.jpg",770,415,false],"thumbnail":["https:\/\/arantv.az\/wp-content\/uploads\/2020\/12\/1607541152_fgfggf-150x150.jpg",150,150,true],"medium":["https:\/\/arantv.az\/wp-content\/uploads\/2020\/12\/1607541152_fgfggf-300x162.jpg",300,162,true],"large":["https:\/\/arantv.az\/wp-content\/uploads\/2020\/12\/1607541152_fgfggf.jpg",640,345,false],"1536x1536":["https:\/\/arantv.az\/wp-content\/uploads\/2020\/12\/1607541152_fgfggf.jpg",770,415,false],"2048x2048":["https:\/\/arantv.az\/wp-content\/uploads\/2020\/12\/1607541152_fgfggf.jpg",770,415,false],"post-thumbnail":["https:\/\/arantv.az\/wp-content\/uploads\/2020\/12\/1607541152_fgfggf-240x172.jpg",240,172,true],"advps-thumb-one":["https:\/\/arantv.az\/wp-content\/uploads\/2020\/12\/1607541152_fgfggf.jpg",770,415,false]},"rttpg_author":{"display_name":"V\u00fcsal Rafiqo\u011flu","author_link":"https:\/\/arantv.az\/?author=2"},"rttpg_comment":0,"rttpg_category":"<a href=\"https:\/\/arantv.az\/?cat=19\" rel=\"category\">G\u00fcnd\u0259m<\/a>","rttpg_excerpt":"Prezident \u0130lham \u018fliyev Az\u0259rbaycan Respublikas\u0131 Silahl\u0131 Q\u00fcvv\u0259l\u0259rinin h\u0259rbi qulluq\u00e7ular\u0131n\u0131n t\u0259ltif edilm\u0259si haqq\u0131nda s\u0259r\u0259ncam imzalay\u0131b. S\u0259r\u0259ncama \u0259sas\u0259n, Az\u0259rbaycan Respublikas\u0131 \u0259razil\u0259rinin i\u015f\u011faldan azad olunmas\u0131 v\u0259 \u0259razi b\u00fct\u00f6vl\u00fcy\u00fcn\u00fcn b\u0259rpa edilm\u0259si zaman\u0131 d\u00f6y\u00fc\u015f \u0259m\u0259liyyatlar\u0131na y\u00fcks\u0259k pe\u015f\u0259karl\u0131qla r\u0259hb\u0259rlik etmi\u015f, h\u0259rbi qulluq v\u0259zif\u0259sini yerin\u0259 yetir\u0259rk\u0259n igidlik v\u0259 m\u0259rdlik n\u00fcmun\u0259si g\u00f6st\u0259rmi\u015f Az\u0259rbaycan Respublikas\u0131 Silahl\u0131 Q\u00fcvv\u0259l\u0259rinin h\u0259rbi qulluq\u00e7ular\u0131 t\u0259ltif edilibl\u0259r. ARANTV.AZ\u00a0 &#8220;BakuPost&#8221;a istinad\u0259n&hellip;","_links":{"self":[{"href":"https:\/\/arantv.az\/index.php?rest_route=\/wp\/v2\/posts\/251206"}],"collection":[{"href":"https:\/\/arantv.az\/index.php?rest_route=\/wp\/v2\/posts"}],"about":[{"href":"https:\/\/arantv.az\/index.php?rest_route=\/wp\/v2\/types\/post"}],"author":[{"embeddable":true,"href":"https:\/\/arantv.az\/index.php?rest_route=\/wp\/v2\/users\/2"}],"replies":[{"embeddable":true,"href":"https:\/\/arantv.az\/index.php?rest_route=%2Fwp%2Fv2%2Fcomments&post=251206"}],"version-history":[{"count":0,"href":"https:\/\/arantv.az\/index.php?rest_route=\/wp\/v2\/posts\/251206\/revisions"}],"wp:featuredmedia":[{"embeddable":true,"href":"https:\/\/arantv.az\/index.php?rest_route=\/wp\/v2\/media\/251207"}],"wp:attachment":[{"href":"https:\/\/arantv.az\/index.php?rest_route=%2Fwp%2Fv2%2Fmedia&parent=251206"}],"wp:term":[{"taxonomy":"category","embeddable":true,"href":"https:\/\/arantv.az\/index.php?rest_route=%2Fwp%2Fv2%2Fcategories&post=251206"},{"taxonomy":"post_tag","embeddable":true,"href":"https:\/\/arantv.az\/index.php?rest_route=%2Fwp%2Fv2%2Ftags&post=251206"}],"curies":[{"name":"wp","href":"https:\/\/api.w.org\/{rel}","templated":true}]}}