{"id":251214,"date":"2020-12-10T09:31:51","date_gmt":"2020-12-10T06:31:51","guid":{"rendered":"http:\/\/arantv.az\/?p=251214"},"modified":"2020-12-10T09:31:51","modified_gmt":"2020-12-10T06:31:51","slug":"s%c9%99hid-c%c9%99brayilin-xatir%c9%99si-%c9%99b%c9%99dil%c9%99sdirildi-foto-video","status":"publish","type":"post","link":"https:\/\/arantv.az\/?p=251214","title":{"rendered":"\u015e\u0259hid C\u0259bray\u0131l\u0131n xatir\u0259si \u0259b\u0259dil\u0259\u015fdirildi &#8211; FOTO\/V\u0130DEO"},"content":{"rendered":"<p>V\u0259t\u0259n m\u00fcharib\u0259sind\u0259 q\u0259hr\u0259manl\u0131\u011f\u0131 il\u0259 dill\u0259r \u0259zb\u0259ri olan \u015f\u0259hid D\u00f6vl\u0259tzad\u0259 C\u0259bray\u0131l\u0131n ata-baba yurdu olan Corat q\u0259s\u0259b\u0259sind\u0259 xatir\u0259sin\u0259 h\u0259sr olunan baralyef qoyulub.<\/p>\n<p><strong>ARANTV.AZ<\/strong>\u00a0 &#8220;<a class=\"linkblue\" title=\"Report\" href=\"https:\/\/report.az\/multimedia\/ermeni-generali-ve-polkovnikini-olduren-sehidin-xatiresi-ebedilesdirilib\/\" target=\"_blank\" rel=\"noopener\">Report<\/a>&#8220;a istinad\u0259n x\u0259b\u0259r verir ki, barelyefin a\u00e7\u0131l\u0131\u015f m\u0259rasimind\u0259 h\u0259rb\u00e7il\u0259rimizin d\u00f6y\u00fc\u015f meydan\u0131nda g\u00f6st\u0259rdiyi \u015f\u00fcca\u0259td\u0259n v\u0259 qazan\u0131lan q\u0259l\u0259b\u0259nin \u0259h\u0259miyy\u0259tind\u0259n dan\u0131\u015f\u0131l\u0131b. Vur\u011fulan\u0131b ki, 30 ildir davam ed\u0259n amans\u0131z erm\u0259ni i\u015f\u011fal\u0131na qar\u015f\u0131 xalq\u0131m\u0131z yumruq kimi birl\u0259\u015f\u0259r\u0259k V\u0259t\u0259n namin\u0259 \u00f6l\u00fcm-dirim m\u00fcbariz\u0259sin\u0259 qalx\u0131b. Az\u0259rbaycan\u0131n tarixi q\u0259l\u0259b\u0259sinin m\u0259nb\u0259yi xalq\u0131m\u0131z\u0131n h\u0259mr\u0259yliyi, Ali Ba\u015f Komandan\u0131n \u0259traf\u0131nda s\u0131x birl\u0259\u015f\u0259n insanlar\u0131m\u0131z\u0131n inam\u0131, Az\u0259rbaycan ordusunun m\u0259\u011flubedilm\u0259zliyi, h\u00fcn\u0259ri v\u0259 q\u0259tiyy\u0259ti idi. Tarixi q\u0259l\u0259b\u0259 milli kimliyimizi, g\u00fcc\u00fcm\u00fcz\u00fc v\u0259 \u0259zmimizi b\u00fct\u00fcn d\u00fcnyaya n\u00fcmayi\u015f etdirdi.<\/p>\n<div id=\"AdviadNativeVideo0\" class=\"AdviadNativeVideo\"><\/div>\n<p>Diqq\u0259t\u0259 \u00e7atd\u0131r\u0131l\u0131b ki, V\u0259t\u0259n m\u00fcharib\u0259sinin z\u0259f\u0259rl\u0259 bitm\u0259sind\u0259 pay\u0131 olanlardan biri d\u0259 Corat q\u0259s\u0259b\u0259sind\u0259n olan 19 ya\u015fl\u0131 D\u00f6vl\u0259tzad\u0259 C\u0259bray\u0131l D\u00f6vl\u0259t o\u011fludur. O, d\u00fc\u015fm\u0259nin bir general\u0131n\u0131 v\u0259 polkovnikini t\u0259kba\u015f\u0131na m\u0259hv etm\u0259kl\u0259 Az\u0259rbaycan\u0131n m\u0259rd o\u011flu, general Polad H\u0259\u015fimovun v\u0259 onun silahda\u015flar\u0131n\u0131n qisas\u0131n\u0131 al\u0131b.<\/p>\n<p>Qeyd edilib ki, C\u0259bray\u0131l D\u00f6vl\u0259tzad\u0259 zabit yolda\u015flar\u0131na &#8220;Siz g\u0259lm\u0259yin, yolunuzu g\u00f6zl\u0259y\u0259niniz var. Subayam, m\u0259n ged\u0259c\u0259y\u0259m&#8221; dey\u0259r\u0259k ir\u0259li at\u0131l\u0131b, d\u00fc\u015fm\u0259nl\u0259 \u0259lb\u0259yaxa d\u00f6y\u00fc\u015f\u0259 gir\u0259r\u0259k erm\u0259ni general\u0131n\u0131 v\u0259 polkovnikini \u00f6ld\u00fcr\u00fcb. O, el\u0259 orada q\u0259hr\u0259manl\u0131qla \u015f\u0259hidlik zirv\u0259sin\u0259 ucal\u0131b. Onun bu q\u0259hr\u0259manl\u0131\u011fa indiki g\u0259nc n\u0259sl\u0259 bir n\u00fcmun\u0259dir.<\/p>\n<div class=\"embed-responsive embed-responsive-16by9\"><iframe loading=\"lazy\" id=\"nmqembedid\" class=\"embed-responsive-item\" title=\"video player\" src=\"https:\/\/izle.az\/embed\/qyyxLYpPzgvLLAhINbQAAA~~\" width=\"600\" height=\"340\" frameborder=\"0\" scrolling=\"no\" allowfullscreen=\"allowfullscreen\" data-mce-fragment=\"1\"><\/iframe><\/div>\n<p><img class=\"imgbcode\" src=\"https:\/\/upload.az\/foto\/arxiv\/a5cdf6c4-9a47-3d66-9630-a6364aad7a7f_850.jpg\" alt=\"\u015e\u0259hid C\u0259bray\u0131l\u0131n xatir\u0259si \u0259b\u0259dil\u0259\u015fdirildi - FOTO\/V\u0130DEO\" \/><img class=\"imgbcode\" src=\"https:\/\/upload.az\/foto\/arxiv\/0f3e6514-81c6-31e7-abba-4477d7b875fa.jpg\" alt=\"\u015e\u0259hid C\u0259bray\u0131l\u0131n xatir\u0259si \u0259b\u0259dil\u0259\u015fdirildi - FOTO\/V\u0130DEO\" \/><img class=\"imgbcode\" src=\"https:\/\/upload.az\/foto\/arxiv\/14cb1f03-01fc-3c97-84bf-7ee6240b0c7f.jpg\" alt=\"\u015e\u0259hid C\u0259bray\u0131l\u0131n xatir\u0259si \u0259b\u0259dil\u0259\u015fdirildi - FOTO\/V\u0130DEO\" \/><img class=\"imgbcode\" src=\"https:\/\/upload.az\/foto\/arxiv\/1dda9241-8a6f-36aa-8d3e-a4b5e34849b5.jpg\" alt=\"\u015e\u0259hid C\u0259bray\u0131l\u0131n xatir\u0259si \u0259b\u0259dil\u0259\u015fdirildi - FOTO\/V\u0130DEO\" \/><\/p>\n","protected":false},"excerpt":{"rendered":"<p>V\u0259t\u0259n m\u00fcharib\u0259sind\u0259 q\u0259hr\u0259manl\u0131\u011f\u0131 il\u0259 dill\u0259r \u0259zb\u0259ri olan \u015f\u0259hid D\u00f6vl\u0259tzad\u0259 C\u0259bray\u0131l\u0131n ata-baba yurdu olan Corat q\u0259s\u0259b\u0259sind\u0259 xatir\u0259sin\u0259 h\u0259sr olunan baralyef qoyulub. ARANTV.AZ\u00a0 &#8220;Report&#8220;a istinad\u0259n x\u0259b\u0259r verir ki, barelyefin a\u00e7\u0131l\u0131\u015f m\u0259rasimind\u0259 h\u0259rb\u00e7il\u0259rimizin d\u00f6y\u00fc\u015f meydan\u0131nda g\u00f6st\u0259rdiyi \u015f\u00fcca\u0259td\u0259n v\u0259 qazan\u0131lan q\u0259l\u0259b\u0259nin \u0259h\u0259miyy\u0259tind\u0259n dan\u0131\u015f\u0131l\u0131b. Vur\u011fulan\u0131b ki, 30 ildir davam ed\u0259n amans\u0131z erm\u0259ni i\u015f\u011fal\u0131na qar\u015f\u0131 xalq\u0131m\u0131z yumruq kimi birl\u0259\u015f\u0259r\u0259k V\u0259t\u0259n namin\u0259 \u00f6l\u00fcm-dirim m\u00fcbariz\u0259sin\u0259 qalx\u0131b. Az\u0259rbaycan\u0131n tarixi q\u0259l\u0259b\u0259sinin m\u0259nb\u0259yi xalq\u0131m\u0131z\u0131n h\u0259mr\u0259yliyi, Ali Ba\u015f Komandan\u0131n \u0259traf\u0131nda s\u0131x birl\u0259\u015f\u0259n insanlar\u0131m\u0131z\u0131n inam\u0131, Az\u0259rbaycan ordusunun m\u0259\u011flubedilm\u0259zliyi, h\u00fcn\u0259ri v\u0259 q\u0259tiyy\u0259ti idi. Tarixi q\u0259l\u0259b\u0259 milli kimliyimizi, g\u00fcc\u00fcm\u00fcz\u00fc v\u0259 \u0259zmimizi b\u00fct\u00fcn d\u00fcnyaya n\u00fcmayi\u015f etdirdi.&hellip;<\/p>\n","protected":false},"author":2,"featured_media":251215,"comment_status":"closed","ping_status":"closed","sticky":false,"template":"","format":"standard","meta":{"om_disable_all_campaigns":false,"_monsterinsights_skip_tracking":false,"_monsterinsights_sitenote_active":false,"_monsterinsights_sitenote_note":"","_monsterinsights_sitenote_category":0},"categories":[26],"tags":[],"aioseo_notices":[],"gutentor_comment":0,"rttpg_featured_image_url":{"full":["https:\/\/arantv.az\/wp-content\/uploads\/2020\/12\/jbsfubges.png",650,418,false],"landscape":["https:\/\/arantv.az\/wp-content\/uploads\/2020\/12\/jbsfubges.png",650,418,false],"portraits":["https:\/\/arantv.az\/wp-content\/uploads\/2020\/12\/jbsfubges.png",650,418,false],"thumbnail":["https:\/\/arantv.az\/wp-content\/uploads\/2020\/12\/jbsfubges-150x150.png",150,150,true],"medium":["https:\/\/arantv.az\/wp-content\/uploads\/2020\/12\/jbsfubges-300x193.png",300,193,true],"large":["https:\/\/arantv.az\/wp-content\/uploads\/2020\/12\/jbsfubges.png",640,412,false],"1536x1536":["https:\/\/arantv.az\/wp-content\/uploads\/2020\/12\/jbsfubges.png",650,418,false],"2048x2048":["https:\/\/arantv.az\/wp-content\/uploads\/2020\/12\/jbsfubges.png",650,418,false],"post-thumbnail":["https:\/\/arantv.az\/wp-content\/uploads\/2020\/12\/jbsfubges-240x172.png",240,172,true],"advps-thumb-one":["https:\/\/arantv.az\/wp-content\/uploads\/2020\/12\/jbsfubges.png",650,418,false]},"rttpg_author":{"display_name":"V\u00fcsal Rafiqo\u011flu","author_link":"https:\/\/arantv.az\/?author=2"},"rttpg_comment":0,"rttpg_category":"<a href=\"https:\/\/arantv.az\/?cat=26\" rel=\"category\">Sosial<\/a>","rttpg_excerpt":"V\u0259t\u0259n m\u00fcharib\u0259sind\u0259 q\u0259hr\u0259manl\u0131\u011f\u0131 il\u0259 dill\u0259r \u0259zb\u0259ri olan \u015f\u0259hid D\u00f6vl\u0259tzad\u0259 C\u0259bray\u0131l\u0131n ata-baba yurdu olan Corat q\u0259s\u0259b\u0259sind\u0259 xatir\u0259sin\u0259 h\u0259sr olunan baralyef qoyulub. ARANTV.AZ\u00a0 &#8220;Report&#8220;a istinad\u0259n x\u0259b\u0259r verir ki, barelyefin a\u00e7\u0131l\u0131\u015f m\u0259rasimind\u0259 h\u0259rb\u00e7il\u0259rimizin d\u00f6y\u00fc\u015f meydan\u0131nda g\u00f6st\u0259rdiyi \u015f\u00fcca\u0259td\u0259n v\u0259 qazan\u0131lan q\u0259l\u0259b\u0259nin \u0259h\u0259miyy\u0259tind\u0259n dan\u0131\u015f\u0131l\u0131b. Vur\u011fulan\u0131b ki, 30 ildir davam ed\u0259n amans\u0131z erm\u0259ni i\u015f\u011fal\u0131na qar\u015f\u0131 xalq\u0131m\u0131z yumruq kimi birl\u0259\u015f\u0259r\u0259k V\u0259t\u0259n namin\u0259&hellip;","_links":{"self":[{"href":"https:\/\/arantv.az\/index.php?rest_route=\/wp\/v2\/posts\/251214"}],"collection":[{"href":"https:\/\/arantv.az\/index.php?rest_route=\/wp\/v2\/posts"}],"about":[{"href":"https:\/\/arantv.az\/index.php?rest_route=\/wp\/v2\/types\/post"}],"author":[{"embeddable":true,"href":"https:\/\/arantv.az\/index.php?rest_route=\/wp\/v2\/users\/2"}],"replies":[{"embeddable":true,"href":"https:\/\/arantv.az\/index.php?rest_route=%2Fwp%2Fv2%2Fcomments&post=251214"}],"version-history":[{"count":0,"href":"https:\/\/arantv.az\/index.php?rest_route=\/wp\/v2\/posts\/251214\/revisions"}],"wp:featuredmedia":[{"embeddable":true,"href":"https:\/\/arantv.az\/index.php?rest_route=\/wp\/v2\/media\/251215"}],"wp:attachment":[{"href":"https:\/\/arantv.az\/index.php?rest_route=%2Fwp%2Fv2%2Fmedia&parent=251214"}],"wp:term":[{"taxonomy":"category","embeddable":true,"href":"https:\/\/arantv.az\/index.php?rest_route=%2Fwp%2Fv2%2Fcategories&post=251214"},{"taxonomy":"post_tag","embeddable":true,"href":"https:\/\/arantv.az\/index.php?rest_route=%2Fwp%2Fv2%2Ftags&post=251214"}],"curies":[{"name":"wp","href":"https:\/\/api.w.org\/{rel}","templated":true}]}}