{"id":25133,"date":"2018-11-26T16:08:44","date_gmt":"2018-11-26T13:08:44","guid":{"rendered":"http:\/\/arantv.az\/?p=25133"},"modified":"2018-11-26T16:08:44","modified_gmt":"2018-11-26T13:08:44","slug":"istanbulda-h%c9%99r-k%c9%99s-ucun-davamli-inkisaf-v%c9%99-sulh-devizi-il%c9%99-9-cu-bogazici-sammiti-kecirilir","status":"publish","type":"post","link":"https:\/\/arantv.az\/?p=25133","title":{"rendered":"\u0130stanbulda \u201cH\u0259r k\u0259s \u00fc\u00e7\u00fcn davaml\u0131 inki\u015faf v\u0259 s\u00fclh\u201d devizi il\u0259 9-cu Bo\u011fazi\u00e7i Sammiti ke\u00e7irilir"},"content":{"rendered":"<p><strong>ARANTV.AZ\u00a0<\/strong> x\u0259b\u0259r verir ki, noyabr\u0131n 26-da \u0130stanbulda \u201cH\u0259r k\u0259s \u00fc\u00e7\u00fcn davaml\u0131 inki\u015faf v\u0259 s\u00fclh\u201d devizi il\u0259 ke\u00e7iril\u0259n 9-cu Bo\u011fazi\u00e7i Sammitinin r\u0259smi a\u00e7\u0131l\u0131\u015f\u0131 olub.<\/p>\n<p>Sammit T\u00fcrkiy\u0259 Prezidentinin himay\u0259si alt\u0131nda f\u0259aliyy\u0259t g\u00f6st\u0259r\u0259n Beyn\u0259lxalq \u018fm\u0259kda\u015fl\u0131q Platformas\u0131 t\u0259r\u0259find\u0259n 2011-ci ild\u0259n etibar\u0259n h\u0259r il \u0130stanbulda t\u0259\u015fkil olunur. T\u0259dbird\u0259 y\u00fczd\u0259n art\u0131q \u00f6lk\u0259d\u0259n d\u0259v\u0259t olunmu\u015f d\u00f6vl\u0259t v\u0259 h\u00f6kum\u0259t ba\u015f\u00e7\u0131lar\u0131, r\u0259smi \u015f\u0259xsl\u0259r, qeyri-h\u00f6kum\u0259t t\u0259\u015fkilatlar\u0131n\u0131n, analitik m\u0259rk\u0259zl\u0259rin v\u0259 qlobal \u015firk\u0259tl\u0259rin r\u0259hb\u0259rl\u0259ri i\u015ftirak edirl\u0259r.<\/p>\n<p>Beyn\u0259lxalq t\u0259dbir d\u00fcnyan\u0131n m\u00fcxt\u0259lif \u00f6lk\u0259l\u0259ri aras\u0131nda iqtisadi, siyasi, diplomatik v\u0259 enerji sah\u0259sind\u0259 \u0259laq\u0259l\u0259rin daha da d\u0259rinl\u0259\u015fm\u0259si, d\u00f6vl\u0259tl\u0259r aras\u0131nda m\u00fcasir d\u00f6vr\u00fcn t\u0259l\u0259bl\u0259rin\u0259 uy\u011fun \u0259m\u0259kda\u015fl\u0131q \u0259laq\u0259l\u0259rinin qurulmas\u0131 v\u0259 inki\u015faf etdirilm\u0259si, b\u0259\u015f\u0259riyy\u0259ti narahat ed\u0259n m\u0259s\u0259l\u0259l\u0259rin h\u0259lli \u00fc\u00e7\u00fcn birg\u0259 f\u0259aliyy\u0259t mexanizml\u0259rinin haz\u0131rlanmas\u0131 v\u0259 dig\u0259r bu kimi m\u00fch\u00fcm m\u00f6vzular\u0131n m\u00fczakir\u0259 edildiyi platforma hesab olunur.<\/p>\n<p>Builki Sammitin a\u00e7\u0131l\u0131\u015f\u0131nda Makedoniya Prezidenti George \u0130vanov, \u015eimali Kipr T\u00fcrk Respublikas\u0131n\u0131n Prezidenti Mustafa Ak\u0131nc\u0131, habel\u0259 K\u00fcveyt, \u0130ordaniya, Pol\u015fa, Rusiya, Q\u0259t\u0259r, Malayziya v\u0259 d\u00fcnyan\u0131n bir \u00e7ox \u00f6lk\u0259sind\u0259n r\u0259smi \u015f\u0259xsl\u0259r, h\u0259m\u00e7inin ke\u00e7mi\u015f d\u00f6vl\u0259t v\u0259 h\u00f6kum\u0259t r\u0259hb\u0259rl\u0259ri d\u0259 i\u015ftirak edibl\u0259r.<\/p>\n<p>Sammitd\u0259 Az\u0259rbaycan\u0131 t\u0259msil ed\u0259n Prezidentin ictimai-siyasi m\u0259s\u0259l\u0259l\u0259r \u00fczr\u0259 k\u00f6m\u0259k\u00e7isi \u018fli H\u018fS\u018fNOV \u00e7\u0131x\u0131\u015f ed\u0259r\u0259k \u00e7ox m\u00fch\u00fcm beyn\u0259lxalq \u0259h\u0259miyy\u0259t da\u015f\u0131yan bel\u0259 bir t\u0259dbirin t\u0259\u015fkilin\u0259 g\u00f6r\u0259 T\u00fcrkiy\u0259 Prezidenti R\u0259c\u0259b Tayyib \u018frdo\u011fana v\u0259 T\u00fcrkiy\u0259 d\u00f6vl\u0259tin\u0259 t\u0259\u015f\u0259kk\u00fcr\u00fcn\u00fc bildirib.<\/p>\n<p>\u00c7\u0131x\u0131\u015f\u0131nda d\u00f6vr\u00fcm\u00fcz\u00fcn ac\u0131 reall\u0131qlar\u0131ndan b\u0259hs ed\u0259n Prezidentin k\u00f6m\u0259k\u00e7isi bildirib ki, b\u0259zi d\u00f6vl\u0259tl\u0259r \u0259m\u0259kda\u015fl\u0131q \u015f\u0259raitind\u0259 davaml\u0131 inki\u015fafa nail olmaq yolunu deyil, \u0259ksin\u0259, q\u0259sb, i\u015f\u011fal, silahlanma yolunu se\u00e7ibl\u0259r. Bu c\u00fcr antihumanist siyas\u0259t haz\u0131rda M\u0259rk\u0259zi v\u0259 \u015eimali Amerika s\u0259rh\u0259dl\u0259rind\u0259n Suriya v\u0259 T\u00fcrkiy\u0259, Myanma v\u0259 Banqlade\u015f s\u0259rh\u0259dl\u0259rin\u0259d\u0259k b\u00fct\u00fcn d\u00fcnyan\u0131n geosiyasi m\u0259hv\u0259rind\u0259n ke\u00e7ir. Bel\u0259 bir f\u0259lak\u0259t art\u0131q 30 il\u0259 yax\u0131nd\u0131r ki, C\u0259nubi Qafqazda da ya\u015fanmaqdad\u0131r. M\u00fcst\u0259qilliyimizin ilk ill\u0259rind\u0259 qon\u015fu Erm\u0259nistan\u0131n y\u00fcr\u00fctd\u00fcy\u00fc t\u0259cav\u00fczkar siyas\u0259t, Az\u0259rbaycana qar\u015f\u0131 he\u00e7 bir tarixi v\u0259 h\u00fcquqi \u0259sas\u0131 olmayan \u0259razi iddialar\u0131 bir milyondan \u00e7ox v\u0259t\u0259nda\u015f\u0131m\u0131z\u0131n qa\u00e7q\u0131n v\u0259 k\u00f6\u00e7k\u00fcn\u0259 \u00e7evrilm\u0259sin\u0259, \u0259razimizin 20 faizinin i\u015f\u011fal\u0131na s\u0259b\u0259b olub. H\u0259min torpaqlarda q\u0259dim dini v\u0259 tarixi abid\u0259l\u0259rin v\u0259h\u015fic\u0259sin\u0259 darmada\u011f\u0131n edilm\u0259si AT\u018fT-in faktara\u015fd\u0131r\u0131c\u0131 missiyas\u0131 t\u0259r\u0259find\u0259n d\u0259 t\u0259sdiq edilib. D\u00fcnyan\u0131n 10-dan \u00e7ox \u00f6lk\u0259si v\u0259 \u00e7oxsayl\u0131 beyn\u0259lxalq qurumlar az\u0259rbaycanl\u0131lara qar\u015f\u0131 t\u00f6r\u0259dilmi\u015f Xocal\u0131 soyq\u0131r\u0131m\u0131n\u0131 tan\u0131y\u0131blar.<\/p>\n<p>\u018fli H\u0259s\u0259nov diqq\u0259t\u0259 \u00e7atd\u0131r\u0131b ki, Da\u011fl\u0131q Qaraba\u011f m\u00fcnaqi\u015f\u0259si bu g\u00fcn yaln\u0131z C\u0259nubi Qafqazdak\u0131 k\u00f6vr\u0259k s\u00fclh\u00fc deyil, b\u00fct\u00fcn Avropan\u0131n v\u0259 d\u00fcnyan\u0131n t\u0259hl\u00fck\u0259sizliyini t\u0259hdid edir. Bunun k\u00f6k\u00fcnd\u0259 beyn\u0259lxalq h\u00fcquqa, dig\u0259r \u00f6lk\u0259l\u0259rin \u0259razi b\u00fct\u00f6vl\u00fcy\u00fcn\u0259, s\u0259mavi dinl\u0259rin s\u00fclh \u00e7a\u011f\u0131r\u0131\u015flar\u0131na m\u0259h\u0259l qoymamaq, b\u00f6y\u00fckl\u00fck maniyas\u0131, d\u0259nizd\u0259n-d\u0259niz\u0259 \u0259razil\u0259r\u0259 sahibl\u0259nm\u0259k iddias\u0131, bu iddian\u0131 realla\u015fd\u0131rmaq namin\u0259 h\u0259r c\u00fcr saxtakarl\u0131\u011fa v\u0259 b\u0259\u015f\u0259ri cinay\u0259t\u0259 yol verm\u0259k amili durur.<\/p>\n<p>\u201c\u0130\u015f\u011fal fakt\u0131na baxmayaraq, bu g\u00fcn Az\u0259rbaycan Respublikas\u0131n\u0131n Prezidenti \u0130lham \u018fliyevin siyas\u0259ti n\u0259tic\u0259sind\u0259 Az\u0259rbaycan n\u0259inki \u00f6z dinamik inki\u015faf\u0131n\u0131 t\u0259min ed\u0259 bilib, h\u0259m d\u0259 Avropan\u0131n v\u0259 Yax\u0131n \u015e\u0259rqin iqtisadi v\u0259 m\u0259d\u0259ni inteqrasiyas\u0131nda, Avropan\u0131n enerji t\u0259hl\u00fck\u0259sizliyinin t\u0259minat\u0131nda x\u00fcsusi rol oynayan \u00f6lk\u0259y\u0259 \u00e7evrilib\u201d, &#8211; dey\u0259n Prezidentin k\u00f6m\u0259k\u00e7isi qeyd edib ki, Az\u0259rbaycan d\u00f6vl\u0259tinin \u00f6z t\u0259r\u0259fda\u015flar\u0131 il\u0259 h\u0259yata ke\u00e7irdiyi qlobal layih\u0259l\u0259r t\u0259kc\u0259 enerji t\u0259hl\u00fck\u0259sizliyi v\u0259 kommunikasiya layih\u0259l\u0259ri deyil, onlar t\u0259hl\u00fck\u0259sizliyin t\u0259min edilm\u0259sin\u0259 b\u00f6y\u00fck t\u00f6hf\u0259 verir, qit\u0259l\u0259ri biri-birin\u0259 birl\u0259\u015fdirir, d\u00fcnyan\u0131n geoiqtisadi x\u0259rit\u0259sinin yenid\u0259n \u00e7\u0259kilm\u0259sini \u015f\u0259rtl\u0259ndirir. Prezident \u0130lham \u018fliyevin qeyd etdiyi kimi, Az\u0259rbaycan\u0131n t\u0259\u015f\u0259bb\u00fcs\u00e7\u00fcs\u00fc oldu\u011fu layih\u0259l\u0259rd\u0259n b\u00fct\u00fcn i\u015ftirak\u00e7\u0131 d\u00f6vl\u0259tl\u0259r, x\u00fcsus\u0259n qon\u015fu \u00f6lk\u0259l\u0259r d\u0259 faydalanmaqdad\u0131rlar. El\u0259 bu yax\u0131nlarda istifad\u0259y\u0259 verilmi\u015f \u201cSTAR Refinery\u201d zavodunun h\u0259m T\u00fcrkiy\u0259, h\u0259m Az\u0259rbaycan \u00fc\u00e7\u00fcn g\u0259tir\u0259c\u0259yi faydan\u0131 xat\u0131rlamaq kifay\u0259tdir. Lakin orta \u0259sr q\u0259sbkarlar\u0131 kimi daha asan yolla, \u00f6zg\u0259 torpaqlar\u0131n\u0131 i\u015f\u011fal etm\u0259kl\u0259 varlanmaq ist\u0259y\u0259n cinay\u0259tkar Erm\u0259nistan rejimi bu g\u00fcn regional t\u0259\u015f\u0259bb\u00fcsl\u0259rd\u0259n t\u0259crid olunub. Bu, bel\u0259 d\u0259 olmal\u0131d\u0131r. \u0130\u015f\u011fal yolu tutan h\u0259rbi xunta \u00f6z xalq\u0131na s\u0259ad\u0259t deyil, yaln\u0131z f\u0259lak\u0259t g\u0259tir\u0259 bil\u0259r ki, bu da Erm\u0259nistan\u0131n timsal\u0131nda \u00f6z t\u0259sdiqini bir daha tap\u0131r.<\/p>\n<p>Az\u0259rbaycan\u0131n b\u00f6lg\u0259d\u0259ki s\u00fclhyaratma \u0259m\u0259liyyatlar\u0131nda f\u0259all\u0131\u011f\u0131 il\u0259 se\u00e7ildiyini vur\u011fulayan \u018fli H\u0259s\u0259nov qeyd edib ki, \u00f6lk\u0259miz NATO-nun, Avropa \u0130ttifaq\u0131n\u0131n, AT\u018fT-in, MDB-nin \u0259m\u0259kda\u015fl\u0131q proqramlar\u0131n\u0131n f\u0259al i\u015ftirak\u00e7\u0131s\u0131d\u0131r. Az\u0259rbaycan i\u015f\u011fal\u00e7\u0131 Erm\u0259nistan istisna olunmaqla, b\u00fct\u00fcn qon\u015fularla ikit\u0259r\u0259fli v\u0259 \u00e7oxt\u0259r\u0259fli \u0259m\u0259kda\u015fl\u0131q formatlar\u0131nda i\u015fbirliyini inki\u015faf etdirir. \u018flb\u0259tt\u0259, \u0259razi b\u00fct\u00f6vl\u00fcy\u00fcm\u00fcz\u0259 h\u0259rbi t\u0259cav\u00fcz olmasayd\u0131 v\u0259 \u00f6lk\u0259mizin maddi, insani resurslar\u0131 i\u015f\u011fal\u0131n aradan qald\u0131r\u0131lmas\u0131na y\u00f6n\u0259ldilm\u0259s\u0259ydi, indi h\u0259m Az\u0259rbaycan\u0131n, h\u0259m d\u0259 b\u00f6lg\u0259nin inki\u015faf\u0131 ba\u015fqa bir s\u0259viyy\u0259d\u0259 olard\u0131.<\/p>\n<p>\u201cBiz el\u0259 bir b\u00f6lg\u0259, el\u0259 bir d\u00fcnya arzusunday\u0131q ki, eyni co\u011frafiyan\u0131, eyni v\u0259 ya yax\u0131n m\u0259d\u0259niyy\u0259tl\u0259ri b\u00f6l\u00fc\u015f\u0259n insanlar m\u00fchacir\u0259t yolu se\u00e7m\u0259y\u0259 m\u0259hkum olmas\u0131nlar, \u00f6z tarixi torpaqlar\u0131nda qals\u0131nlar, ya\u015fay\u0131b inki\u015faf etsinl\u0259r\u201d, &#8211; dey\u0259n Prezidentin k\u00f6m\u0259k\u00e7isi bildirib ki, bunun \u00fc\u00e7\u00fcn h\u0259r k\u0259s \u00f6z\u00fcnd\u0259 t\u0259cav\u00fczkara \u201cdur\u201d dem\u0259k c\u0259sar\u0259ti tapmal\u0131, bu istiqam\u0259td\u0259 ir\u0259li s\u00fcr\u00fcl\u0259n b\u00fct\u00fcn t\u0259\u015f\u0259bb\u00fcsl\u0259r d\u0259st\u0259kl\u0259nm\u0259li, s\u0259yl\u0259r birl\u0259\u015fdirilm\u0259lidir. Bu bax\u0131mdan 9 ildir Bo\u011fazi\u00e7i Zirv\u0259si h\u0259r k\u0259s \u00fc\u00e7\u00fcn davaml\u0131 inki\u015fafa, s\u00fclh axtar\u0131\u015flar\u0131na \u00f6z t\u00f6hf\u0259sini verir. T\u00fcrkiy\u0259nin m\u00fcnaqi\u015f\u0259l\u0259rin h\u0259llind\u0259, b\u00f6lg\u0259d\u0259 davaml\u0131 s\u00fclh\u00fcn b\u0259rpas\u0131nda \u00e7ox b\u00f6y\u00fck z\u0259hm\u0259ti var. Prezident R\u0259c\u0259b Tayyib \u018frdo\u011fan\u0131n ba\u015f\u00e7\u0131l\u0131\u011f\u0131 il\u0259 d\u00fcnyan\u0131n m\u00fch\u00fcm geosiyasi aktoruna \u00e7evrilmi\u015f T\u00fcrkiy\u0259 d\u00f6vl\u0259tinin y\u00fcr\u00fctd\u00fcy\u00fc siyas\u0259t, ke\u00e7irdiyi s\u00fclhyaratma \u0259m\u0259liyyatlar\u0131, apard\u0131\u011f\u0131 g\u0259rgin diplomatik m\u00fcbariz\u0259 b\u00f6lg\u0259d\u0259ki m\u00fcnaqi\u015f\u0259l\u0259rin, o c\u00fcml\u0259d\u0259n Da\u011fl\u0131q Qaraba\u011f probleminin \u0259dal\u0259tli h\u0259llin\u0259 y\u00f6n\u0259lmi\u015f b\u00f6y\u00fck f\u0259aliyy\u0259tdir. Bu i\u015fd\u0259 qarda\u015f T\u00fcrkiy\u0259y\u0259 u\u011furlar arzu edirik.<\/p>\n<p>Sonra \u00e7\u0131x\u0131\u015f ed\u0259n Makedoniyan\u0131n Prezidenti George \u0130VANOV v\u0259 Pol\u015fa h\u00f6kum\u0259tinin ke\u00e7mi\u015f \u00fczv\u00fc Jacek ROSTOVSK\u0130 \u0130kinci D\u00fcnya m\u00fcharib\u0259sind\u0259n \u00f6t\u0259n d\u00f6vrd\u0259 Avropada ya\u015fanan siyasi-iqtisadi probleml\u0259rd\u0259n b\u0259hs edibl\u0259r. Diqq\u0259t\u0259 \u00e7atd\u0131r\u0131l\u0131b ki, d\u00fcnyadak\u0131 b\u00fct\u00fcn m\u00fcnaqi\u015f\u0259 v\u0259 qar\u015f\u0131durmalar bu v\u0259 ya dig\u0259r formada Avropa \u00f6lk\u0259l\u0259rin\u0259 m\u0259nfi t\u0259sir g\u00f6st\u0259rir. D\u00fcnyada s\u00fclh v\u0259 inki\u015fafa nail olmaq \u00fc\u00e7\u00fcn bu probleml\u0259rd\u0259n yaxa qurtarmaq vacibdir.<\/p>\n<p>T\u00fcrkiy\u0259nin Avropa \u0130ttifaq\u0131 m\u0259s\u0259l\u0259l\u0259ri \u00fczr\u0259 sabiq naziri Egemen BAXI\u015e qeyd edib ki, m\u00f6vcud m\u00fcnaqi\u015f\u0259l\u0259r, d\u00f6vl\u0259tl\u0259rin \u0259razi b\u00fct\u00f6vl\u00fcy\u00fcn\u0259 q\u0259sd m\u00fcasir d\u00fcnyan\u0131n ba\u015fl\u0131ca humanitar probleml\u0259ridir. \u00c7\u00fcnki bu probleml\u0259rd\u0259n \u0259n \u00e7ox \u0259ziyy\u0259t \u00e7\u0259k\u0259n dinc insanlard\u0131r. M\u00f6vcud m\u00fcnaqi\u015f\u0259l\u0259rin h\u0259ll olunmamas\u0131 s\u00fclh \u00fcmidl\u0259rin\u0259 z\u0259rb\u0259 vurur.<\/p>\n<p>Yax\u0131n \u015e\u0259rq probleminin olduqca t\u0259hl\u00fck\u0259li m\u0259rh\u0259l\u0259y\u0259 \u00e7atd\u0131\u011f\u0131n\u0131 vur\u011fulayan \u0130ordaniya Senat\u0131n\u0131n s\u0259dri Faisal \u0259l-FAYEZ qeyd edib ki, \u0130ordaniya s\u00fclh v\u0259 inki\u015faf t\u0259r\u0259fdar\u0131d\u0131r. O bildirib ki, Suriyada v\u0259t\u0259nda\u015f m\u00fcharib\u0259si b\u00f6lg\u0259 \u00f6lk\u0259l\u0259ri aras\u0131nda ticar\u0259t \u0259laq\u0259l\u0259rin\u0259 z\u0259rb\u0259 vurub. B\u00f6lg\u0259d\u0259ki humanitar b\u00f6hran tezlikl\u0259 h\u0259llini tapmazsa m\u00fcnaqi\u015f\u0259 yaln\u0131z qon\u015fular\u0131n \u0259razisin\u0259 yox, uzaq \u00f6lk\u0259l\u0259r\u0259 d\u0259 s\u0131\u00e7raya bil\u0259r.<\/p>\n<p>Rusiya-T\u00fcrkiy\u0259 iqtisadi \u0259laq\u0259l\u0259rinin b\u00f6lg\u0259nin inki\u015faf\u0131na t\u00f6hf\u0259sind\u0259n dan\u0131\u015fan Rusiya Federasiyas\u0131n\u0131n \u00c7e\u00e7enistan Respublikas\u0131n\u0131n Ba\u015f naziri Muslim HU\u00c7\u0130EV \u00f6lk\u0259sinin iqtisadi potensial\u0131 v\u0259 s\u0259rmay\u0259 m\u00fchiti bar\u0259d\u0259 geni\u015f m\u0259lumat verib. Ba\u015f nazir \u0259minlikl\u0259 bildirib ki, \u00c7e\u00e7enistana s\u0259rmay\u0259 yat\u0131rmaq ist\u0259y\u0259n t\u00fcrkiy\u0259li i\u015f adamlar\u0131 bunun yax\u015f\u0131 b\u0259hr\u0259sini g\u00f6r\u0259 bil\u0259rl\u0259r.<\/p>\n<p>T\u00fcrkiy\u0259d\u0259 istehsal v\u0259 t\u0259dar\u00fck olunan m\u0259hsullar\u0131n xarici bazarlarda s\u00fcr\u0259tl\u0259 artd\u0131\u011f\u0131n\u0131 diqq\u0259t\u0259 \u00e7atd\u0131ran T\u00fcrkiy\u0259 \u0130xracat\u00e7\u0131lar M\u0259clisinin s\u0259dri \u0130smay\u0131l G\u00dcLL\u018f bildirib ki, ixracat\u00e7\u0131lar \u00fc\u00e7\u00fcn q\u0131sa v\u0259 t\u0259hl\u00fck\u0259siz yol axtar\u0131\u015f\u0131 m\u00fcasir d\u00fcnya iqtisadiyyat\u0131nda \u0259n m\u00fch\u00fcm m\u0259s\u0259l\u0259dir. Bu m\u0259nada Bak\u0131-Tbilisi-Qars d\u0259mir yolu x\u0259tti v\u0259 \u0130stanbul Hava Liman\u0131 Avrasiya m\u0259kan\u0131nda iqtisadi m\u00fcnasib\u0259tl\u0259r \u00fc\u00e7\u00fcn yeni \u00fcf\u00fcql\u0259r a\u00e7\u0131r. Lakin bundan da ir\u0259lid\u0259 olan s\u00fclh v\u0259 sabitliyin m\u00f6vcudlu\u011fudur.<\/p>\n<p>B\u00fct\u00fcn qonaqlara Bo\u011fazi\u00e7i Sammitind\u0259 i\u015ftiraka g\u00f6r\u0259 t\u0259\u015f\u0259kk\u00fcr\u00fcn\u00fc ifad\u0259 ed\u0259n Beyn\u0259lxalq \u018fm\u0259kda\u015fl\u0131q Platformas\u0131n\u0131n qurucusu Cengiz \u00d6zgengcil \u0259min oldu\u011funu bildirib ki, m\u00fczakir\u0259 edil\u0259n m\u0259s\u0259l\u0259l\u0259r s\u00fclhsev\u0259r d\u00fcnya ictimaiyy\u0259ti t\u0259r\u0259find\u0259n maraqla qar\u015f\u0131lanacaq.<\/p>\n<p>\u00c7\u0131x\u0131\u015f\u00e7\u0131lar s\u00fclh, sabitlik v\u0259 inki\u015faf\u0131n yollar\u0131na dair fikir v\u0259 m\u00fclahiz\u0259l\u0259rini b\u00f6l\u00fc\u015f\u00fcbl\u0259r. Diqq\u0259t\u0259 \u00e7atd\u0131r\u0131l\u0131b ki, m\u00fcasir d\u00fcnyada qlobal iqtisadiyyat\u0131n ba\u015fl\u0131ca problemi m\u00fcnaqi\u015f\u0259 v\u0259 qar\u015f\u0131durmalard\u0131r. Qeyd olunub ki, m\u00fcnaqi\u015f\u0259 v\u0259 qar\u015f\u0131durmalar c\u0259miyy\u0259tl\u0259rin inki\u015faf\u0131nda \u0259n pozucu amildir. Davaml\u0131 s\u00fclh\u0259 nail olmaq \u00fc\u00e7\u00fcn ist\u0259nil\u0259n z\u0259mind\u0259 \u0259sass\u0131z iddialardan \u0259l \u00e7\u0259km\u0259k laz\u0131md\u0131r.<\/p>\n<p>Sammit i\u015fini noyabr\u0131n 28-d\u0259k \u201cH\u0259r k\u0259s \u00fc\u00e7\u00fcn inki\u015fafa beyn\u0259lxalq t\u0259hdid: Ticar\u0259t m\u00fcharib\u0259l\u0259ri\u201d, \u201cYeni istiqam\u0259tl\u0259r axtaran d\u00fcnyada dayan\u0131ql\u0131 g\u0259l\u0259c\u0259yin \u015fifr\u0259l\u0259ri\u201d, \u201cD\u00fcnyan\u0131n idar\u0259 olunmas\u0131nda d\u0259yi\u015fiklik ehtiyac\u0131\u201d, \u201cS\u00fclh \u00fc\u00e7\u00fcn m\u00fcdafi\u0259 v\u0259 t\u0259hl\u00fck\u0259sizlik\u201d, \u201cG\u0259l\u0259c\u0259yin texnologiyalar\u0131na do\u011fru\u201d, \u201c\u0130qtisadi inki\u015faf\u0131n t\u0259\u015fkilind\u0259 median\u0131n rolu\u201d v\u0259 dig\u0259r m\u00f6vzularda \u201cd\u0259yirmi masa\u201dlar v\u0259 panell\u0259rl\u0259 davam etdir\u0259c\u0259k.<\/p>\n<p>Prezidentin ictimai-siyasi m\u0259s\u0259l\u0259l\u0259r \u00fczr\u0259 k\u00f6m\u0259k\u00e7isi \u018fli H\u0259s\u0259nov Sammit \u00e7\u0259r\u00e7iv\u0259sind\u0259 Az\u0259rbaycan\u0131n v\u0259 xarici \u00f6lk\u0259l\u0259rin K\u0130V-l\u0259rin\u0259 m\u00fcsahib\u0259 verib.<\/p>\n","protected":false},"excerpt":{"rendered":"<p>ARANTV.AZ\u00a0 x\u0259b\u0259r verir ki, noyabr\u0131n 26-da \u0130stanbulda \u201cH\u0259r k\u0259s \u00fc\u00e7\u00fcn davaml\u0131 inki\u015faf v\u0259 s\u00fclh\u201d devizi il\u0259 ke\u00e7iril\u0259n 9-cu Bo\u011fazi\u00e7i Sammitinin r\u0259smi a\u00e7\u0131l\u0131\u015f\u0131 olub. Sammit T\u00fcrkiy\u0259 Prezidentinin himay\u0259si alt\u0131nda f\u0259aliyy\u0259t g\u00f6st\u0259r\u0259n Beyn\u0259lxalq \u018fm\u0259kda\u015fl\u0131q Platformas\u0131 t\u0259r\u0259find\u0259n 2011-ci ild\u0259n etibar\u0259n h\u0259r il \u0130stanbulda t\u0259\u015fkil olunur. T\u0259dbird\u0259 y\u00fczd\u0259n art\u0131q \u00f6lk\u0259d\u0259n d\u0259v\u0259t olunmu\u015f d\u00f6vl\u0259t v\u0259 h\u00f6kum\u0259t ba\u015f\u00e7\u0131lar\u0131, r\u0259smi \u015f\u0259xsl\u0259r, qeyri-h\u00f6kum\u0259t t\u0259\u015fkilatlar\u0131n\u0131n, analitik m\u0259rk\u0259zl\u0259rin v\u0259 qlobal \u015firk\u0259tl\u0259rin r\u0259hb\u0259rl\u0259ri i\u015ftirak edirl\u0259r. Beyn\u0259lxalq t\u0259dbir d\u00fcnyan\u0131n m\u00fcxt\u0259lif \u00f6lk\u0259l\u0259ri aras\u0131nda iqtisadi, siyasi, diplomatik v\u0259 enerji sah\u0259sind\u0259 \u0259laq\u0259l\u0259rin daha da d\u0259rinl\u0259\u015fm\u0259si, d\u00f6vl\u0259tl\u0259r aras\u0131nda m\u00fcasir d\u00f6vr\u00fcn t\u0259l\u0259bl\u0259rin\u0259 uy\u011fun \u0259m\u0259kda\u015fl\u0131q \u0259laq\u0259l\u0259rinin qurulmas\u0131 v\u0259&hellip;<\/p>\n","protected":false},"author":2,"featured_media":25134,"comment_status":"closed","ping_status":"closed","sticky":false,"template":"","format":"standard","meta":{"om_disable_all_campaigns":false,"_monsterinsights_skip_tracking":false,"_monsterinsights_sitenote_active":false,"_monsterinsights_sitenote_note":"","_monsterinsights_sitenote_category":0},"categories":[4],"tags":[],"aioseo_notices":[],"gutentor_comment":0,"rttpg_featured_image_url":{"full":["https:\/\/arantv.az\/wp-content\/uploads\/2018\/11\/fnsee7aegadn37ikp2j5ravp14istan.jpg",917,669,false],"landscape":["https:\/\/arantv.az\/wp-content\/uploads\/2018\/11\/fnsee7aegadn37ikp2j5ravp14istan.jpg",917,669,false],"portraits":["https:\/\/arantv.az\/wp-content\/uploads\/2018\/11\/fnsee7aegadn37ikp2j5ravp14istan.jpg",917,669,false],"thumbnail":["https:\/\/arantv.az\/wp-content\/uploads\/2018\/11\/fnsee7aegadn37ikp2j5ravp14istan-150x150.jpg",150,150,true],"medium":["https:\/\/arantv.az\/wp-content\/uploads\/2018\/11\/fnsee7aegadn37ikp2j5ravp14istan-300x219.jpg",300,219,true],"large":["https:\/\/arantv.az\/wp-content\/uploads\/2018\/11\/fnsee7aegadn37ikp2j5ravp14istan.jpg",640,467,false],"1536x1536":["https:\/\/arantv.az\/wp-content\/uploads\/2018\/11\/fnsee7aegadn37ikp2j5ravp14istan.jpg",917,669,false],"2048x2048":["https:\/\/arantv.az\/wp-content\/uploads\/2018\/11\/fnsee7aegadn37ikp2j5ravp14istan.jpg",917,669,false],"post-thumbnail":["https:\/\/arantv.az\/wp-content\/uploads\/2018\/11\/fnsee7aegadn37ikp2j5ravp14istan-240x172.jpg",240,172,true],"advps-thumb-one":["https:\/\/arantv.az\/wp-content\/uploads\/2018\/11\/fnsee7aegadn37ikp2j5ravp14istan-917x620.jpg",917,620,true]},"rttpg_author":{"display_name":"V\u00fcsal Rafiqo\u011flu","author_link":"https:\/\/arantv.az\/?author=2"},"rttpg_comment":0,"rttpg_category":"<a href=\"https:\/\/arantv.az\/?cat=4\" rel=\"category\">Siyas\u0259t<\/a>","rttpg_excerpt":"ARANTV.AZ\u00a0 x\u0259b\u0259r verir ki, noyabr\u0131n 26-da \u0130stanbulda \u201cH\u0259r k\u0259s \u00fc\u00e7\u00fcn davaml\u0131 inki\u015faf v\u0259 s\u00fclh\u201d devizi il\u0259 ke\u00e7iril\u0259n 9-cu Bo\u011fazi\u00e7i Sammitinin r\u0259smi a\u00e7\u0131l\u0131\u015f\u0131 olub. Sammit T\u00fcrkiy\u0259 Prezidentinin himay\u0259si alt\u0131nda f\u0259aliyy\u0259t g\u00f6st\u0259r\u0259n Beyn\u0259lxalq \u018fm\u0259kda\u015fl\u0131q Platformas\u0131 t\u0259r\u0259find\u0259n 2011-ci ild\u0259n etibar\u0259n h\u0259r il \u0130stanbulda t\u0259\u015fkil olunur. T\u0259dbird\u0259 y\u00fczd\u0259n art\u0131q \u00f6lk\u0259d\u0259n d\u0259v\u0259t olunmu\u015f d\u00f6vl\u0259t v\u0259 h\u00f6kum\u0259t ba\u015f\u00e7\u0131lar\u0131, r\u0259smi \u015f\u0259xsl\u0259r, qeyri-h\u00f6kum\u0259t&hellip;","_links":{"self":[{"href":"https:\/\/arantv.az\/index.php?rest_route=\/wp\/v2\/posts\/25133"}],"collection":[{"href":"https:\/\/arantv.az\/index.php?rest_route=\/wp\/v2\/posts"}],"about":[{"href":"https:\/\/arantv.az\/index.php?rest_route=\/wp\/v2\/types\/post"}],"author":[{"embeddable":true,"href":"https:\/\/arantv.az\/index.php?rest_route=\/wp\/v2\/users\/2"}],"replies":[{"embeddable":true,"href":"https:\/\/arantv.az\/index.php?rest_route=%2Fwp%2Fv2%2Fcomments&post=25133"}],"version-history":[{"count":0,"href":"https:\/\/arantv.az\/index.php?rest_route=\/wp\/v2\/posts\/25133\/revisions"}],"wp:featuredmedia":[{"embeddable":true,"href":"https:\/\/arantv.az\/index.php?rest_route=\/wp\/v2\/media\/25134"}],"wp:attachment":[{"href":"https:\/\/arantv.az\/index.php?rest_route=%2Fwp%2Fv2%2Fmedia&parent=25133"}],"wp:term":[{"taxonomy":"category","embeddable":true,"href":"https:\/\/arantv.az\/index.php?rest_route=%2Fwp%2Fv2%2Fcategories&post=25133"},{"taxonomy":"post_tag","embeddable":true,"href":"https:\/\/arantv.az\/index.php?rest_route=%2Fwp%2Fv2%2Ftags&post=25133"}],"curies":[{"name":"wp","href":"https:\/\/api.w.org\/{rel}","templated":true}]}}