{"id":251589,"date":"2020-12-10T15:03:57","date_gmt":"2020-12-10T12:03:57","guid":{"rendered":"http:\/\/arantv.az\/?p=251589"},"modified":"2020-12-10T15:03:57","modified_gmt":"2020-12-10T12:03:57","slug":"onlara-da-v%c9%99t%c9%99n-muharib%c9%99si-q%c9%99hr%c9%99mani-adi-verilib-foto","status":"publish","type":"post","link":"https:\/\/arantv.az\/?p=251589","title":{"rendered":"Onlara da \u201cV\u0259t\u0259n M\u00fcharib\u0259si Q\u0259hr\u0259man\u0131\u201d ad\u0131 verilib &#8211; Foto"},"content":{"rendered":"<p><strong>X\u0259b\u0259r verdiyimiz kimi, Prezident \u0130lham \u018fliyev Az\u0259rbaycan Respublikas\u0131n\u0131n \u0259razi b\u00fct\u00f6vl\u00fcy\u00fcn\u00fcn b\u0259rpa edilm\u0259sind\u0259 x\u00fcsusi xidm\u0259tl\u0259rin\u0259 v\u0259 i\u015f\u011fal olunmu\u015f \u0259razil\u0259rin azad olunmas\u0131 zaman\u0131 d\u00fc\u015fm\u0259nin m\u0259hv edilm\u0259si \u00fczr\u0259 qar\u015f\u0131ya qoyulmu\u015f d\u00f6y\u00fc\u015f tap\u015f\u0131r\u0131\u011f\u0131n\u0131 yerin\u0259 yetir\u0259rk\u0259n g\u00f6st\u0259rdiyi q\u0259hr\u0259manl\u0131q n\u00fcmun\u0259sin\u0259 g\u00f6r\u0259, h\u0259m\u00e7inin h\u0259rbi qulluq v\u0259zif\u0259sini yerin\u0259 yetir\u0259rk\u0259n igidlik v\u0259 m\u0259rdlik n\u00fcmayi\u015f etdirmi\u015f Az\u0259rbaycan Respublikas\u0131 Silahl\u0131 Q\u00fcvv\u0259l\u0259rinin h\u0259rbi qulluq\u00e7ular\u0131na \u201cV\u0259t\u0259n M\u00fcharib\u0259si Q\u0259hr\u0259man\u0131\u201d ad\u0131n\u0131n verilm\u0259si haqq\u0131nda s\u0259r\u0259ncam imzalay\u0131b.<\/strong>\u00a0<strong>ARANTV.AZ<\/strong>\u00a0 x\u0259b\u0259r verir ki,\u00a0bu ada layiq g\u00f6r\u00fcl\u0259nl\u0259r aras\u0131nda F\u00fczuli rayonundan olan mayor S\u0259f\u0259rov Elvin S\u0259rraf o\u011fu v\u0259 ki\u00e7ik mi\u00e7man Zalov F\u0259qan Amil o\u011flu (\u00f6l\u00fcm\u00fcnd\u0259n sonra)\u00a0 da var.Ax\u015fam.az<\/p>\n","protected":false},"excerpt":{"rendered":"<p>X\u0259b\u0259r verdiyimiz kimi, Prezident \u0130lham \u018fliyev Az\u0259rbaycan Respublikas\u0131n\u0131n \u0259razi b\u00fct\u00f6vl\u00fcy\u00fcn\u00fcn b\u0259rpa edilm\u0259sind\u0259 x\u00fcsusi xidm\u0259tl\u0259rin\u0259 v\u0259 i\u015f\u011fal olunmu\u015f \u0259razil\u0259rin azad olunmas\u0131 zaman\u0131 d\u00fc\u015fm\u0259nin m\u0259hv edilm\u0259si \u00fczr\u0259 qar\u015f\u0131ya qoyulmu\u015f d\u00f6y\u00fc\u015f tap\u015f\u0131r\u0131\u011f\u0131n\u0131 yerin\u0259 yetir\u0259rk\u0259n g\u00f6st\u0259rdiyi q\u0259hr\u0259manl\u0131q n\u00fcmun\u0259sin\u0259 g\u00f6r\u0259, h\u0259m\u00e7inin h\u0259rbi qulluq v\u0259zif\u0259sini yerin\u0259 yetir\u0259rk\u0259n igidlik v\u0259 m\u0259rdlik n\u00fcmayi\u015f etdirmi\u015f Az\u0259rbaycan Respublikas\u0131 Silahl\u0131 Q\u00fcvv\u0259l\u0259rinin h\u0259rbi qulluq\u00e7ular\u0131na \u201cV\u0259t\u0259n M\u00fcharib\u0259si Q\u0259hr\u0259man\u0131\u201d ad\u0131n\u0131n verilm\u0259si haqq\u0131nda s\u0259r\u0259ncam imzalay\u0131b.\u00a0ARANTV.AZ\u00a0 x\u0259b\u0259r verir ki,\u00a0bu ada layiq g\u00f6r\u00fcl\u0259nl\u0259r aras\u0131nda F\u00fczuli rayonundan olan mayor S\u0259f\u0259rov Elvin S\u0259rraf o\u011fu v\u0259 ki\u00e7ik mi\u00e7man Zalov F\u0259qan Amil o\u011flu (\u00f6l\u00fcm\u00fcnd\u0259n sonra)\u00a0 da var.Ax\u015fam.az<\/p>\n","protected":false},"author":2,"featured_media":251590,"comment_status":"closed","ping_status":"closed","sticky":false,"template":"","format":"standard","meta":{"om_disable_all_campaigns":false,"_monsterinsights_skip_tracking":false,"_monsterinsights_sitenote_active":false,"_monsterinsights_sitenote_note":"","_monsterinsights_sitenote_category":0},"categories":[19],"tags":[],"aioseo_notices":[],"gutentor_comment":0,"rttpg_featured_image_url":{"full":["https:\/\/arantv.az\/wp-content\/uploads\/2020\/12\/212428_kdjp04v099.jpg",1000,617,false],"landscape":["https:\/\/arantv.az\/wp-content\/uploads\/2020\/12\/212428_kdjp04v099.jpg",1000,617,false],"portraits":["https:\/\/arantv.az\/wp-content\/uploads\/2020\/12\/212428_kdjp04v099.jpg",1000,617,false],"thumbnail":["https:\/\/arantv.az\/wp-content\/uploads\/2020\/12\/212428_kdjp04v099-150x150.jpg",150,150,true],"medium":["https:\/\/arantv.az\/wp-content\/uploads\/2020\/12\/212428_kdjp04v099-300x185.jpg",300,185,true],"large":["https:\/\/arantv.az\/wp-content\/uploads\/2020\/12\/212428_kdjp04v099.jpg",640,395,false],"1536x1536":["https:\/\/arantv.az\/wp-content\/uploads\/2020\/12\/212428_kdjp04v099.jpg",1000,617,false],"2048x2048":["https:\/\/arantv.az\/wp-content\/uploads\/2020\/12\/212428_kdjp04v099.jpg",1000,617,false],"post-thumbnail":["https:\/\/arantv.az\/wp-content\/uploads\/2020\/12\/212428_kdjp04v099-240x172.jpg",240,172,true],"advps-thumb-one":["https:\/\/arantv.az\/wp-content\/uploads\/2020\/12\/212428_kdjp04v099.jpg",1000,617,false]},"rttpg_author":{"display_name":"V\u00fcsal Rafiqo\u011flu","author_link":"https:\/\/arantv.az\/?author=2"},"rttpg_comment":0,"rttpg_category":"<a href=\"https:\/\/arantv.az\/?cat=19\" rel=\"category\">G\u00fcnd\u0259m<\/a>","rttpg_excerpt":"X\u0259b\u0259r verdiyimiz kimi, Prezident \u0130lham \u018fliyev Az\u0259rbaycan Respublikas\u0131n\u0131n \u0259razi b\u00fct\u00f6vl\u00fcy\u00fcn\u00fcn b\u0259rpa edilm\u0259sind\u0259 x\u00fcsusi xidm\u0259tl\u0259rin\u0259 v\u0259 i\u015f\u011fal olunmu\u015f \u0259razil\u0259rin azad olunmas\u0131 zaman\u0131 d\u00fc\u015fm\u0259nin m\u0259hv edilm\u0259si \u00fczr\u0259 qar\u015f\u0131ya qoyulmu\u015f d\u00f6y\u00fc\u015f tap\u015f\u0131r\u0131\u011f\u0131n\u0131 yerin\u0259 yetir\u0259rk\u0259n g\u00f6st\u0259rdiyi q\u0259hr\u0259manl\u0131q n\u00fcmun\u0259sin\u0259 g\u00f6r\u0259, h\u0259m\u00e7inin h\u0259rbi qulluq v\u0259zif\u0259sini yerin\u0259 yetir\u0259rk\u0259n igidlik v\u0259 m\u0259rdlik n\u00fcmayi\u015f etdirmi\u015f Az\u0259rbaycan Respublikas\u0131 Silahl\u0131 Q\u00fcvv\u0259l\u0259rinin h\u0259rbi qulluq\u00e7ular\u0131na \u201cV\u0259t\u0259n M\u00fcharib\u0259si Q\u0259hr\u0259man\u0131\u201d&hellip;","_links":{"self":[{"href":"https:\/\/arantv.az\/index.php?rest_route=\/wp\/v2\/posts\/251589"}],"collection":[{"href":"https:\/\/arantv.az\/index.php?rest_route=\/wp\/v2\/posts"}],"about":[{"href":"https:\/\/arantv.az\/index.php?rest_route=\/wp\/v2\/types\/post"}],"author":[{"embeddable":true,"href":"https:\/\/arantv.az\/index.php?rest_route=\/wp\/v2\/users\/2"}],"replies":[{"embeddable":true,"href":"https:\/\/arantv.az\/index.php?rest_route=%2Fwp%2Fv2%2Fcomments&post=251589"}],"version-history":[{"count":0,"href":"https:\/\/arantv.az\/index.php?rest_route=\/wp\/v2\/posts\/251589\/revisions"}],"wp:featuredmedia":[{"embeddable":true,"href":"https:\/\/arantv.az\/index.php?rest_route=\/wp\/v2\/media\/251590"}],"wp:attachment":[{"href":"https:\/\/arantv.az\/index.php?rest_route=%2Fwp%2Fv2%2Fmedia&parent=251589"}],"wp:term":[{"taxonomy":"category","embeddable":true,"href":"https:\/\/arantv.az\/index.php?rest_route=%2Fwp%2Fv2%2Fcategories&post=251589"},{"taxonomy":"post_tag","embeddable":true,"href":"https:\/\/arantv.az\/index.php?rest_route=%2Fwp%2Fv2%2Ftags&post=251589"}],"curies":[{"name":"wp","href":"https:\/\/api.w.org\/{rel}","templated":true}]}}