{"id":251673,"date":"2020-12-10T16:04:56","date_gmt":"2020-12-10T13:04:56","guid":{"rendered":"http:\/\/arantv.az\/?p=251673"},"modified":"2020-12-10T16:04:56","modified_gmt":"2020-12-10T13:04:56","slug":"ucr%c9%99ngli-bayragimiz-az%c9%99rbaycan-s%c9%99masinda-video","status":"publish","type":"post","link":"https:\/\/arantv.az\/?p=251673","title":{"rendered":"\u00dc\u00e7r\u0259ngli bayra\u011f\u0131m\u0131z Az\u0259rbaycan s\u0259mas\u0131nda &#8211; V\u0130DEO"},"content":{"rendered":"<p>Bu g\u00fcn m\u00f6ht\u0259\u015f\u0259m q\u0259l\u0259b\u0259miz\u0259 h\u0259sr olunmu\u015f z\u0259f\u0259r parad\u0131 \u00e7\u0259r\u00e7iv\u0259sind\u0259 Azadl\u0131q meydan\u0131 \u00fcz\u0259rind\u0259 Az\u0259rbaycan H\u0259rbi Hava Q\u00fcvv\u0259l\u0259rin\u0259 m\u0259xsus d\u00f6y\u00fc\u015f t\u0259yyar\u0259l\u0259rinin v\u0259 helikopterl\u0259rin u\u00e7u\u015fu olub.<\/p>\n<p>\u201cQaraba\u011f\u201d ordenli polkovnik H\u0259s\u0259n \u018fl\u00f6vs\u0259tovun r\u0259hb\u0259rlik etdiyi \u201cM\u0130-17\u201d h\u0259rbi n\u0259qliyyat-desant helikopterl\u0259ri c\u00fctl\u00fcy\u00fc Az\u0259rbaycan v\u0259 T\u00fcrkiy\u0259 respublikalar\u0131n\u0131n d\u00f6vl\u0259t bayraqlar\u0131 il\u0259 Bak\u0131 buxtas\u0131n\u0131n \u00fcz\u0259rind\u0259n u\u00e7araq Z\u0259f\u0259r parad\u0131n\u0131n i\u015ftirak\u00e7\u0131lar\u0131n\u0131 salamlay\u0131b.<\/p>\n<p>Bunun ard\u0131nca V\u0259t\u0259n M\u00fcharib\u0259si Q\u0259hr\u0259man\u0131, polkovnik-leytenant R\u0259\u015fad Nadirovun ba\u015f\u00e7\u0131l\u0131\u011f\u0131 il\u0259 \u201cM\u0130-35\u201d h\u00fccum helikopterl\u0259ri qrupunun u\u00e7u\u015fu olub.<\/p>\n<article class=\"news\">\n<div class=\"news-inner\">\n<p>Polkovnik-leytenant R\u0259him Quluzad\u0259nin ba\u015f\u00e7\u0131l\u0131\u011f\u0131 il\u0259 \u201cLAHAT\u201d v\u0259 \u201cSPAYK\u201d uzunm\u0259nzilli raketl\u0259ri il\u0259 silahlanm\u0131\u015f \u201cM\u0130-17\u201d helikopterl\u0259rinin v\u0259 \u201cQaraba\u011f\u201d ordenli polkovnik Zaur R\u00fcst\u0259movun r\u0259hb\u0259rliyi il\u0259 \u201cM\u0130Q-29\u201d \u00e7oxm\u0259qs\u0259dli q\u0131r\u0131c\u0131 t\u0259yyar\u0259l\u0259r qruplar\u0131n\u0131n u\u00e7u\u015flar\u0131 da maraqla qar\u015f\u0131lan\u0131b.<\/p>\n<p>Z\u0259f\u0259r parad\u0131nda d\u00f6y\u00fc\u015f t\u0259yyar\u0259 v\u0259 helikopterl\u0259rinin \u00e7\u0131x\u0131\u015f\u0131n\u0131 m\u00fcasir silahlarla t\u0259chiz olunmu\u015f \u201cSu-25\u201d h\u00fccum v\u0259 hava d\u0259st\u0259k t\u0259yyar\u0259l\u0259r qrupu tamamlay\u0131b.<\/p>\n<p>V\u0259t\u0259n M\u00fcharib\u0259si Q\u0259hr\u0259man\u0131 general-mayor Namiq \u0130slamzad\u0259nin ba\u015f\u00e7\u0131l\u0131q etdiyi qrupun s\u0259mada Az\u0259rbaycan Respublikas\u0131n\u0131n d\u00f6vl\u0259t bayra\u011f\u0131n\u0131n t\u0259svirini yaratmas\u0131 \u00fc\u00e7r\u0259ngli \u015fanl\u0131 bayra\u011f\u0131m\u0131z\u0131n daim y\u00fcks\u0259kl\u0259rd\u0259 dal\u011falanaca\u011f\u0131n\u0131 t\u0259c\u0259ss\u00fcm etdirib.<\/p>\n<p>H\u0259min g\u00f6r\u00fcnt\u00fcl\u0259ri t\u0259qdim edirik:<\/p>\n<div><iframe loading=\"lazy\" src=\"https:\/\/www.youtube.com\/embed\/320agQItpgA\" width=\"560\" height=\"315\" frameborder=\"0\" allowfullscreen=\"allowfullscreen\" data-mce-fragment=\"1\"><\/iframe><\/div>\n<\/div>\n<\/article>\n<h2 class=\"news-share-title\"><\/h2>\n","protected":false},"excerpt":{"rendered":"<p>Bu g\u00fcn m\u00f6ht\u0259\u015f\u0259m q\u0259l\u0259b\u0259miz\u0259 h\u0259sr olunmu\u015f z\u0259f\u0259r parad\u0131 \u00e7\u0259r\u00e7iv\u0259sind\u0259 Azadl\u0131q meydan\u0131 \u00fcz\u0259rind\u0259 Az\u0259rbaycan H\u0259rbi Hava Q\u00fcvv\u0259l\u0259rin\u0259 m\u0259xsus d\u00f6y\u00fc\u015f t\u0259yyar\u0259l\u0259rinin v\u0259 helikopterl\u0259rin u\u00e7u\u015fu olub. \u201cQaraba\u011f\u201d ordenli polkovnik H\u0259s\u0259n \u018fl\u00f6vs\u0259tovun r\u0259hb\u0259rlik etdiyi \u201cM\u0130-17\u201d h\u0259rbi n\u0259qliyyat-desant helikopterl\u0259ri c\u00fctl\u00fcy\u00fc Az\u0259rbaycan v\u0259 T\u00fcrkiy\u0259 respublikalar\u0131n\u0131n d\u00f6vl\u0259t bayraqlar\u0131 il\u0259 Bak\u0131 buxtas\u0131n\u0131n \u00fcz\u0259rind\u0259n u\u00e7araq Z\u0259f\u0259r parad\u0131n\u0131n i\u015ftirak\u00e7\u0131lar\u0131n\u0131 salamlay\u0131b. Bunun ard\u0131nca V\u0259t\u0259n M\u00fcharib\u0259si Q\u0259hr\u0259man\u0131, polkovnik-leytenant R\u0259\u015fad Nadirovun ba\u015f\u00e7\u0131l\u0131\u011f\u0131 il\u0259 \u201cM\u0130-35\u201d h\u00fccum helikopterl\u0259ri qrupunun u\u00e7u\u015fu olub. Polkovnik-leytenant R\u0259him Quluzad\u0259nin ba\u015f\u00e7\u0131l\u0131\u011f\u0131 il\u0259 \u201cLAHAT\u201d v\u0259 \u201cSPAYK\u201d uzunm\u0259nzilli raketl\u0259ri il\u0259 silahlanm\u0131\u015f \u201cM\u0130-17\u201d helikopterl\u0259rinin v\u0259 \u201cQaraba\u011f\u201d ordenli polkovnik Zaur R\u00fcst\u0259movun r\u0259hb\u0259rliyi il\u0259 \u201cM\u0130Q-29\u201d \u00e7oxm\u0259qs\u0259dli&hellip;<\/p>\n","protected":false},"author":2,"featured_media":251674,"comment_status":"closed","ping_status":"closed","sticky":false,"template":"","format":"standard","meta":{"om_disable_all_campaigns":false,"_monsterinsights_skip_tracking":false,"_monsterinsights_sitenote_active":false,"_monsterinsights_sitenote_note":"","_monsterinsights_sitenote_category":0},"categories":[19],"tags":[],"aioseo_notices":[],"gutentor_comment":0,"rttpg_featured_image_url":{"full":["https:\/\/arantv.az\/wp-content\/uploads\/2020\/12\/s\u00c9_ma.jpg",620,412,false],"landscape":["https:\/\/arantv.az\/wp-content\/uploads\/2020\/12\/s\u00c9_ma.jpg",620,412,false],"portraits":["https:\/\/arantv.az\/wp-content\/uploads\/2020\/12\/s\u00c9_ma.jpg",620,412,false],"thumbnail":["https:\/\/arantv.az\/wp-content\/uploads\/2020\/12\/s\u00c9_ma-150x150.jpg",150,150,true],"medium":["https:\/\/arantv.az\/wp-content\/uploads\/2020\/12\/s\u00c9_ma-300x199.jpg",300,199,true],"large":["https:\/\/arantv.az\/wp-content\/uploads\/2020\/12\/s\u00c9_ma.jpg",620,412,false],"1536x1536":["https:\/\/arantv.az\/wp-content\/uploads\/2020\/12\/s\u00c9_ma.jpg",620,412,false],"2048x2048":["https:\/\/arantv.az\/wp-content\/uploads\/2020\/12\/s\u00c9_ma.jpg",620,412,false],"post-thumbnail":["https:\/\/arantv.az\/wp-content\/uploads\/2020\/12\/s\u00c9_ma-240x172.jpg",240,172,true],"advps-thumb-one":["https:\/\/arantv.az\/wp-content\/uploads\/2020\/12\/s\u00c9_ma.jpg",620,412,false]},"rttpg_author":{"display_name":"V\u00fcsal Rafiqo\u011flu","author_link":"https:\/\/arantv.az\/?author=2"},"rttpg_comment":0,"rttpg_category":"<a href=\"https:\/\/arantv.az\/?cat=19\" rel=\"category\">G\u00fcnd\u0259m<\/a>","rttpg_excerpt":"Bu g\u00fcn m\u00f6ht\u0259\u015f\u0259m q\u0259l\u0259b\u0259miz\u0259 h\u0259sr olunmu\u015f z\u0259f\u0259r parad\u0131 \u00e7\u0259r\u00e7iv\u0259sind\u0259 Azadl\u0131q meydan\u0131 \u00fcz\u0259rind\u0259 Az\u0259rbaycan H\u0259rbi Hava Q\u00fcvv\u0259l\u0259rin\u0259 m\u0259xsus d\u00f6y\u00fc\u015f t\u0259yyar\u0259l\u0259rinin v\u0259 helikopterl\u0259rin u\u00e7u\u015fu olub. \u201cQaraba\u011f\u201d ordenli polkovnik H\u0259s\u0259n \u018fl\u00f6vs\u0259tovun r\u0259hb\u0259rlik etdiyi \u201cM\u0130-17\u201d h\u0259rbi n\u0259qliyyat-desant helikopterl\u0259ri c\u00fctl\u00fcy\u00fc Az\u0259rbaycan v\u0259 T\u00fcrkiy\u0259 respublikalar\u0131n\u0131n d\u00f6vl\u0259t bayraqlar\u0131 il\u0259 Bak\u0131 buxtas\u0131n\u0131n \u00fcz\u0259rind\u0259n u\u00e7araq Z\u0259f\u0259r parad\u0131n\u0131n i\u015ftirak\u00e7\u0131lar\u0131n\u0131 salamlay\u0131b. Bunun ard\u0131nca V\u0259t\u0259n M\u00fcharib\u0259si Q\u0259hr\u0259man\u0131,&hellip;","_links":{"self":[{"href":"https:\/\/arantv.az\/index.php?rest_route=\/wp\/v2\/posts\/251673"}],"collection":[{"href":"https:\/\/arantv.az\/index.php?rest_route=\/wp\/v2\/posts"}],"about":[{"href":"https:\/\/arantv.az\/index.php?rest_route=\/wp\/v2\/types\/post"}],"author":[{"embeddable":true,"href":"https:\/\/arantv.az\/index.php?rest_route=\/wp\/v2\/users\/2"}],"replies":[{"embeddable":true,"href":"https:\/\/arantv.az\/index.php?rest_route=%2Fwp%2Fv2%2Fcomments&post=251673"}],"version-history":[{"count":0,"href":"https:\/\/arantv.az\/index.php?rest_route=\/wp\/v2\/posts\/251673\/revisions"}],"wp:featuredmedia":[{"embeddable":true,"href":"https:\/\/arantv.az\/index.php?rest_route=\/wp\/v2\/media\/251674"}],"wp:attachment":[{"href":"https:\/\/arantv.az\/index.php?rest_route=%2Fwp%2Fv2%2Fmedia&parent=251673"}],"wp:term":[{"taxonomy":"category","embeddable":true,"href":"https:\/\/arantv.az\/index.php?rest_route=%2Fwp%2Fv2%2Fcategories&post=251673"},{"taxonomy":"post_tag","embeddable":true,"href":"https:\/\/arantv.az\/index.php?rest_route=%2Fwp%2Fv2%2Ftags&post=251673"}],"curies":[{"name":"wp","href":"https:\/\/api.w.org\/{rel}","templated":true}]}}