{"id":25168,"date":"2018-11-27T08:30:36","date_gmt":"2018-11-27T05:30:36","guid":{"rendered":"http:\/\/arantv.az\/?p=25168"},"modified":"2018-11-27T08:30:36","modified_gmt":"2018-11-27T05:30:36","slug":"bakida-partlayis-2-n%c9%99f%c9%99r-x%c9%99st%c9%99xanaya-yerl%c9%99sdirildi","status":"publish","type":"post","link":"https:\/\/arantv.az\/?p=25168","title":{"rendered":"Bak\u0131da PARTLAYI\u015e: 2 n\u0259f\u0259r x\u0259st\u0259xanaya yerl\u0259\u015fdirildi"},"content":{"rendered":"<p><strong>Bak\u0131da f\u0259rdi ya\u015fay\u0131\u015f evind\u0259 partlay\u0131\u015f olub.<\/strong><\/p>\n<p><strong>ARANTV.AZ<\/strong> trend-\u0259 istinad\u0259n x\u0259b\u0259r verir ki, hadis\u0259 paytaxt\u0131n Yasamal rayonu \u0259razisind\u0259 ba\u015f verib.<\/p>\n<p>Gec\u0259 saatlar\u0131nda 2-ci Alatava q\u0259s\u0259b\u0259si, 2 sayl\u0131 evd\u0259 qaz s\u0131zmas\u0131 n\u0259tic\u0259sind\u0259 partlay\u0131\u015f ba\u015f verib.<\/p>\n<p>Hadis\u0259 n\u0259tic\u0259sind\u0259 evd\u0259 kiray\u0259d\u0259 ya\u015fayan C\u0259lilabad rayon sakinl\u0259ri \u0130smay\u0131lov Yas\u0259r Xanh\u00fcseyn o\u011flu v\u0259 \u0130smay\u0131lova Z\u0259min\u0259 Yusif q\u0131z\u0131 a\u011f\u0131r x\u0259sar\u0259tl\u0259rl\u0259 x\u0259st\u0259xanaya yerl\u0259\u015fdirilib.<\/p>\n<p>Hadis\u0259 n\u0259tic\u0259sind\u0259 evin dam \u00f6rt\u00fcy\u00fc yarars\u0131z hala d\u00fc\u015f\u00fcb.<\/p>\n<p>Faktla ba\u011fl\u0131 ara\u015fd\u0131rma apar\u0131l\u0131r.<\/p>\n","protected":false},"excerpt":{"rendered":"<p>Bak\u0131da f\u0259rdi ya\u015fay\u0131\u015f evind\u0259 partlay\u0131\u015f olub. ARANTV.AZ trend-\u0259 istinad\u0259n x\u0259b\u0259r verir ki, hadis\u0259 paytaxt\u0131n Yasamal rayonu \u0259razisind\u0259 ba\u015f verib. Gec\u0259 saatlar\u0131nda 2-ci Alatava q\u0259s\u0259b\u0259si, 2 sayl\u0131 evd\u0259 qaz s\u0131zmas\u0131 n\u0259tic\u0259sind\u0259 partlay\u0131\u015f ba\u015f verib. Hadis\u0259 n\u0259tic\u0259sind\u0259 evd\u0259 kiray\u0259d\u0259 ya\u015fayan C\u0259lilabad rayon sakinl\u0259ri \u0130smay\u0131lov Yas\u0259r Xanh\u00fcseyn o\u011flu v\u0259 \u0130smay\u0131lova Z\u0259min\u0259 Yusif q\u0131z\u0131 a\u011f\u0131r x\u0259sar\u0259tl\u0259rl\u0259 x\u0259st\u0259xanaya yerl\u0259\u015fdirilib. Hadis\u0259 n\u0259tic\u0259sind\u0259 evin dam \u00f6rt\u00fcy\u00fc yarars\u0131z hala d\u00fc\u015f\u00fcb. Faktla ba\u011fl\u0131 ara\u015fd\u0131rma apar\u0131l\u0131r.<\/p>\n","protected":false},"author":2,"featured_media":25169,"comment_status":"closed","ping_status":"closed","sticky":false,"template":"","format":"standard","meta":{"om_disable_all_campaigns":false,"_monsterinsights_skip_tracking":false,"_monsterinsights_sitenote_active":false,"_monsterinsights_sitenote_note":"","_monsterinsights_sitenote_category":0},"categories":[5],"tags":[],"aioseo_notices":[],"gutentor_comment":0,"rttpg_featured_image_url":{"full":["https:\/\/arantv.az\/wp-content\/uploads\/2018\/11\/tecili_yardim_05-5.jpg",482,361,false],"landscape":["https:\/\/arantv.az\/wp-content\/uploads\/2018\/11\/tecili_yardim_05-5.jpg",482,361,false],"portraits":["https:\/\/arantv.az\/wp-content\/uploads\/2018\/11\/tecili_yardim_05-5.jpg",482,361,false],"thumbnail":["https:\/\/arantv.az\/wp-content\/uploads\/2018\/11\/tecili_yardim_05-5-150x150.jpg",150,150,true],"medium":["https:\/\/arantv.az\/wp-content\/uploads\/2018\/11\/tecili_yardim_05-5-300x225.jpg",300,225,true],"large":["https:\/\/arantv.az\/wp-content\/uploads\/2018\/11\/tecili_yardim_05-5.jpg",482,361,false],"1536x1536":["https:\/\/arantv.az\/wp-content\/uploads\/2018\/11\/tecili_yardim_05-5.jpg",482,361,false],"2048x2048":["https:\/\/arantv.az\/wp-content\/uploads\/2018\/11\/tecili_yardim_05-5.jpg",482,361,false],"post-thumbnail":["https:\/\/arantv.az\/wp-content\/uploads\/2018\/11\/tecili_yardim_05-5-240x172.jpg",240,172,true],"advps-thumb-one":["https:\/\/arantv.az\/wp-content\/uploads\/2018\/11\/tecili_yardim_05-5.jpg",482,361,false]},"rttpg_author":{"display_name":"V\u00fcsal Rafiqo\u011flu","author_link":"https:\/\/arantv.az\/?author=2"},"rttpg_comment":0,"rttpg_category":"<a href=\"https:\/\/arantv.az\/?cat=5\" rel=\"category\">Hadis\u0259<\/a>","rttpg_excerpt":"Bak\u0131da f\u0259rdi ya\u015fay\u0131\u015f evind\u0259 partlay\u0131\u015f olub. ARANTV.AZ trend-\u0259 istinad\u0259n x\u0259b\u0259r verir ki, hadis\u0259 paytaxt\u0131n Yasamal rayonu \u0259razisind\u0259 ba\u015f verib. Gec\u0259 saatlar\u0131nda 2-ci Alatava q\u0259s\u0259b\u0259si, 2 sayl\u0131 evd\u0259 qaz s\u0131zmas\u0131 n\u0259tic\u0259sind\u0259 partlay\u0131\u015f ba\u015f verib. Hadis\u0259 n\u0259tic\u0259sind\u0259 evd\u0259 kiray\u0259d\u0259 ya\u015fayan C\u0259lilabad rayon sakinl\u0259ri \u0130smay\u0131lov Yas\u0259r Xanh\u00fcseyn o\u011flu v\u0259 \u0130smay\u0131lova Z\u0259min\u0259 Yusif q\u0131z\u0131 a\u011f\u0131r x\u0259sar\u0259tl\u0259rl\u0259 x\u0259st\u0259xanaya yerl\u0259\u015fdirilib. Hadis\u0259&hellip;","_links":{"self":[{"href":"https:\/\/arantv.az\/index.php?rest_route=\/wp\/v2\/posts\/25168"}],"collection":[{"href":"https:\/\/arantv.az\/index.php?rest_route=\/wp\/v2\/posts"}],"about":[{"href":"https:\/\/arantv.az\/index.php?rest_route=\/wp\/v2\/types\/post"}],"author":[{"embeddable":true,"href":"https:\/\/arantv.az\/index.php?rest_route=\/wp\/v2\/users\/2"}],"replies":[{"embeddable":true,"href":"https:\/\/arantv.az\/index.php?rest_route=%2Fwp%2Fv2%2Fcomments&post=25168"}],"version-history":[{"count":0,"href":"https:\/\/arantv.az\/index.php?rest_route=\/wp\/v2\/posts\/25168\/revisions"}],"wp:featuredmedia":[{"embeddable":true,"href":"https:\/\/arantv.az\/index.php?rest_route=\/wp\/v2\/media\/25169"}],"wp:attachment":[{"href":"https:\/\/arantv.az\/index.php?rest_route=%2Fwp%2Fv2%2Fmedia&parent=25168"}],"wp:term":[{"taxonomy":"category","embeddable":true,"href":"https:\/\/arantv.az\/index.php?rest_route=%2Fwp%2Fv2%2Fcategories&post=25168"},{"taxonomy":"post_tag","embeddable":true,"href":"https:\/\/arantv.az\/index.php?rest_route=%2Fwp%2Fv2%2Ftags&post=25168"}],"curies":[{"name":"wp","href":"https:\/\/api.w.org\/{rel}","templated":true}]}}