{"id":251690,"date":"2020-12-10T19:46:21","date_gmt":"2020-12-10T16:46:21","guid":{"rendered":"http:\/\/arantv.az\/?p=251690"},"modified":"2020-12-10T19:46:21","modified_gmt":"2020-12-10T16:46:21","slug":"mariya-zaxarova-az%c9%99rbaycan-v%c9%99-erm%c9%99nistan-c%c9%99miyy%c9%99tl%c9%99ri-arasinda-dialoq-imkanlarini-s%c9%99rh-edib-video","status":"publish","type":"post","link":"https:\/\/arantv.az\/?p=251690","title":{"rendered":"Mariya Zaxarova Az\u0259rbaycan v\u0259 Erm\u0259nistan c\u0259miyy\u0259tl\u0259ri aras\u0131nda dialoq imkanlar\u0131n\u0131 \u015f\u0259rh edib &#8211; V\u0130DEO"},"content":{"rendered":"<article class=\"news\">\n<div class=\"news-inner\">\n<p>Rusiya Xarici \u0130\u015fl\u0259r Nazirliyinin m\u0259tbuat katibi Mariya Zaxarova ikinci Qaraba\u011f m\u00fcharib\u0259si bitdikd\u0259n sonra Az\u0259rbaycanla Erm\u0259nistan aras\u0131nda \u0259laq\u0259l\u0259rin qurulmas\u0131 imkanlar\u0131n\u0131 \u015f\u0259rh edib.<\/p>\n<div id=\"AdviadNativeVideo0\" class=\"AdviadNativeVideo\"><\/div>\n<p>\u201c\u0130ki xalq\u0131n h\u0259m Az\u0259rbaycan \u0259razisind\u0259, h\u0259m d\u0259 Erm\u0259nistan \u0259razisind\u0259 birg\u0259 ya\u015fay\u0131\u015f t\u0259cr\u00fcb\u0259si var &#8211; birlikd\u0259 \u00e7al\u0131\u015f\u0131b, dost olub, ail\u0259l\u0259r yarad\u0131blar. \u0130ndi Rusiyan\u0131n vasit\u0259\u00e7ilik s\u0259yl\u0259ri say\u0259sind\u0259 qan t\u00f6k\u00fclm\u0259si dayand\u0131r\u0131ld\u0131, qa\u00e7q\u0131nlar\u0131n v\u0259 m\u0259cburi k\u00f6\u00e7k\u00fcnl\u0259rin geri qay\u0131tmas\u0131, n\u0259qliyyat v\u0259 iqtisadi kommunikasiyalar\u0131n blokdan \u00e7\u0131xar\u0131lmas\u0131 bar\u0259d\u0259 raz\u0131l\u0131q \u0259ld\u0259 edildi, Az\u0259rbaycan v\u0259 Erm\u0259nistan\u0131n m\u00fclki infrastrukturun b\u0259rpas\u0131nda, \u0259halinin normal h\u0259yat f\u0259aliyy\u0259ti \u015f\u0259rtl\u0259rinin formala\u015fd\u0131r\u0131lmas\u0131na \u015f\u0259rait yarad\u0131lmas\u0131nda k\u00f6m\u0259k ed\u0259c\u0259k humanitar m\u0259rk\u0259z yarad\u0131ld\u0131.<\/p>\n<p>Bel\u0259likl\u0259, xalqlar aras\u0131nda dialoqun qurulmas\u0131 \u00fc\u00e7\u00fcn \u015f\u0259rait yarad\u0131l\u0131r v\u0259 bu dialoq fikir ayr\u0131l\u0131qlar\u0131n\u0131n gerid\u0259 burax\u0131lmas\u0131 \u00fc\u00e7\u00fcn yegan\u0259 yoldur. Fikrimizc\u0259, regionun m\u00fcxt\u0259lif ticar\u0259t v\u0259 iqtisadi imkanlar\u0131n\u0131n sinerjisin\u0259 y\u00f6n\u0259lm\u0259k laz\u0131md\u0131r v\u0259 g\u00fcnd\u0259m\u0259 i\u015f adamlar\u0131, elm adamlar\u0131 v\u0259 \u00fcmumiyy\u0259tl\u0259 v\u0259t\u0259nda\u015f c\u0259miyy\u0259ti n\u00fcmay\u0259nd\u0259l\u0259ri aras\u0131nda \u0259laq\u0259l\u0259rin qurulmas\u0131 daxil edilm\u0259lidir\u201d, &#8211; dey\u0259 M.Zaxarova bildirib.<\/p>\n<div><iframe loading=\"lazy\" src=\"https:\/\/player.baku.tv\/embed\/30014\" width=\"560\" height=\"315\" frameborder=\"0\" allowfullscreen=\"allowfullscreen\" data-mce-fragment=\"1\"><\/iframe><\/div>\n<\/div>\n<\/article>\n<h2 class=\"news-share-title\"><\/h2>\n","protected":false},"excerpt":{"rendered":"<p>Rusiya Xarici \u0130\u015fl\u0259r Nazirliyinin m\u0259tbuat katibi Mariya Zaxarova ikinci Qaraba\u011f m\u00fcharib\u0259si bitdikd\u0259n sonra Az\u0259rbaycanla Erm\u0259nistan aras\u0131nda \u0259laq\u0259l\u0259rin qurulmas\u0131 imkanlar\u0131n\u0131 \u015f\u0259rh edib. \u201c\u0130ki xalq\u0131n h\u0259m Az\u0259rbaycan \u0259razisind\u0259, h\u0259m d\u0259 Erm\u0259nistan \u0259razisind\u0259 birg\u0259 ya\u015fay\u0131\u015f t\u0259cr\u00fcb\u0259si var &#8211; birlikd\u0259 \u00e7al\u0131\u015f\u0131b, dost olub, ail\u0259l\u0259r yarad\u0131blar. \u0130ndi Rusiyan\u0131n vasit\u0259\u00e7ilik s\u0259yl\u0259ri say\u0259sind\u0259 qan t\u00f6k\u00fclm\u0259si dayand\u0131r\u0131ld\u0131, qa\u00e7q\u0131nlar\u0131n v\u0259 m\u0259cburi k\u00f6\u00e7k\u00fcnl\u0259rin geri qay\u0131tmas\u0131, n\u0259qliyyat v\u0259 iqtisadi kommunikasiyalar\u0131n blokdan \u00e7\u0131xar\u0131lmas\u0131 bar\u0259d\u0259 raz\u0131l\u0131q \u0259ld\u0259 edildi, Az\u0259rbaycan v\u0259 Erm\u0259nistan\u0131n m\u00fclki infrastrukturun b\u0259rpas\u0131nda, \u0259halinin normal h\u0259yat f\u0259aliyy\u0259ti \u015f\u0259rtl\u0259rinin formala\u015fd\u0131r\u0131lmas\u0131na \u015f\u0259rait yarad\u0131lmas\u0131nda k\u00f6m\u0259k ed\u0259c\u0259k humanitar m\u0259rk\u0259z yarad\u0131ld\u0131. Bel\u0259likl\u0259, xalqlar aras\u0131nda dialoqun qurulmas\u0131 \u00fc\u00e7\u00fcn&hellip;<\/p>\n","protected":false},"author":2,"featured_media":251691,"comment_status":"closed","ping_status":"closed","sticky":false,"template":"","format":"standard","meta":{"om_disable_all_campaigns":false,"_monsterinsights_skip_tracking":false,"_monsterinsights_sitenote_active":false,"_monsterinsights_sitenote_note":"","_monsterinsights_sitenote_category":0},"categories":[4],"tags":[],"aioseo_notices":[],"gutentor_comment":0,"rttpg_featured_image_url":{"full":["https:\/\/arantv.az\/wp-content\/uploads\/2020\/12\/e3c9003dd343a6ef396aa71fbb3e43b81bd7fe3d.jpg",620,349,false],"landscape":["https:\/\/arantv.az\/wp-content\/uploads\/2020\/12\/e3c9003dd343a6ef396aa71fbb3e43b81bd7fe3d.jpg",620,349,false],"portraits":["https:\/\/arantv.az\/wp-content\/uploads\/2020\/12\/e3c9003dd343a6ef396aa71fbb3e43b81bd7fe3d.jpg",620,349,false],"thumbnail":["https:\/\/arantv.az\/wp-content\/uploads\/2020\/12\/e3c9003dd343a6ef396aa71fbb3e43b81bd7fe3d-150x150.jpg",150,150,true],"medium":["https:\/\/arantv.az\/wp-content\/uploads\/2020\/12\/e3c9003dd343a6ef396aa71fbb3e43b81bd7fe3d-300x169.jpg",300,169,true],"large":["https:\/\/arantv.az\/wp-content\/uploads\/2020\/12\/e3c9003dd343a6ef396aa71fbb3e43b81bd7fe3d.jpg",620,349,false],"1536x1536":["https:\/\/arantv.az\/wp-content\/uploads\/2020\/12\/e3c9003dd343a6ef396aa71fbb3e43b81bd7fe3d.jpg",620,349,false],"2048x2048":["https:\/\/arantv.az\/wp-content\/uploads\/2020\/12\/e3c9003dd343a6ef396aa71fbb3e43b81bd7fe3d.jpg",620,349,false],"post-thumbnail":["https:\/\/arantv.az\/wp-content\/uploads\/2020\/12\/e3c9003dd343a6ef396aa71fbb3e43b81bd7fe3d-240x172.jpg",240,172,true],"advps-thumb-one":["https:\/\/arantv.az\/wp-content\/uploads\/2020\/12\/e3c9003dd343a6ef396aa71fbb3e43b81bd7fe3d.jpg",620,349,false]},"rttpg_author":{"display_name":"V\u00fcsal Rafiqo\u011flu","author_link":"https:\/\/arantv.az\/?author=2"},"rttpg_comment":0,"rttpg_category":"<a href=\"https:\/\/arantv.az\/?cat=4\" rel=\"category\">Siyas\u0259t<\/a>","rttpg_excerpt":"Rusiya Xarici \u0130\u015fl\u0259r Nazirliyinin m\u0259tbuat katibi Mariya Zaxarova ikinci Qaraba\u011f m\u00fcharib\u0259si bitdikd\u0259n sonra Az\u0259rbaycanla Erm\u0259nistan aras\u0131nda \u0259laq\u0259l\u0259rin qurulmas\u0131 imkanlar\u0131n\u0131 \u015f\u0259rh edib. \u201c\u0130ki xalq\u0131n h\u0259m Az\u0259rbaycan \u0259razisind\u0259, h\u0259m d\u0259 Erm\u0259nistan \u0259razisind\u0259 birg\u0259 ya\u015fay\u0131\u015f t\u0259cr\u00fcb\u0259si var &#8211; birlikd\u0259 \u00e7al\u0131\u015f\u0131b, dost olub, ail\u0259l\u0259r yarad\u0131blar. \u0130ndi Rusiyan\u0131n vasit\u0259\u00e7ilik s\u0259yl\u0259ri say\u0259sind\u0259 qan t\u00f6k\u00fclm\u0259si dayand\u0131r\u0131ld\u0131, qa\u00e7q\u0131nlar\u0131n v\u0259 m\u0259cburi k\u00f6\u00e7k\u00fcnl\u0259rin geri qay\u0131tmas\u0131,&hellip;","_links":{"self":[{"href":"https:\/\/arantv.az\/index.php?rest_route=\/wp\/v2\/posts\/251690"}],"collection":[{"href":"https:\/\/arantv.az\/index.php?rest_route=\/wp\/v2\/posts"}],"about":[{"href":"https:\/\/arantv.az\/index.php?rest_route=\/wp\/v2\/types\/post"}],"author":[{"embeddable":true,"href":"https:\/\/arantv.az\/index.php?rest_route=\/wp\/v2\/users\/2"}],"replies":[{"embeddable":true,"href":"https:\/\/arantv.az\/index.php?rest_route=%2Fwp%2Fv2%2Fcomments&post=251690"}],"version-history":[{"count":0,"href":"https:\/\/arantv.az\/index.php?rest_route=\/wp\/v2\/posts\/251690\/revisions"}],"wp:featuredmedia":[{"embeddable":true,"href":"https:\/\/arantv.az\/index.php?rest_route=\/wp\/v2\/media\/251691"}],"wp:attachment":[{"href":"https:\/\/arantv.az\/index.php?rest_route=%2Fwp%2Fv2%2Fmedia&parent=251690"}],"wp:term":[{"taxonomy":"category","embeddable":true,"href":"https:\/\/arantv.az\/index.php?rest_route=%2Fwp%2Fv2%2Fcategories&post=251690"},{"taxonomy":"post_tag","embeddable":true,"href":"https:\/\/arantv.az\/index.php?rest_route=%2Fwp%2Fv2%2Ftags&post=251690"}],"curies":[{"name":"wp","href":"https:\/\/api.w.org\/{rel}","templated":true}]}}