{"id":251694,"date":"2020-12-10T19:47:19","date_gmt":"2020-12-10T16:47:19","guid":{"rendered":"http:\/\/arantv.az\/?p=251694"},"modified":"2020-12-10T19:47:19","modified_gmt":"2020-12-10T16:47:19","slug":"turkiy%c9%99-prezidenti-qardaslarimiz-bir-addim-atdilar-v%c9%99-ondan-sonra-is-getm%c9%99y%c9%99-basladi","status":"publish","type":"post","link":"https:\/\/arantv.az\/?p=251694","title":{"rendered":"T\u00fcrkiy\u0259 Prezidenti: \u201cQarda\u015flar\u0131m\u0131z bir add\u0131m atd\u0131lar v\u0259 ondan sonra i\u015f getm\u0259y\u0259 ba\u015flad\u0131\u201d"},"content":{"rendered":"<p>\u201cBu z\u0259f\u0259rin, ba\u015fda bu i\u015fin liderliyini ed\u0259n qarda\u015f\u0131ma, onun \u015f\u0259xsind\u0259 Az\u0259rbaycan t\u00fcrk\u00fc qarda\u015flar\u0131ma m\u00fcbar\u0259k olmas\u0131n\u0131 dil\u0259yir\u0259m\u201d.<\/p>\n<p><strong>ARANTV.AZ\u00a0\u00a0<\/strong>x\u0259b\u0259r verir ki, bu s\u00f6zl\u0259ri bu g\u00fcn T\u00fcrkiy\u0259 v\u0259 Az\u0259rbaycan aras\u0131nda s\u0259n\u0259dl\u0259rin imzalanmas\u0131 m\u0259rasimind\u0259n sonra T\u00fcrkiy\u0259 Prezidenti R\u0259c\u0259b Tayyib \u018frdo\u011fan bildirib.<\/p>\n<div id=\"AdviadNativeVideo0\" class=\"AdviadNativeVideo\"><\/div>\n<p>\u201cH\u0259qiq\u0259t\u0259n 44 g\u00fcnl\u00fck bir sava\u015fdan sonra ortaya \u00e7\u0131xan n\u0259tic\u0259 Az\u0259rbaycandak\u0131 qarda\u015flar\u0131m\u0131z\u0131 nec\u0259 sevindiribs\u0259, T\u00fcrkiy\u0259d\u0259ki qarda\u015flar\u0131n\u0131 da el\u0259 sevindirib. \u0130st\u0259r h\u00f6kum\u0259timiz, ist\u0259rs\u0259 d\u0259 bu m\u0259qamda parlamentin b\u00f6y\u00fck bir qismi olaraq bu sevinci b\u0259rab\u0259r ya\u015fad\u0131q. Buna m\u0259tbuat\u0131n da b\u00f6y\u00fck bir qismi qat\u0131ld\u0131.<\/p>\n<p>R\u0259bbim bundan sonrak\u0131\u00a0prosesi, in\u015fallah, u\u011furlarla dolu olaraq davam etdirm\u0259yi d\u0259 n\u0259sib etsin. 30 il n\u0259y\u0259 g\u00f6r\u0259 Qaraba\u011fda bu \u0259zablar \u00e7\u0259kdirildi? Bu Minsk Qrupu deyil\u0259n \u00fc\u00e7l\u00fcy\u00fcn v\u0259zif\u0259si n\u0259 idi? Niy\u0259 bu q\u0259d\u0259r yuband\u0131lar? Bunu n\u0259tic\u0259y\u0259 qovu\u015fdurard\u0131lar. Daha sonra daha m\u00fcsb\u0259t mesajlar g\u0259lm\u0259y\u0259 ba\u015flad\u0131. \u018flb\u0259tt\u0259\u00a0bunlar\u0131n \u00f6n\u00fcnd\u0259 d\u0259 Fransa vard\u0131. Davaml\u0131 \u015f\u0259kild\u0259 qarda\u015f\u0131ma z\u0259ng edirdil\u0259r. Ondan n\u0259tic\u0259l\u0259r \u0259ld\u0259 etm\u0259y\u0259 \u00e7al\u0131\u015f\u0131rd\u0131. Zaman-zaman bizl\u0259 d\u0259 \u0259laq\u0259 yaratmaq ist\u0259s\u0259l\u0259r d\u0259, biz buna d\u00f6nm\u0259dik. \u00c7\u00fcnki bilirdik ki, d\u0259rdl\u0259ri ba\u015fqad\u0131r. X\u00fcsus\u0259n qarda\u015flar\u0131m\u0131z \u00f6z g\u00f6b\u0259yimizi \u00f6z\u00fcm\u00fcz k\u0259s\u0259c\u0259yik dedil\u0259r, add\u0131m atd\u0131lar. Add\u0131m at\u0131ld\u0131qdan sonra i\u015f getm\u0259y\u0259 ba\u015flad\u0131. Ondan sonra biz c\u0259nab V.Putinl\u0259 g\u00f6r\u00fc\u015fl\u0259r ke\u00e7irdik. X\u00fcsus\u0259n k\u0259\u015ffiyyat, m\u00fcdafi\u0259 m\u00fcst\u0259visi \u00fcz\u0259rind\u0259 dan\u0131\u015f\u0131qlar apar\u0131ld\u0131. M\u0259n burada c\u0259nab V.Putinin yana\u015fmas\u0131n\u0131 bir k\u0259nara qoya bilm\u0259r\u0259m. Onun m\u00fcsb\u0259t yana\u015fmalar\u0131 bu prosesd\u0259 effektli oldu.<\/p>\n<p>Bu arada yen\u0259 qarda\u015f\u0131m\u0131n ifad\u0259 etdiyi kimi platforma m\u0259s\u0259l\u0259sin\u0259 m\u0259n d\u0259 \u0259h\u0259miyy\u0259t verir\u0259m. Rusiya, T\u00fcrkiy\u0259, Az\u0259rbaycan, \u0130ran, G\u00fcrc\u00fcstan, \u0259g\u0259r q\u0259bul ed\u0259rs\u0259, Erm\u0259nistan bu platforman\u0131n daxilind\u0259 yer ala bil\u0259r\u201d.Oxu.Az<\/p>\n","protected":false},"excerpt":{"rendered":"<p>\u201cBu z\u0259f\u0259rin, ba\u015fda bu i\u015fin liderliyini ed\u0259n qarda\u015f\u0131ma, onun \u015f\u0259xsind\u0259 Az\u0259rbaycan t\u00fcrk\u00fc qarda\u015flar\u0131ma m\u00fcbar\u0259k olmas\u0131n\u0131 dil\u0259yir\u0259m\u201d. ARANTV.AZ\u00a0\u00a0x\u0259b\u0259r verir ki, bu s\u00f6zl\u0259ri bu g\u00fcn T\u00fcrkiy\u0259 v\u0259 Az\u0259rbaycan aras\u0131nda s\u0259n\u0259dl\u0259rin imzalanmas\u0131 m\u0259rasimind\u0259n sonra T\u00fcrkiy\u0259 Prezidenti R\u0259c\u0259b Tayyib \u018frdo\u011fan bildirib. \u201cH\u0259qiq\u0259t\u0259n 44 g\u00fcnl\u00fck bir sava\u015fdan sonra ortaya \u00e7\u0131xan n\u0259tic\u0259 Az\u0259rbaycandak\u0131 qarda\u015flar\u0131m\u0131z\u0131 nec\u0259 sevindiribs\u0259, T\u00fcrkiy\u0259d\u0259ki qarda\u015flar\u0131n\u0131 da el\u0259 sevindirib. \u0130st\u0259r h\u00f6kum\u0259timiz, ist\u0259rs\u0259 d\u0259 bu m\u0259qamda parlamentin b\u00f6y\u00fck bir qismi olaraq bu sevinci b\u0259rab\u0259r ya\u015fad\u0131q. Buna m\u0259tbuat\u0131n da b\u00f6y\u00fck bir qismi qat\u0131ld\u0131. R\u0259bbim bundan sonrak\u0131\u00a0prosesi, in\u015fallah, u\u011furlarla dolu olaraq davam etdirm\u0259yi d\u0259 n\u0259sib etsin. 30&hellip;<\/p>\n","protected":false},"author":2,"featured_media":251695,"comment_status":"closed","ping_status":"closed","sticky":false,"template":"","format":"standard","meta":{"om_disable_all_campaigns":false,"_monsterinsights_skip_tracking":false,"_monsterinsights_sitenote_active":false,"_monsterinsights_sitenote_note":"","_monsterinsights_sitenote_category":0},"categories":[4],"tags":[],"aioseo_notices":[],"gutentor_comment":0,"rttpg_featured_image_url":{"full":["https:\/\/arantv.az\/wp-content\/uploads\/2020\/12\/3247c129-dd77-3434-b2b0-6f7982f390d8_850.jpg",620,387,false],"landscape":["https:\/\/arantv.az\/wp-content\/uploads\/2020\/12\/3247c129-dd77-3434-b2b0-6f7982f390d8_850.jpg",620,387,false],"portraits":["https:\/\/arantv.az\/wp-content\/uploads\/2020\/12\/3247c129-dd77-3434-b2b0-6f7982f390d8_850.jpg",620,387,false],"thumbnail":["https:\/\/arantv.az\/wp-content\/uploads\/2020\/12\/3247c129-dd77-3434-b2b0-6f7982f390d8_850-150x150.jpg",150,150,true],"medium":["https:\/\/arantv.az\/wp-content\/uploads\/2020\/12\/3247c129-dd77-3434-b2b0-6f7982f390d8_850-300x187.jpg",300,187,true],"large":["https:\/\/arantv.az\/wp-content\/uploads\/2020\/12\/3247c129-dd77-3434-b2b0-6f7982f390d8_850.jpg",620,387,false],"1536x1536":["https:\/\/arantv.az\/wp-content\/uploads\/2020\/12\/3247c129-dd77-3434-b2b0-6f7982f390d8_850.jpg",620,387,false],"2048x2048":["https:\/\/arantv.az\/wp-content\/uploads\/2020\/12\/3247c129-dd77-3434-b2b0-6f7982f390d8_850.jpg",620,387,false],"post-thumbnail":["https:\/\/arantv.az\/wp-content\/uploads\/2020\/12\/3247c129-dd77-3434-b2b0-6f7982f390d8_850-240x172.jpg",240,172,true],"advps-thumb-one":["https:\/\/arantv.az\/wp-content\/uploads\/2020\/12\/3247c129-dd77-3434-b2b0-6f7982f390d8_850.jpg",620,387,false]},"rttpg_author":{"display_name":"V\u00fcsal Rafiqo\u011flu","author_link":"https:\/\/arantv.az\/?author=2"},"rttpg_comment":0,"rttpg_category":"<a href=\"https:\/\/arantv.az\/?cat=4\" rel=\"category\">Siyas\u0259t<\/a>","rttpg_excerpt":"\u201cBu z\u0259f\u0259rin, ba\u015fda bu i\u015fin liderliyini ed\u0259n qarda\u015f\u0131ma, onun \u015f\u0259xsind\u0259 Az\u0259rbaycan t\u00fcrk\u00fc qarda\u015flar\u0131ma m\u00fcbar\u0259k olmas\u0131n\u0131 dil\u0259yir\u0259m\u201d. ARANTV.AZ\u00a0\u00a0x\u0259b\u0259r verir ki, bu s\u00f6zl\u0259ri bu g\u00fcn T\u00fcrkiy\u0259 v\u0259 Az\u0259rbaycan aras\u0131nda s\u0259n\u0259dl\u0259rin imzalanmas\u0131 m\u0259rasimind\u0259n sonra T\u00fcrkiy\u0259 Prezidenti R\u0259c\u0259b Tayyib \u018frdo\u011fan bildirib. \u201cH\u0259qiq\u0259t\u0259n 44 g\u00fcnl\u00fck bir sava\u015fdan sonra ortaya \u00e7\u0131xan n\u0259tic\u0259 Az\u0259rbaycandak\u0131 qarda\u015flar\u0131m\u0131z\u0131 nec\u0259 sevindiribs\u0259, T\u00fcrkiy\u0259d\u0259ki qarda\u015flar\u0131n\u0131 da el\u0259 sevindirib.&hellip;","_links":{"self":[{"href":"https:\/\/arantv.az\/index.php?rest_route=\/wp\/v2\/posts\/251694"}],"collection":[{"href":"https:\/\/arantv.az\/index.php?rest_route=\/wp\/v2\/posts"}],"about":[{"href":"https:\/\/arantv.az\/index.php?rest_route=\/wp\/v2\/types\/post"}],"author":[{"embeddable":true,"href":"https:\/\/arantv.az\/index.php?rest_route=\/wp\/v2\/users\/2"}],"replies":[{"embeddable":true,"href":"https:\/\/arantv.az\/index.php?rest_route=%2Fwp%2Fv2%2Fcomments&post=251694"}],"version-history":[{"count":0,"href":"https:\/\/arantv.az\/index.php?rest_route=\/wp\/v2\/posts\/251694\/revisions"}],"wp:featuredmedia":[{"embeddable":true,"href":"https:\/\/arantv.az\/index.php?rest_route=\/wp\/v2\/media\/251695"}],"wp:attachment":[{"href":"https:\/\/arantv.az\/index.php?rest_route=%2Fwp%2Fv2%2Fmedia&parent=251694"}],"wp:term":[{"taxonomy":"category","embeddable":true,"href":"https:\/\/arantv.az\/index.php?rest_route=%2Fwp%2Fv2%2Fcategories&post=251694"},{"taxonomy":"post_tag","embeddable":true,"href":"https:\/\/arantv.az\/index.php?rest_route=%2Fwp%2Fv2%2Ftags&post=251694"}],"curies":[{"name":"wp","href":"https:\/\/api.w.org\/{rel}","templated":true}]}}