{"id":251698,"date":"2020-12-10T19:48:14","date_gmt":"2020-12-10T16:48:14","guid":{"rendered":"http:\/\/arantv.az\/?p=251698"},"modified":"2020-12-10T19:48:14","modified_gmt":"2020-12-10T16:48:14","slug":"%c9%99rdogan-bakidan-ir%c9%99vana-mesaj-verdi","status":"publish","type":"post","link":"https:\/\/arantv.az\/?p=251698","title":{"rendered":"\u018frdo\u011fan Bak\u0131dan \u0130r\u0259vana mesaj verdi"},"content":{"rendered":"<p>\u201cBiz s\u00fclh\u00fcn g\u00f6y\u0259r\u00e7inl\u0259ri olmaq ist\u0259yirik. Bizim Erm\u0259nistan xalq\u0131 il\u0259 problemimiz yoxdur\u201d.<\/p>\n<p><strong>ARANTV.AZ\u00a0\u00a0<\/strong>x\u0259b\u0259r verir ki, bu s\u00f6zl\u0259ri bu g\u00fcn T\u00fcrkiy\u0259 v\u0259 Az\u0259rbaycan aras\u0131nda s\u0259n\u0259dl\u0259rin imzalanmas\u0131 m\u0259rasimind\u0259n sonra T\u00fcrkiy\u0259 Prezidenti R\u0259c\u0259b Tayyib \u018frdo\u011fan bildirib.<\/p>\n<div id=\"AdviadNativeVideo0\" class=\"AdviadNativeVideo\"><\/div>\n<p>\u201cBizim insanlara qar\u015f\u0131 kinimiz yoxdur. M\u00fcsb\u0259t add\u0131m at\u0131ld\u0131\u011f\u0131 halda qapal\u0131 olan qap\u0131lar\u0131m\u0131z\u0131 a\u00e7ar\u0131q. \u201cQap\u0131lar\u0131m\u0131z\u0131 ba\u011flayaq\u201d dey\u0259 bir d\u0259rdimiz yoxdur.<\/p>\n<p>Az\u0259rbaycan h\u00f6kum\u0259ti inan\u0131ram ki, oran\u0131 da he\u00e7 gecikm\u0259d\u0259n 3-5 il i\u00e7\u0259risind\u0259 \u00e7ox daha f\u0259rqli bir v\u0259ziyy\u0259t\u0259 g\u0259tir\u0259c\u0259kdir\u201d, &#8211; dey\u0259 R\u0259c\u0259b Tayyib \u018frdo\u011fan bildirib.Oxu.Az<\/p>\n","protected":false},"excerpt":{"rendered":"<p>\u201cBiz s\u00fclh\u00fcn g\u00f6y\u0259r\u00e7inl\u0259ri olmaq ist\u0259yirik. Bizim Erm\u0259nistan xalq\u0131 il\u0259 problemimiz yoxdur\u201d. ARANTV.AZ\u00a0\u00a0x\u0259b\u0259r verir ki, bu s\u00f6zl\u0259ri bu g\u00fcn T\u00fcrkiy\u0259 v\u0259 Az\u0259rbaycan aras\u0131nda s\u0259n\u0259dl\u0259rin imzalanmas\u0131 m\u0259rasimind\u0259n sonra T\u00fcrkiy\u0259 Prezidenti R\u0259c\u0259b Tayyib \u018frdo\u011fan bildirib. \u201cBizim insanlara qar\u015f\u0131 kinimiz yoxdur. M\u00fcsb\u0259t add\u0131m at\u0131ld\u0131\u011f\u0131 halda qapal\u0131 olan qap\u0131lar\u0131m\u0131z\u0131 a\u00e7ar\u0131q. \u201cQap\u0131lar\u0131m\u0131z\u0131 ba\u011flayaq\u201d dey\u0259 bir d\u0259rdimiz yoxdur. Az\u0259rbaycan h\u00f6kum\u0259ti inan\u0131ram ki, oran\u0131 da he\u00e7 gecikm\u0259d\u0259n 3-5 il i\u00e7\u0259risind\u0259 \u00e7ox daha f\u0259rqli bir v\u0259ziyy\u0259t\u0259 g\u0259tir\u0259c\u0259kdir\u201d, &#8211; dey\u0259 R\u0259c\u0259b Tayyib \u018frdo\u011fan bildirib.Oxu.Az<\/p>\n","protected":false},"author":2,"featured_media":251699,"comment_status":"closed","ping_status":"closed","sticky":false,"template":"","format":"standard","meta":{"om_disable_all_campaigns":false,"_monsterinsights_skip_tracking":false,"_monsterinsights_sitenote_active":false,"_monsterinsights_sitenote_note":"","_monsterinsights_sitenote_category":0},"categories":[4],"tags":[],"aioseo_notices":[],"gutentor_comment":0,"rttpg_featured_image_url":{"full":["https:\/\/arantv.az\/wp-content\/uploads\/2020\/12\/d8949980-f727-4414-87db-faa119a7fe14_850.jpg",620,387,false],"landscape":["https:\/\/arantv.az\/wp-content\/uploads\/2020\/12\/d8949980-f727-4414-87db-faa119a7fe14_850.jpg",620,387,false],"portraits":["https:\/\/arantv.az\/wp-content\/uploads\/2020\/12\/d8949980-f727-4414-87db-faa119a7fe14_850.jpg",620,387,false],"thumbnail":["https:\/\/arantv.az\/wp-content\/uploads\/2020\/12\/d8949980-f727-4414-87db-faa119a7fe14_850-150x150.jpg",150,150,true],"medium":["https:\/\/arantv.az\/wp-content\/uploads\/2020\/12\/d8949980-f727-4414-87db-faa119a7fe14_850-300x187.jpg",300,187,true],"large":["https:\/\/arantv.az\/wp-content\/uploads\/2020\/12\/d8949980-f727-4414-87db-faa119a7fe14_850.jpg",620,387,false],"1536x1536":["https:\/\/arantv.az\/wp-content\/uploads\/2020\/12\/d8949980-f727-4414-87db-faa119a7fe14_850.jpg",620,387,false],"2048x2048":["https:\/\/arantv.az\/wp-content\/uploads\/2020\/12\/d8949980-f727-4414-87db-faa119a7fe14_850.jpg",620,387,false],"post-thumbnail":["https:\/\/arantv.az\/wp-content\/uploads\/2020\/12\/d8949980-f727-4414-87db-faa119a7fe14_850-240x172.jpg",240,172,true],"advps-thumb-one":["https:\/\/arantv.az\/wp-content\/uploads\/2020\/12\/d8949980-f727-4414-87db-faa119a7fe14_850.jpg",620,387,false]},"rttpg_author":{"display_name":"V\u00fcsal Rafiqo\u011flu","author_link":"https:\/\/arantv.az\/?author=2"},"rttpg_comment":0,"rttpg_category":"<a href=\"https:\/\/arantv.az\/?cat=4\" rel=\"category\">Siyas\u0259t<\/a>","rttpg_excerpt":"\u201cBiz s\u00fclh\u00fcn g\u00f6y\u0259r\u00e7inl\u0259ri olmaq ist\u0259yirik. Bizim Erm\u0259nistan xalq\u0131 il\u0259 problemimiz yoxdur\u201d. ARANTV.AZ\u00a0\u00a0x\u0259b\u0259r verir ki, bu s\u00f6zl\u0259ri bu g\u00fcn T\u00fcrkiy\u0259 v\u0259 Az\u0259rbaycan aras\u0131nda s\u0259n\u0259dl\u0259rin imzalanmas\u0131 m\u0259rasimind\u0259n sonra T\u00fcrkiy\u0259 Prezidenti R\u0259c\u0259b Tayyib \u018frdo\u011fan bildirib. \u201cBizim insanlara qar\u015f\u0131 kinimiz yoxdur. M\u00fcsb\u0259t add\u0131m at\u0131ld\u0131\u011f\u0131 halda qapal\u0131 olan qap\u0131lar\u0131m\u0131z\u0131 a\u00e7ar\u0131q. \u201cQap\u0131lar\u0131m\u0131z\u0131 ba\u011flayaq\u201d dey\u0259 bir d\u0259rdimiz yoxdur. Az\u0259rbaycan h\u00f6kum\u0259ti inan\u0131ram ki,&hellip;","_links":{"self":[{"href":"https:\/\/arantv.az\/index.php?rest_route=\/wp\/v2\/posts\/251698"}],"collection":[{"href":"https:\/\/arantv.az\/index.php?rest_route=\/wp\/v2\/posts"}],"about":[{"href":"https:\/\/arantv.az\/index.php?rest_route=\/wp\/v2\/types\/post"}],"author":[{"embeddable":true,"href":"https:\/\/arantv.az\/index.php?rest_route=\/wp\/v2\/users\/2"}],"replies":[{"embeddable":true,"href":"https:\/\/arantv.az\/index.php?rest_route=%2Fwp%2Fv2%2Fcomments&post=251698"}],"version-history":[{"count":0,"href":"https:\/\/arantv.az\/index.php?rest_route=\/wp\/v2\/posts\/251698\/revisions"}],"wp:featuredmedia":[{"embeddable":true,"href":"https:\/\/arantv.az\/index.php?rest_route=\/wp\/v2\/media\/251699"}],"wp:attachment":[{"href":"https:\/\/arantv.az\/index.php?rest_route=%2Fwp%2Fv2%2Fmedia&parent=251698"}],"wp:term":[{"taxonomy":"category","embeddable":true,"href":"https:\/\/arantv.az\/index.php?rest_route=%2Fwp%2Fv2%2Fcategories&post=251698"},{"taxonomy":"post_tag","embeddable":true,"href":"https:\/\/arantv.az\/index.php?rest_route=%2Fwp%2Fv2%2Ftags&post=251698"}],"curies":[{"name":"wp","href":"https:\/\/api.w.org\/{rel}","templated":true}]}}