{"id":251702,"date":"2020-12-10T19:49:02","date_gmt":"2020-12-10T16:49:02","guid":{"rendered":"http:\/\/arantv.az\/?p=251702"},"modified":"2020-12-10T19:49:02","modified_gmt":"2020-12-10T16:49:02","slug":"ilham-%c9%99liyev-v%c9%99-mehriban-%c9%99liyevanin-adindan-r%c9%99c%c9%99b-tayyib-%c9%99rdogan-v%c9%99-%c9%99min%c9%99-%c9%99rdoganin-s%c9%99r%c9%99fin%c9%99-nahar-verilib","status":"publish","type":"post","link":"https:\/\/arantv.az\/?p=251702","title":{"rendered":"\u0130lham \u018fliyev v\u0259 Mehriban \u018fliyevan\u0131n ad\u0131ndan R\u0259c\u0259b Tayyib \u018frdo\u011fan v\u0259 \u018fmin\u0259 \u018frdo\u011fan\u0131n \u015f\u0259r\u0259fin\u0259 nahar verilib"},"content":{"rendered":"<p>Dekabr\u0131n 10-da Az\u0259rbaycan Respublikas\u0131n\u0131n Prezidenti \u0130lham \u018fliyevin v\u0259 xan\u0131m\u0131 Mehriban \u018fliyevan\u0131n ad\u0131ndan T\u00fcrkiy\u0259 Respublikas\u0131n\u0131n Prezidenti R\u0259c\u0259b Tayyib \u018frdo\u011fan\u0131n v\u0259 xan\u0131m\u0131 \u018fmin\u0259 \u018frdo\u011fan\u0131n \u015f\u0259r\u0259fin\u0259 nahar verilib.<\/p>\n<div id=\"AdviadNativeVideo0\" class=\"AdviadNativeVideo\"><\/div>\n<p>Bununla ba\u011fl\u0131\u00a0<a href=\"https:\/\/azertag.az\/xeber\/Prezident_Ilham_Aliyevin_ve_xanimi_Mehriban_Aliyevanin_adindan_Prezident_Receb_Tayyib_Ardoganin_ve_xanimi_Amine_Ardoganin_serefine_nahar_verilib-1663209\" target=\"_blank\" rel=\"noopener\">AZ\u018fRTAC<\/a>\u00a0m\u0259lumat yay\u0131b.<\/p>\n","protected":false},"excerpt":{"rendered":"<p>Dekabr\u0131n 10-da Az\u0259rbaycan Respublikas\u0131n\u0131n Prezidenti \u0130lham \u018fliyevin v\u0259 xan\u0131m\u0131 Mehriban \u018fliyevan\u0131n ad\u0131ndan T\u00fcrkiy\u0259 Respublikas\u0131n\u0131n Prezidenti R\u0259c\u0259b Tayyib \u018frdo\u011fan\u0131n v\u0259 xan\u0131m\u0131 \u018fmin\u0259 \u018frdo\u011fan\u0131n \u015f\u0259r\u0259fin\u0259 nahar verilib. Bununla ba\u011fl\u0131\u00a0AZ\u018fRTAC\u00a0m\u0259lumat yay\u0131b.<\/p>\n","protected":false},"author":2,"featured_media":251703,"comment_status":"closed","ping_status":"closed","sticky":false,"template":"","format":"standard","meta":{"om_disable_all_campaigns":false,"_monsterinsights_skip_tracking":false,"_monsterinsights_sitenote_active":false,"_monsterinsights_sitenote_note":"","_monsterinsights_sitenote_category":0},"categories":[4],"tags":[],"aioseo_notices":[],"gutentor_comment":0,"rttpg_featured_image_url":{"full":["https:\/\/arantv.az\/wp-content\/uploads\/2020\/12\/Eo0fm9rXYAMFdyO.jpg",620,391,false],"landscape":["https:\/\/arantv.az\/wp-content\/uploads\/2020\/12\/Eo0fm9rXYAMFdyO.jpg",620,391,false],"portraits":["https:\/\/arantv.az\/wp-content\/uploads\/2020\/12\/Eo0fm9rXYAMFdyO.jpg",620,391,false],"thumbnail":["https:\/\/arantv.az\/wp-content\/uploads\/2020\/12\/Eo0fm9rXYAMFdyO-150x150.jpg",150,150,true],"medium":["https:\/\/arantv.az\/wp-content\/uploads\/2020\/12\/Eo0fm9rXYAMFdyO-300x189.jpg",300,189,true],"large":["https:\/\/arantv.az\/wp-content\/uploads\/2020\/12\/Eo0fm9rXYAMFdyO.jpg",620,391,false],"1536x1536":["https:\/\/arantv.az\/wp-content\/uploads\/2020\/12\/Eo0fm9rXYAMFdyO.jpg",620,391,false],"2048x2048":["https:\/\/arantv.az\/wp-content\/uploads\/2020\/12\/Eo0fm9rXYAMFdyO.jpg",620,391,false],"post-thumbnail":["https:\/\/arantv.az\/wp-content\/uploads\/2020\/12\/Eo0fm9rXYAMFdyO-240x172.jpg",240,172,true],"advps-thumb-one":["https:\/\/arantv.az\/wp-content\/uploads\/2020\/12\/Eo0fm9rXYAMFdyO.jpg",620,391,false]},"rttpg_author":{"display_name":"V\u00fcsal Rafiqo\u011flu","author_link":"https:\/\/arantv.az\/?author=2"},"rttpg_comment":0,"rttpg_category":"<a href=\"https:\/\/arantv.az\/?cat=4\" rel=\"category\">Siyas\u0259t<\/a>","rttpg_excerpt":"Dekabr\u0131n 10-da Az\u0259rbaycan Respublikas\u0131n\u0131n Prezidenti \u0130lham \u018fliyevin v\u0259 xan\u0131m\u0131 Mehriban \u018fliyevan\u0131n ad\u0131ndan T\u00fcrkiy\u0259 Respublikas\u0131n\u0131n Prezidenti R\u0259c\u0259b Tayyib \u018frdo\u011fan\u0131n v\u0259 xan\u0131m\u0131 \u018fmin\u0259 \u018frdo\u011fan\u0131n \u015f\u0259r\u0259fin\u0259 nahar verilib. Bununla ba\u011fl\u0131\u00a0AZ\u018fRTAC\u00a0m\u0259lumat yay\u0131b.","_links":{"self":[{"href":"https:\/\/arantv.az\/index.php?rest_route=\/wp\/v2\/posts\/251702"}],"collection":[{"href":"https:\/\/arantv.az\/index.php?rest_route=\/wp\/v2\/posts"}],"about":[{"href":"https:\/\/arantv.az\/index.php?rest_route=\/wp\/v2\/types\/post"}],"author":[{"embeddable":true,"href":"https:\/\/arantv.az\/index.php?rest_route=\/wp\/v2\/users\/2"}],"replies":[{"embeddable":true,"href":"https:\/\/arantv.az\/index.php?rest_route=%2Fwp%2Fv2%2Fcomments&post=251702"}],"version-history":[{"count":0,"href":"https:\/\/arantv.az\/index.php?rest_route=\/wp\/v2\/posts\/251702\/revisions"}],"wp:featuredmedia":[{"embeddable":true,"href":"https:\/\/arantv.az\/index.php?rest_route=\/wp\/v2\/media\/251703"}],"wp:attachment":[{"href":"https:\/\/arantv.az\/index.php?rest_route=%2Fwp%2Fv2%2Fmedia&parent=251702"}],"wp:term":[{"taxonomy":"category","embeddable":true,"href":"https:\/\/arantv.az\/index.php?rest_route=%2Fwp%2Fv2%2Fcategories&post=251702"},{"taxonomy":"post_tag","embeddable":true,"href":"https:\/\/arantv.az\/index.php?rest_route=%2Fwp%2Fv2%2Ftags&post=251702"}],"curies":[{"name":"wp","href":"https:\/\/api.w.org\/{rel}","templated":true}]}}