{"id":251706,"date":"2020-12-10T19:49:57","date_gmt":"2020-12-10T16:49:57","guid":{"rendered":"http:\/\/arantv.az\/?p=251706"},"modified":"2020-12-10T19:49:57","modified_gmt":"2020-12-10T16:49:57","slug":"az%c9%99rbaycan-turkiy%c9%99-s%c9%99n%c9%99dl%c9%99ri-imzalanib-yenil%c9%99nib","status":"publish","type":"post","link":"https:\/\/arantv.az\/?p=251706","title":{"rendered":"Az\u0259rbaycan-T\u00fcrkiy\u0259 s\u0259n\u0259dl\u0259ri imzalan\u0131b &#8211; YEN\u0130L\u018fN\u0130B"},"content":{"rendered":"<p>Dekabr\u0131n 10-da t\u0259kb\u0259t\u0259k g\u00f6r\u00fc\u015f ba\u015fa \u00e7atandan sonra Prezident \u0130lham \u018fliyevin v\u0259 Prezident R\u0259c\u0259b Tayyib \u018frdo\u011fan\u0131n i\u015ftirak\u0131 il\u0259 Az\u0259rbaycan-T\u00fcrkiy\u0259 s\u0259n\u0259dl\u0259rinin imzalanmas\u0131 m\u0259rasimi olub.<\/p>\n<p><strong>ARANTV.AZ\u00a0<\/strong> x\u0259b\u0259r verir ki, Bak\u0131 N\u0259qliyyat Agentliyi il\u0259 \u201cBMC Otomativ S\u0259naye v\u0259 Ticar\u0259t\u201d \u015firk\u0259ti aras\u0131nda Anla\u015fma Protokolunu Bak\u0131 N\u0259qliyyat Agentliyinin ba\u015f direktoru V\u00fcsal K\u0259rimli v\u0259 \u201cBMC Otomativ S\u0259naye v\u0259 Ticar\u0259t\u201d \u015firk\u0259tinin \u0130dar\u0259 Hey\u0259tinin \u00fczv\u00fc Taha \u00d6zt\u00fcrk imzalad\u0131lar.<\/p>\n<p>Az\u0259rbaycan Avtomobil Yollar\u0131 D\u00f6vl\u0259t Agentliyi il\u0259 \u201cBMC.AZ\u201d \u015firk\u0259ti aras\u0131nda Anla\u015fma Protokolunu Az\u0259rbaycan Avtomobil Yollar\u0131 D\u00f6vl\u0259t Agentliyinin \u0130dar\u0259 Hey\u0259tinin s\u0259dri Saleh M\u0259mm\u0259dov v\u0259 \u201cBMC Otomativ S\u0259naye v\u0259 Ticar\u0259t\u201d \u015firk\u0259tinin \u0130dar\u0259 Hey\u0259tinin \u00fczv\u00fc Taha \u00d6zt\u00fcrk imzalad\u0131lar.<\/p>\n<div id=\"AdviadNativeVideo0\" class=\"AdviadNativeVideo\"><\/div>\n<p>Az\u0259rbaycan Respublikas\u0131n\u0131n Ki\u00e7ik v\u0259 Orta Biznesin \u0130nki\u015faf\u0131 Agentliyi v\u0259 T\u00fcrkiy\u0259 Respublikas\u0131n\u0131n Prezidenti yan\u0131nda \u0130nvestisiya Ofisi aras\u0131nda Anla\u015fma Memorandumunu Az\u0259rbaycan Respublikas\u0131n\u0131n Ki\u00e7ik v\u0259 Orta Biznesin \u0130nki\u015faf\u0131 Agentliyinin \u0130dar\u0259 Hey\u0259tinin s\u0259dri Orxan M\u0259mm\u0259dov v\u0259 T\u00fcrkiy\u0259 Respublikas\u0131n\u0131n Prezidenti yan\u0131nda \u0130nvestisiya Ofisinin s\u0259dri Burak Da\u011fl\u0131o\u011flu imzalad\u0131lar.<\/p>\n<p>Az\u0259rbaycan Respublikas\u0131 il\u0259 T\u00fcrkiy\u0259 Respublikas\u0131 aras\u0131nda media sah\u0259sind\u0259 strateji \u0259m\u0259kda\u015fl\u0131q haqq\u0131nda Anla\u015fma Memorandumunu Az\u0259rbaycan Respublikas\u0131 Prezidentinin k\u00f6m\u0259k\u00e7isi Hikm\u0259t Hac\u0131yev v\u0259 T\u00fcrkiy\u0259 Respublikas\u0131 Prezidenti Administrasiyas\u0131n\u0131n ictimaiyy\u0259tl\u0259 \u0259laq\u0259l\u0259r idar\u0259sinin r\u0259hb\u0259ri F\u0259xr\u0259ddin Altun imzalad\u0131lar.<\/p>\n<p>Az\u0259rbaycan Respublikas\u0131 H\u00f6kum\u0259ti il\u0259 T\u00fcrkiy\u0259 Respublikas\u0131 H\u00f6kum\u0259ti aras\u0131nda qar\u015f\u0131l\u0131ql\u0131 olaraq vizadan azadetm\u0259 haqq\u0131nda 2020-ci il fevral\u0131n 25-d\u0259 Bak\u0131 \u015f\u0259h\u0259rind\u0259 imzalanm\u0131\u015f Sazi\u015f\u0259 d\u0259yi\u015fiklikl\u0259r edilm\u0259si haqq\u0131nda Az\u0259rbaycan Respublikas\u0131 H\u00f6kum\u0259ti il\u0259 T\u00fcrkiy\u0259 Respublikas\u0131 H\u00f6kum\u0259ti aras\u0131nda 1 sayl\u0131 Protokolu Az\u0259rbaycan Respublikas\u0131n\u0131n xarici i\u015fl\u0259r naziri Ceyhun Bayramov v\u0259 T\u00fcrkiy\u0259 Respublikas\u0131n\u0131n xarici i\u015fl\u0259r naziri M\u00f6vlud \u00c7avu\u015fo\u011flu imzalad\u0131lar.<\/p>\n<p>x x x<\/p>\n<p>Qeyd ed\u0259k ki, dekabr\u0131n 10-da Bak\u0131da ke\u00e7iril\u0259n Q\u0259l\u0259b\u0259 parad\u0131 m\u00fcnasib\u0259til\u0259 haz\u0131rlanan \u201cZ\u0259f\u0259r parad\u0131\u201d adl\u0131 po\u00e7t markas\u0131 v\u0259 \u201cBirinci g\u00fcn\u201d z\u0259rfl\u0259ri d\u00f6vriyy\u0259y\u0259 burax\u0131lacaq.<\/p>\n<p>Prezident \u0130lham \u018fliyev v\u0259 Prezident R\u0259c\u0259b Tayyib \u018frdo\u011fan z\u0259rfl\u0259ri \u201cBirinci g\u00fcn\u201d m\u00f6h\u00fcr\u00fc il\u0259 m\u00f6h\u00fcrl\u0259dil\u0259r.<\/p>\n<p>&nbsp;<\/p>\n<p><strong>18:52<\/strong><\/p>\n<p>Dekabr\u0131n 10-da Prezident \u0130lham \u018fliyevin v\u0259 Prezident R\u0259c\u0259b Tayyib \u018frdo\u011fan\u0131n t\u0259kb\u0259t\u0259k g\u00f6r\u00fc\u015f\u00fcnd\u0259n sonra Az\u0259rbaycan-T\u00fcrkiy\u0259 s\u0259n\u0259dl\u0259rinin imzalanmas\u0131 m\u0259rasimi olub.<\/p>\n<p>Bu bar\u0259d\u0259 AZ\u018fRTAC m\u0259lumat yay\u0131b.<\/p>\n","protected":false},"excerpt":{"rendered":"<p>Dekabr\u0131n 10-da t\u0259kb\u0259t\u0259k g\u00f6r\u00fc\u015f ba\u015fa \u00e7atandan sonra Prezident \u0130lham \u018fliyevin v\u0259 Prezident R\u0259c\u0259b Tayyib \u018frdo\u011fan\u0131n i\u015ftirak\u0131 il\u0259 Az\u0259rbaycan-T\u00fcrkiy\u0259 s\u0259n\u0259dl\u0259rinin imzalanmas\u0131 m\u0259rasimi olub. ARANTV.AZ\u00a0 x\u0259b\u0259r verir ki, Bak\u0131 N\u0259qliyyat Agentliyi il\u0259 \u201cBMC Otomativ S\u0259naye v\u0259 Ticar\u0259t\u201d \u015firk\u0259ti aras\u0131nda Anla\u015fma Protokolunu Bak\u0131 N\u0259qliyyat Agentliyinin ba\u015f direktoru V\u00fcsal K\u0259rimli v\u0259 \u201cBMC Otomativ S\u0259naye v\u0259 Ticar\u0259t\u201d \u015firk\u0259tinin \u0130dar\u0259 Hey\u0259tinin \u00fczv\u00fc Taha \u00d6zt\u00fcrk imzalad\u0131lar. Az\u0259rbaycan Avtomobil Yollar\u0131 D\u00f6vl\u0259t Agentliyi il\u0259 \u201cBMC.AZ\u201d \u015firk\u0259ti aras\u0131nda Anla\u015fma Protokolunu Az\u0259rbaycan Avtomobil Yollar\u0131 D\u00f6vl\u0259t Agentliyinin \u0130dar\u0259 Hey\u0259tinin s\u0259dri Saleh M\u0259mm\u0259dov v\u0259 \u201cBMC Otomativ S\u0259naye v\u0259 Ticar\u0259t\u201d \u015firk\u0259tinin \u0130dar\u0259 Hey\u0259tinin \u00fczv\u00fc&hellip;<\/p>\n","protected":false},"author":2,"featured_media":251707,"comment_status":"closed","ping_status":"closed","sticky":false,"template":"","format":"standard","meta":{"om_disable_all_campaigns":false,"_monsterinsights_skip_tracking":false,"_monsterinsights_sitenote_active":false,"_monsterinsights_sitenote_note":"","_monsterinsights_sitenote_category":0},"categories":[4],"tags":[],"aioseo_notices":[],"gutentor_comment":0,"rttpg_featured_image_url":{"full":["https:\/\/arantv.az\/wp-content\/uploads\/2020\/12\/cssacascssc-J4DN.jpg",620,388,false],"landscape":["https:\/\/arantv.az\/wp-content\/uploads\/2020\/12\/cssacascssc-J4DN.jpg",620,388,false],"portraits":["https:\/\/arantv.az\/wp-content\/uploads\/2020\/12\/cssacascssc-J4DN.jpg",620,388,false],"thumbnail":["https:\/\/arantv.az\/wp-content\/uploads\/2020\/12\/cssacascssc-J4DN-150x150.jpg",150,150,true],"medium":["https:\/\/arantv.az\/wp-content\/uploads\/2020\/12\/cssacascssc-J4DN-300x188.jpg",300,188,true],"large":["https:\/\/arantv.az\/wp-content\/uploads\/2020\/12\/cssacascssc-J4DN.jpg",620,388,false],"1536x1536":["https:\/\/arantv.az\/wp-content\/uploads\/2020\/12\/cssacascssc-J4DN.jpg",620,388,false],"2048x2048":["https:\/\/arantv.az\/wp-content\/uploads\/2020\/12\/cssacascssc-J4DN.jpg",620,388,false],"post-thumbnail":["https:\/\/arantv.az\/wp-content\/uploads\/2020\/12\/cssacascssc-J4DN-240x172.jpg",240,172,true],"advps-thumb-one":["https:\/\/arantv.az\/wp-content\/uploads\/2020\/12\/cssacascssc-J4DN.jpg",620,388,false]},"rttpg_author":{"display_name":"V\u00fcsal Rafiqo\u011flu","author_link":"https:\/\/arantv.az\/?author=2"},"rttpg_comment":0,"rttpg_category":"<a href=\"https:\/\/arantv.az\/?cat=4\" rel=\"category\">Siyas\u0259t<\/a>","rttpg_excerpt":"Dekabr\u0131n 10-da t\u0259kb\u0259t\u0259k g\u00f6r\u00fc\u015f ba\u015fa \u00e7atandan sonra Prezident \u0130lham \u018fliyevin v\u0259 Prezident R\u0259c\u0259b Tayyib \u018frdo\u011fan\u0131n i\u015ftirak\u0131 il\u0259 Az\u0259rbaycan-T\u00fcrkiy\u0259 s\u0259n\u0259dl\u0259rinin imzalanmas\u0131 m\u0259rasimi olub. ARANTV.AZ\u00a0 x\u0259b\u0259r verir ki, Bak\u0131 N\u0259qliyyat Agentliyi il\u0259 \u201cBMC Otomativ S\u0259naye v\u0259 Ticar\u0259t\u201d \u015firk\u0259ti aras\u0131nda Anla\u015fma Protokolunu Bak\u0131 N\u0259qliyyat Agentliyinin ba\u015f direktoru V\u00fcsal K\u0259rimli v\u0259 \u201cBMC Otomativ S\u0259naye v\u0259 Ticar\u0259t\u201d \u015firk\u0259tinin \u0130dar\u0259 Hey\u0259tinin&hellip;","_links":{"self":[{"href":"https:\/\/arantv.az\/index.php?rest_route=\/wp\/v2\/posts\/251706"}],"collection":[{"href":"https:\/\/arantv.az\/index.php?rest_route=\/wp\/v2\/posts"}],"about":[{"href":"https:\/\/arantv.az\/index.php?rest_route=\/wp\/v2\/types\/post"}],"author":[{"embeddable":true,"href":"https:\/\/arantv.az\/index.php?rest_route=\/wp\/v2\/users\/2"}],"replies":[{"embeddable":true,"href":"https:\/\/arantv.az\/index.php?rest_route=%2Fwp%2Fv2%2Fcomments&post=251706"}],"version-history":[{"count":0,"href":"https:\/\/arantv.az\/index.php?rest_route=\/wp\/v2\/posts\/251706\/revisions"}],"wp:featuredmedia":[{"embeddable":true,"href":"https:\/\/arantv.az\/index.php?rest_route=\/wp\/v2\/media\/251707"}],"wp:attachment":[{"href":"https:\/\/arantv.az\/index.php?rest_route=%2Fwp%2Fv2%2Fmedia&parent=251706"}],"wp:term":[{"taxonomy":"category","embeddable":true,"href":"https:\/\/arantv.az\/index.php?rest_route=%2Fwp%2Fv2%2Fcategories&post=251706"},{"taxonomy":"post_tag","embeddable":true,"href":"https:\/\/arantv.az\/index.php?rest_route=%2Fwp%2Fv2%2Ftags&post=251706"}],"curies":[{"name":"wp","href":"https:\/\/api.w.org\/{rel}","templated":true}]}}