{"id":25171,"date":"2018-11-27T08:32:40","date_gmt":"2018-11-27T05:32:40","guid":{"rendered":"http:\/\/arantv.az\/?p=25171"},"modified":"2018-11-27T08:32:40","modified_gmt":"2018-11-27T05:32:40","slug":"s%c9%99firlik-v%c9%99-beyn%c9%99lxalq-t%c9%99skilatlarin-r%c9%99hb%c9%99rl%c9%99ri-l%c9%99nk%c9%99ran-v%c9%99-astaraya-s%c9%99f%c9%99r-ed%c9%99c%c9%99kl%c9%99r","status":"publish","type":"post","link":"https:\/\/arantv.az\/?p=25171","title":{"rendered":"S\u0259firlik v\u0259 beyn\u0259lxalq t\u0259\u015fkilatlar\u0131n r\u0259hb\u0259rl\u0259ri L\u0259nk\u0259ran v\u0259 Astaraya s\u0259f\u0259r ed\u0259c\u0259kl\u0259r"},"content":{"rendered":"<p><strong>Az\u0259rbaycan Xarici \u0130\u015fl\u0259r Nazirliyi t\u0259r\u0259find\u0259n 27-28 noyabr tarixl\u0259rind\u0259 \u00f6lk\u0259mizd\u0259 akkredit\u0259 olunmu\u015f s\u0259firlik v\u0259 beyn\u0259lxalq t\u0259\u015fkilatlar\u0131n r\u0259hb\u0259rl\u0259rinin L\u0259nk\u0259ran \u015f\u0259h\u0259rin\u0259 v\u0259 Astara rayonuna s\u0259f\u0259ri h\u0259yata ke\u00e7irilir.<\/strong><\/p>\n<p><strong>ARANTV.AZ<\/strong> x\u0259b\u0259r verir ki,\u00a0Nazirliyin M\u0259tbuat xidm\u0259tind\u0259n trend-\u0259 veril\u0259n m\u0259lumata g\u00f6r\u0259, Az\u0259rbaycanda regionlar\u0131n inki\u015faf\u0131 il\u0259 yax\u0131ndan tan\u0131\u015f olmaq v\u0259 bu x\u00fcsusda \u00f6lk\u0259mizin c\u0259nub b\u00f6lg\u0259sind\u0259 h\u0259yata ke\u00e7iril\u0259n sosial, iqtisadi layih\u0259l\u0259r, habel\u0259 turizmin inki\u015faf\u0131 il\u0259 yerind\u0259c\u0259 m\u0259lumatlanmaq m\u0259qs\u0259dil\u0259 h\u0259yata ke\u00e7iril\u0259n bu s\u0259f\u0259rd\u0259 \u00f6lk\u0259mizd\u0259 f\u0259aliyy\u0259t g\u00f6st\u0259r\u0259n diplomatik korpusun 70-d\u0259k n\u00fcmay\u0259nd\u0259si i\u015ftirak edir.<\/p>\n<p>S\u0259f\u0259r \u00e7\u0259r\u00e7iv\u0259sind\u0259 L\u0259nk\u0259ran rayonunun Heyd\u0259r \u018fliyev M\u0259rk\u0259zi v\u0259 Heyd\u0259r \u018fliyev xatir\u0259 park\u0131, L\u0259nk\u0259ran Olimpiya \u0130dman Kompleksi il\u0259 tan\u0131\u015fl\u0131q, Az\u0259rxal\u00e7a ASC, Ya\u015f\u0131l\u00e7ay MMC, el\u0259c\u0259 d\u0259, K\u0259nd T\u0259s\u0259rr\u00fcfat\u0131 Nazirliyinin L\u0259nk\u0259ran D\u00f6vl\u0259t Aqrar \u0130nki\u015faf M\u0259rk\u0259zi il\u0259 tan\u0131\u015fl\u0131q, habel\u0259 Astara \u015f\u0259h\u0259rind\u0259 Astara \u00c7ay MMC il\u0259 tan\u0131\u015fl\u0131q v\u0259 bu \u0259razil\u0259rd\u0259 f\u0259aliyy\u0259t g\u00f6st\u0259r\u0259n istirah\u0259t v\u0259 sa\u011flaml\u0131q m\u0259rk\u0259zl\u0259rin\u0259 ba\u015f \u00e7\u0259kilm\u0259si n\u0259z\u0259rd\u0259 tutulub.<\/p>\n<p>S\u0259f\u0259r \u0259snas\u0131nda regionun qida v\u0259 k\u0259nd-t\u0259s\u0259rr\u00fcfat\u0131 m\u0259hsullar\u0131n\u0131n ixrac potensial\u0131 haqq\u0131nda da prezentasiyalar t\u0259\u015fkil olunacaq.<\/p>\n","protected":false},"excerpt":{"rendered":"<p>Az\u0259rbaycan Xarici \u0130\u015fl\u0259r Nazirliyi t\u0259r\u0259find\u0259n 27-28 noyabr tarixl\u0259rind\u0259 \u00f6lk\u0259mizd\u0259 akkredit\u0259 olunmu\u015f s\u0259firlik v\u0259 beyn\u0259lxalq t\u0259\u015fkilatlar\u0131n r\u0259hb\u0259rl\u0259rinin L\u0259nk\u0259ran \u015f\u0259h\u0259rin\u0259 v\u0259 Astara rayonuna s\u0259f\u0259ri h\u0259yata ke\u00e7irilir. ARANTV.AZ x\u0259b\u0259r verir ki,\u00a0Nazirliyin M\u0259tbuat xidm\u0259tind\u0259n trend-\u0259 veril\u0259n m\u0259lumata g\u00f6r\u0259, Az\u0259rbaycanda regionlar\u0131n inki\u015faf\u0131 il\u0259 yax\u0131ndan tan\u0131\u015f olmaq v\u0259 bu x\u00fcsusda \u00f6lk\u0259mizin c\u0259nub b\u00f6lg\u0259sind\u0259 h\u0259yata ke\u00e7iril\u0259n sosial, iqtisadi layih\u0259l\u0259r, habel\u0259 turizmin inki\u015faf\u0131 il\u0259 yerind\u0259c\u0259 m\u0259lumatlanmaq m\u0259qs\u0259dil\u0259 h\u0259yata ke\u00e7iril\u0259n bu s\u0259f\u0259rd\u0259 \u00f6lk\u0259mizd\u0259 f\u0259aliyy\u0259t g\u00f6st\u0259r\u0259n diplomatik korpusun 70-d\u0259k n\u00fcmay\u0259nd\u0259si i\u015ftirak edir. S\u0259f\u0259r \u00e7\u0259r\u00e7iv\u0259sind\u0259 L\u0259nk\u0259ran rayonunun Heyd\u0259r \u018fliyev M\u0259rk\u0259zi v\u0259 Heyd\u0259r \u018fliyev xatir\u0259 park\u0131, L\u0259nk\u0259ran Olimpiya \u0130dman Kompleksi il\u0259 tan\u0131\u015fl\u0131q,&hellip;<\/p>\n","protected":false},"author":2,"featured_media":25172,"comment_status":"closed","ping_status":"closed","sticky":false,"template":"","format":"standard","meta":{"om_disable_all_campaigns":false,"_monsterinsights_skip_tracking":false,"_monsterinsights_sitenote_active":false,"_monsterinsights_sitenote_note":"","_monsterinsights_sitenote_category":0},"categories":[4],"tags":[],"aioseo_notices":[],"gutentor_comment":0,"rttpg_featured_image_url":{"full":["https:\/\/arantv.az\/wp-content\/uploads\/2018\/11\/azerbaycan_xin_004.jpg",800,600,false],"landscape":["https:\/\/arantv.az\/wp-content\/uploads\/2018\/11\/azerbaycan_xin_004.jpg",800,600,false],"portraits":["https:\/\/arantv.az\/wp-content\/uploads\/2018\/11\/azerbaycan_xin_004.jpg",800,600,false],"thumbnail":["https:\/\/arantv.az\/wp-content\/uploads\/2018\/11\/azerbaycan_xin_004-150x150.jpg",150,150,true],"medium":["https:\/\/arantv.az\/wp-content\/uploads\/2018\/11\/azerbaycan_xin_004-300x225.jpg",300,225,true],"large":["https:\/\/arantv.az\/wp-content\/uploads\/2018\/11\/azerbaycan_xin_004.jpg",640,480,false],"1536x1536":["https:\/\/arantv.az\/wp-content\/uploads\/2018\/11\/azerbaycan_xin_004.jpg",800,600,false],"2048x2048":["https:\/\/arantv.az\/wp-content\/uploads\/2018\/11\/azerbaycan_xin_004.jpg",800,600,false],"post-thumbnail":["https:\/\/arantv.az\/wp-content\/uploads\/2018\/11\/azerbaycan_xin_004-240x172.jpg",240,172,true],"advps-thumb-one":["https:\/\/arantv.az\/wp-content\/uploads\/2018\/11\/azerbaycan_xin_004.jpg",800,600,false]},"rttpg_author":{"display_name":"V\u00fcsal Rafiqo\u011flu","author_link":"https:\/\/arantv.az\/?author=2"},"rttpg_comment":0,"rttpg_category":"<a href=\"https:\/\/arantv.az\/?cat=4\" rel=\"category\">Siyas\u0259t<\/a>","rttpg_excerpt":"Az\u0259rbaycan Xarici \u0130\u015fl\u0259r Nazirliyi t\u0259r\u0259find\u0259n 27-28 noyabr tarixl\u0259rind\u0259 \u00f6lk\u0259mizd\u0259 akkredit\u0259 olunmu\u015f s\u0259firlik v\u0259 beyn\u0259lxalq t\u0259\u015fkilatlar\u0131n r\u0259hb\u0259rl\u0259rinin L\u0259nk\u0259ran \u015f\u0259h\u0259rin\u0259 v\u0259 Astara rayonuna s\u0259f\u0259ri h\u0259yata ke\u00e7irilir. ARANTV.AZ x\u0259b\u0259r verir ki,\u00a0Nazirliyin M\u0259tbuat xidm\u0259tind\u0259n trend-\u0259 veril\u0259n m\u0259lumata g\u00f6r\u0259, Az\u0259rbaycanda regionlar\u0131n inki\u015faf\u0131 il\u0259 yax\u0131ndan tan\u0131\u015f olmaq v\u0259 bu x\u00fcsusda \u00f6lk\u0259mizin c\u0259nub b\u00f6lg\u0259sind\u0259 h\u0259yata ke\u00e7iril\u0259n sosial, iqtisadi layih\u0259l\u0259r, habel\u0259 turizmin inki\u015faf\u0131&hellip;","_links":{"self":[{"href":"https:\/\/arantv.az\/index.php?rest_route=\/wp\/v2\/posts\/25171"}],"collection":[{"href":"https:\/\/arantv.az\/index.php?rest_route=\/wp\/v2\/posts"}],"about":[{"href":"https:\/\/arantv.az\/index.php?rest_route=\/wp\/v2\/types\/post"}],"author":[{"embeddable":true,"href":"https:\/\/arantv.az\/index.php?rest_route=\/wp\/v2\/users\/2"}],"replies":[{"embeddable":true,"href":"https:\/\/arantv.az\/index.php?rest_route=%2Fwp%2Fv2%2Fcomments&post=25171"}],"version-history":[{"count":0,"href":"https:\/\/arantv.az\/index.php?rest_route=\/wp\/v2\/posts\/25171\/revisions"}],"wp:featuredmedia":[{"embeddable":true,"href":"https:\/\/arantv.az\/index.php?rest_route=\/wp\/v2\/media\/25172"}],"wp:attachment":[{"href":"https:\/\/arantv.az\/index.php?rest_route=%2Fwp%2Fv2%2Fmedia&parent=25171"}],"wp:term":[{"taxonomy":"category","embeddable":true,"href":"https:\/\/arantv.az\/index.php?rest_route=%2Fwp%2Fv2%2Fcategories&post=25171"},{"taxonomy":"post_tag","embeddable":true,"href":"https:\/\/arantv.az\/index.php?rest_route=%2Fwp%2Fv2%2Ftags&post=25171"}],"curies":[{"name":"wp","href":"https:\/\/api.w.org\/{rel}","templated":true}]}}