{"id":251710,"date":"2020-12-10T19:51:07","date_gmt":"2020-12-10T16:51:07","guid":{"rendered":"http:\/\/arantv.az\/?p=251710"},"modified":"2020-12-10T19:51:07","modified_gmt":"2020-12-10T16:51:07","slug":"az%c9%99rbaycan-v%c9%99-turkiy%c9%99-arasinda-pasport-rejimi-l%c9%99gv-edilir-foto","status":"publish","type":"post","link":"https:\/\/arantv.az\/?p=251710","title":{"rendered":"Az\u0259rbaycan v\u0259 T\u00fcrkiy\u0259 aras\u0131nda pasport rejimi l\u0259\u011fv edilir &#8211; FOTO"},"content":{"rendered":"<p>Az\u0259rbaycan v\u0259 T\u00fcrkiy\u0259 v\u0259t\u0259nda\u015flar\u0131 qarda\u015f \u00f6lk\u0259l\u0259r aras\u0131nda sad\u0259c\u0259 \u015f\u0259xsiyy\u0259t v\u0259siq\u0259sil\u0259 h\u0259r\u0259k\u0259t ed\u0259 bil\u0259c\u0259kl\u0259r.<\/p>\n<p>Bu bar\u0259d\u0259 T\u00fcrkiy\u0259 xarici i\u015fl\u0259r naziri M\u00f6vlud \u00c7avu\u015fo\u011flu \u201cTwitter\u201d s\u0259hif\u0259sind\u0259 yaz\u0131b.<\/p>\n<div id=\"AdviadNativeVideo0\" class=\"AdviadNativeVideo\"><\/div>\n<p>\u00c7avu\u015fo\u011flu yaz\u0131b:<\/p>\n<p>\u201cQarda\u015f\u0131m Ceyhun Bayramov il\u0259 imzalad\u0131\u011f\u0131m\u0131z protokolla T\u00fcrkiy\u0259-Az\u0259rbaycan aras\u0131nda \u00e7ox yax\u0131nda sad\u0259c\u0259 \u015f\u0259xsiyy\u0259t v\u0259siq\u0259l\u0259rimiz il\u0259 s\u0259yah\u0259t ed\u0259 bil\u0259c\u0259yik. \u201cBir mill\u0259t, iki d\u00f6vl\u0259t\u201d\u0259 d\u0259 el\u0259 bu yara\u015far! Xeyirli olsun\u201d, &#8211; o qeyd edib.<\/p>\n<div>\n<div class=\"twitter-tweet twitter-tweet-rendered\"><iframe id=\"twitter-widget-0\" class=\"\" title=\"Twitter Tweet\" src=\"https:\/\/platform.twitter.com\/embed\/index.html?creatorScreenName=oxuaz&amp;dnt=false&amp;embedId=twitter-widget-0&amp;frame=false&amp;hideCard=false&amp;hideThread=false&amp;id=1337050917745651716&amp;lang=en&amp;origin=https%3A%2F%2Foxu.az%2Fpolitics%2F447963&amp;siteScreenName=oxuaz&amp;theme=light&amp;widgetsVersion=ed20a2b%3A1601588405575&amp;width=550px\" frameborder=\"0\" scrolling=\"no\" allowfullscreen=\"allowfullscreen\" data-tweet-id=\"1337050917745651716\" data-mce-fragment=\"1\"><\/iframe><\/div>\n<blockquote class=\"twitter-tweet\" data-twitter-extracted-i1607619003577558276=\"true\">\n<p dir=\"ltr\" lang=\"tr\">Pasaport \u274c<br \/>\nVize \u274c<br \/>\nKimlik Kart\u0131 \u2705<\/p>\n<p>Karde\u015fim\u00a0<a href=\"https:\/\/twitter.com\/bayramov_jeyhun?ref_src=twsrc%5Etfw\">@bayramov_jeyhun<\/a>\u2019la imzalad\u0131\u011f\u0131m\u0131z protokolle T\u00fcrkiye-Azerbaycan aras\u0131nda \u00e7ok yak\u0131nda sadece kimlik kart\u0131m\u0131zla seyahat edebilece\u011fiz.<\/p>\n<p>\u201cTek Millet \u0130ki Devlet\u201de de bu yak\u0131\u015f\u0131r!<br \/>\nHay\u0131rl\u0131 olsun! \ud83c\uddf9\ud83c\uddf7\ud83c\udde6\ud83c\uddff\u00a0<a href=\"https:\/\/t.co\/ckWtgLWpk9\">pic.twitter.com\/ckWtgLWpk9<\/a><\/p>\n<p>\u2014 Mevl\u00fct \u00c7avu\u015fo\u011flu (@MevlutCavusoglu)\u00a0<a href=\"https:\/\/twitter.com\/MevlutCavusoglu\/status\/1337050917745651716?ref_src=twsrc%5Etfw\">December 10, 2020<\/a><\/p><\/blockquote>\n<\/div>\n","protected":false},"excerpt":{"rendered":"<p>Az\u0259rbaycan v\u0259 T\u00fcrkiy\u0259 v\u0259t\u0259nda\u015flar\u0131 qarda\u015f \u00f6lk\u0259l\u0259r aras\u0131nda sad\u0259c\u0259 \u015f\u0259xsiyy\u0259t v\u0259siq\u0259sil\u0259 h\u0259r\u0259k\u0259t ed\u0259 bil\u0259c\u0259kl\u0259r. Bu bar\u0259d\u0259 T\u00fcrkiy\u0259 xarici i\u015fl\u0259r naziri M\u00f6vlud \u00c7avu\u015fo\u011flu \u201cTwitter\u201d s\u0259hif\u0259sind\u0259 yaz\u0131b. \u00c7avu\u015fo\u011flu yaz\u0131b: \u201cQarda\u015f\u0131m Ceyhun Bayramov il\u0259 imzalad\u0131\u011f\u0131m\u0131z protokolla T\u00fcrkiy\u0259-Az\u0259rbaycan aras\u0131nda \u00e7ox yax\u0131nda sad\u0259c\u0259 \u015f\u0259xsiyy\u0259t v\u0259siq\u0259l\u0259rimiz il\u0259 s\u0259yah\u0259t ed\u0259 bil\u0259c\u0259yik. \u201cBir mill\u0259t, iki d\u00f6vl\u0259t\u201d\u0259 d\u0259 el\u0259 bu yara\u015far! Xeyirli olsun\u201d, &#8211; o qeyd edib. Pasaport \u274c Vize \u274c Kimlik Kart\u0131 \u2705 Karde\u015fim\u00a0@bayramov_jeyhun\u2019la imzalad\u0131\u011f\u0131m\u0131z protokolle T\u00fcrkiye-Azerbaycan aras\u0131nda \u00e7ok yak\u0131nda sadece kimlik kart\u0131m\u0131zla seyahat edebilece\u011fiz. \u201cTek Millet \u0130ki Devlet\u201de de bu yak\u0131\u015f\u0131r! Hay\u0131rl\u0131 olsun! \ud83c\uddf9\ud83c\uddf7\ud83c\udde6\ud83c\uddff\u00a0pic.twitter.com\/ckWtgLWpk9 \u2014 Mevl\u00fct \u00c7avu\u015fo\u011flu (@MevlutCavusoglu)\u00a0December&hellip;<\/p>\n","protected":false},"author":2,"featured_media":251711,"comment_status":"closed","ping_status":"closed","sticky":false,"template":"","format":"standard","meta":{"om_disable_all_campaigns":false,"_monsterinsights_skip_tracking":false,"_monsterinsights_sitenote_active":false,"_monsterinsights_sitenote_note":"","_monsterinsights_sitenote_category":0},"categories":[4],"tags":[],"aioseo_notices":[],"gutentor_comment":0,"rttpg_featured_image_url":{"full":["https:\/\/arantv.az\/wp-content\/uploads\/2020\/12\/Eo4otUUXYAwsEsY.jpg",620,390,false],"landscape":["https:\/\/arantv.az\/wp-content\/uploads\/2020\/12\/Eo4otUUXYAwsEsY.jpg",620,390,false],"portraits":["https:\/\/arantv.az\/wp-content\/uploads\/2020\/12\/Eo4otUUXYAwsEsY.jpg",620,390,false],"thumbnail":["https:\/\/arantv.az\/wp-content\/uploads\/2020\/12\/Eo4otUUXYAwsEsY-150x150.jpg",150,150,true],"medium":["https:\/\/arantv.az\/wp-content\/uploads\/2020\/12\/Eo4otUUXYAwsEsY-300x189.jpg",300,189,true],"large":["https:\/\/arantv.az\/wp-content\/uploads\/2020\/12\/Eo4otUUXYAwsEsY.jpg",620,390,false],"1536x1536":["https:\/\/arantv.az\/wp-content\/uploads\/2020\/12\/Eo4otUUXYAwsEsY.jpg",620,390,false],"2048x2048":["https:\/\/arantv.az\/wp-content\/uploads\/2020\/12\/Eo4otUUXYAwsEsY.jpg",620,390,false],"post-thumbnail":["https:\/\/arantv.az\/wp-content\/uploads\/2020\/12\/Eo4otUUXYAwsEsY-240x172.jpg",240,172,true],"advps-thumb-one":["https:\/\/arantv.az\/wp-content\/uploads\/2020\/12\/Eo4otUUXYAwsEsY.jpg",620,390,false]},"rttpg_author":{"display_name":"V\u00fcsal Rafiqo\u011flu","author_link":"https:\/\/arantv.az\/?author=2"},"rttpg_comment":0,"rttpg_category":"<a href=\"https:\/\/arantv.az\/?cat=4\" rel=\"category\">Siyas\u0259t<\/a>","rttpg_excerpt":"Az\u0259rbaycan v\u0259 T\u00fcrkiy\u0259 v\u0259t\u0259nda\u015flar\u0131 qarda\u015f \u00f6lk\u0259l\u0259r aras\u0131nda sad\u0259c\u0259 \u015f\u0259xsiyy\u0259t v\u0259siq\u0259sil\u0259 h\u0259r\u0259k\u0259t ed\u0259 bil\u0259c\u0259kl\u0259r. Bu bar\u0259d\u0259 T\u00fcrkiy\u0259 xarici i\u015fl\u0259r naziri M\u00f6vlud \u00c7avu\u015fo\u011flu \u201cTwitter\u201d s\u0259hif\u0259sind\u0259 yaz\u0131b. \u00c7avu\u015fo\u011flu yaz\u0131b: \u201cQarda\u015f\u0131m Ceyhun Bayramov il\u0259 imzalad\u0131\u011f\u0131m\u0131z protokolla T\u00fcrkiy\u0259-Az\u0259rbaycan aras\u0131nda \u00e7ox yax\u0131nda sad\u0259c\u0259 \u015f\u0259xsiyy\u0259t v\u0259siq\u0259l\u0259rimiz il\u0259 s\u0259yah\u0259t ed\u0259 bil\u0259c\u0259yik. \u201cBir mill\u0259t, iki d\u00f6vl\u0259t\u201d\u0259 d\u0259 el\u0259 bu yara\u015far! Xeyirli olsun\u201d, &#8211; o&hellip;","_links":{"self":[{"href":"https:\/\/arantv.az\/index.php?rest_route=\/wp\/v2\/posts\/251710"}],"collection":[{"href":"https:\/\/arantv.az\/index.php?rest_route=\/wp\/v2\/posts"}],"about":[{"href":"https:\/\/arantv.az\/index.php?rest_route=\/wp\/v2\/types\/post"}],"author":[{"embeddable":true,"href":"https:\/\/arantv.az\/index.php?rest_route=\/wp\/v2\/users\/2"}],"replies":[{"embeddable":true,"href":"https:\/\/arantv.az\/index.php?rest_route=%2Fwp%2Fv2%2Fcomments&post=251710"}],"version-history":[{"count":0,"href":"https:\/\/arantv.az\/index.php?rest_route=\/wp\/v2\/posts\/251710\/revisions"}],"wp:featuredmedia":[{"embeddable":true,"href":"https:\/\/arantv.az\/index.php?rest_route=\/wp\/v2\/media\/251711"}],"wp:attachment":[{"href":"https:\/\/arantv.az\/index.php?rest_route=%2Fwp%2Fv2%2Fmedia&parent=251710"}],"wp:term":[{"taxonomy":"category","embeddable":true,"href":"https:\/\/arantv.az\/index.php?rest_route=%2Fwp%2Fv2%2Fcategories&post=251710"},{"taxonomy":"post_tag","embeddable":true,"href":"https:\/\/arantv.az\/index.php?rest_route=%2Fwp%2Fv2%2Ftags&post=251710"}],"curies":[{"name":"wp","href":"https:\/\/api.w.org\/{rel}","templated":true}]}}