{"id":251715,"date":"2020-12-10T19:51:52","date_gmt":"2020-12-10T16:51:52","guid":{"rendered":"http:\/\/arantv.az\/?p=251715"},"modified":"2020-12-10T19:51:52","modified_gmt":"2020-12-10T16:51:52","slug":"ilham-%c9%99liyev-qarabagla-bagli-layih%c9%99l%c9%99rd%c9%99-turkiy%c9%99-v%c9%99-az%c9%99rbaycan-sirk%c9%99tl%c9%99ri-birg%c9%99-istirak-ed%c9%99c%c9%99kl%c9%99r","status":"publish","type":"post","link":"https:\/\/arantv.az\/?p=251715","title":{"rendered":"\u0130lham \u018fliyev: \u201cQaraba\u011fla ba\u011fl\u0131 layih\u0259l\u0259rd\u0259 T\u00fcrkiy\u0259 v\u0259 Az\u0259rbaycan \u015firk\u0259tl\u0259ri birg\u0259 i\u015ftirak ed\u0259c\u0259kl\u0259r\u201d"},"content":{"rendered":"<p>\u201cBu g\u00fcn g\u0259l\u0259c\u0259y\u0259 baxark\u0259n azad edilmi\u015f torpaqlar\u0131n inki\u015faf edilm\u0259si il\u0259 ba\u011fl\u0131 \u00f6z fikirl\u0259rimizi ortaya qoyuruq. Qaraba\u011f d\u00fcnyan\u0131n \u0259n g\u00f6z\u0259l b\u00f6lg\u0259l\u0259rind\u0259n biri olacaq\u201d.<\/p>\n<div id=\"AdviadNativeVideo0\" class=\"AdviadNativeVideo\"><\/div>\n<p>\u201cReport\u201d\u00a0x\u0259b\u0259r verir ki, bunu Az\u0259rbaycan Prezidenti \u0130lham \u018fliyev m\u0259tbuata b\u0259yanat\u0131 zaman\u0131 s\u00f6yl\u0259yib.<\/p>\n<p>\u201c\u018fmin\u0259m ki, bizim t\u00fcrk qarda\u015flar\u0131m\u0131z\u0131n yard\u0131m\u0131 il\u0259 buna nail olaca\u011f\u0131q. Bu g\u00fcn art\u0131q konkret layih\u0259l\u0259r haqq\u0131nda dan\u0131\u015fd\u0131q: yol, d\u0259mir yolu, infrastruktur layih\u0259l\u0259ri. B\u00fct\u00fcn bu layih\u0259l\u0259rd\u0259 T\u00fcrkiy\u0259 v\u0259 Az\u0259rbaycan \u015firk\u0259tl\u0259ri birg\u0259 i\u015ftirak ed\u0259c\u0259kl\u0259r. B\u00fct\u00fcn bu layih\u0259l\u0259rin q\u0131sa vaxt \u0259rzind\u0259 h\u0259yata ke\u00e7irilm\u0259si b\u00f6lg\u0259y\u0259 yeni n\u0259f\u0259s g\u0259tir\u0259c\u0259k\u201d, &#8211; o qeyd edib.<\/p>\n","protected":false},"excerpt":{"rendered":"<p>\u201cBu g\u00fcn g\u0259l\u0259c\u0259y\u0259 baxark\u0259n azad edilmi\u015f torpaqlar\u0131n inki\u015faf edilm\u0259si il\u0259 ba\u011fl\u0131 \u00f6z fikirl\u0259rimizi ortaya qoyuruq. Qaraba\u011f d\u00fcnyan\u0131n \u0259n g\u00f6z\u0259l b\u00f6lg\u0259l\u0259rind\u0259n biri olacaq\u201d. \u201cReport\u201d\u00a0x\u0259b\u0259r verir ki, bunu Az\u0259rbaycan Prezidenti \u0130lham \u018fliyev m\u0259tbuata b\u0259yanat\u0131 zaman\u0131 s\u00f6yl\u0259yib. \u201c\u018fmin\u0259m ki, bizim t\u00fcrk qarda\u015flar\u0131m\u0131z\u0131n yard\u0131m\u0131 il\u0259 buna nail olaca\u011f\u0131q. Bu g\u00fcn art\u0131q konkret layih\u0259l\u0259r haqq\u0131nda dan\u0131\u015fd\u0131q: yol, d\u0259mir yolu, infrastruktur layih\u0259l\u0259ri. B\u00fct\u00fcn bu layih\u0259l\u0259rd\u0259 T\u00fcrkiy\u0259 v\u0259 Az\u0259rbaycan \u015firk\u0259tl\u0259ri birg\u0259 i\u015ftirak ed\u0259c\u0259kl\u0259r. B\u00fct\u00fcn bu layih\u0259l\u0259rin q\u0131sa vaxt \u0259rzind\u0259 h\u0259yata ke\u00e7irilm\u0259si b\u00f6lg\u0259y\u0259 yeni n\u0259f\u0259s g\u0259tir\u0259c\u0259k\u201d, &#8211; o qeyd edib.<\/p>\n","protected":false},"author":2,"featured_media":251716,"comment_status":"closed","ping_status":"closed","sticky":false,"template":"","format":"standard","meta":{"om_disable_all_campaigns":false,"_monsterinsights_skip_tracking":false,"_monsterinsights_sitenote_active":false,"_monsterinsights_sitenote_note":"","_monsterinsights_sitenote_category":0},"categories":[4],"tags":[],"aioseo_notices":[],"gutentor_comment":0,"rttpg_featured_image_url":{"full":["https:\/\/arantv.az\/wp-content\/uploads\/2020\/12\/661e0451-6d43-3e1b-ba8e-c277952672bc_850.jpg",620,387,false],"landscape":["https:\/\/arantv.az\/wp-content\/uploads\/2020\/12\/661e0451-6d43-3e1b-ba8e-c277952672bc_850.jpg",620,387,false],"portraits":["https:\/\/arantv.az\/wp-content\/uploads\/2020\/12\/661e0451-6d43-3e1b-ba8e-c277952672bc_850.jpg",620,387,false],"thumbnail":["https:\/\/arantv.az\/wp-content\/uploads\/2020\/12\/661e0451-6d43-3e1b-ba8e-c277952672bc_850-150x150.jpg",150,150,true],"medium":["https:\/\/arantv.az\/wp-content\/uploads\/2020\/12\/661e0451-6d43-3e1b-ba8e-c277952672bc_850-300x187.jpg",300,187,true],"large":["https:\/\/arantv.az\/wp-content\/uploads\/2020\/12\/661e0451-6d43-3e1b-ba8e-c277952672bc_850.jpg",620,387,false],"1536x1536":["https:\/\/arantv.az\/wp-content\/uploads\/2020\/12\/661e0451-6d43-3e1b-ba8e-c277952672bc_850.jpg",620,387,false],"2048x2048":["https:\/\/arantv.az\/wp-content\/uploads\/2020\/12\/661e0451-6d43-3e1b-ba8e-c277952672bc_850.jpg",620,387,false],"post-thumbnail":["https:\/\/arantv.az\/wp-content\/uploads\/2020\/12\/661e0451-6d43-3e1b-ba8e-c277952672bc_850-240x172.jpg",240,172,true],"advps-thumb-one":["https:\/\/arantv.az\/wp-content\/uploads\/2020\/12\/661e0451-6d43-3e1b-ba8e-c277952672bc_850.jpg",620,387,false]},"rttpg_author":{"display_name":"V\u00fcsal Rafiqo\u011flu","author_link":"https:\/\/arantv.az\/?author=2"},"rttpg_comment":0,"rttpg_category":"<a href=\"https:\/\/arantv.az\/?cat=4\" rel=\"category\">Siyas\u0259t<\/a>","rttpg_excerpt":"\u201cBu g\u00fcn g\u0259l\u0259c\u0259y\u0259 baxark\u0259n azad edilmi\u015f torpaqlar\u0131n inki\u015faf edilm\u0259si il\u0259 ba\u011fl\u0131 \u00f6z fikirl\u0259rimizi ortaya qoyuruq. Qaraba\u011f d\u00fcnyan\u0131n \u0259n g\u00f6z\u0259l b\u00f6lg\u0259l\u0259rind\u0259n biri olacaq\u201d. \u201cReport\u201d\u00a0x\u0259b\u0259r verir ki, bunu Az\u0259rbaycan Prezidenti \u0130lham \u018fliyev m\u0259tbuata b\u0259yanat\u0131 zaman\u0131 s\u00f6yl\u0259yib. \u201c\u018fmin\u0259m ki, bizim t\u00fcrk qarda\u015flar\u0131m\u0131z\u0131n yard\u0131m\u0131 il\u0259 buna nail olaca\u011f\u0131q. Bu g\u00fcn art\u0131q konkret layih\u0259l\u0259r haqq\u0131nda dan\u0131\u015fd\u0131q: yol, d\u0259mir yolu, infrastruktur&hellip;","_links":{"self":[{"href":"https:\/\/arantv.az\/index.php?rest_route=\/wp\/v2\/posts\/251715"}],"collection":[{"href":"https:\/\/arantv.az\/index.php?rest_route=\/wp\/v2\/posts"}],"about":[{"href":"https:\/\/arantv.az\/index.php?rest_route=\/wp\/v2\/types\/post"}],"author":[{"embeddable":true,"href":"https:\/\/arantv.az\/index.php?rest_route=\/wp\/v2\/users\/2"}],"replies":[{"embeddable":true,"href":"https:\/\/arantv.az\/index.php?rest_route=%2Fwp%2Fv2%2Fcomments&post=251715"}],"version-history":[{"count":0,"href":"https:\/\/arantv.az\/index.php?rest_route=\/wp\/v2\/posts\/251715\/revisions"}],"wp:featuredmedia":[{"embeddable":true,"href":"https:\/\/arantv.az\/index.php?rest_route=\/wp\/v2\/media\/251716"}],"wp:attachment":[{"href":"https:\/\/arantv.az\/index.php?rest_route=%2Fwp%2Fv2%2Fmedia&parent=251715"}],"wp:term":[{"taxonomy":"category","embeddable":true,"href":"https:\/\/arantv.az\/index.php?rest_route=%2Fwp%2Fv2%2Fcategories&post=251715"},{"taxonomy":"post_tag","embeddable":true,"href":"https:\/\/arantv.az\/index.php?rest_route=%2Fwp%2Fv2%2Ftags&post=251715"}],"curies":[{"name":"wp","href":"https:\/\/api.w.org\/{rel}","templated":true}]}}