{"id":251719,"date":"2020-12-10T19:52:52","date_gmt":"2020-12-10T16:52:52","guid":{"rendered":"http:\/\/arantv.az\/?p=251719"},"modified":"2020-12-10T19:52:52","modified_gmt":"2020-12-10T16:52:52","slug":"m%c9%99glub-erm%c9%99nistan-ordusunun-texnikalari-azadliq-meydaninda-fotoreportaj","status":"publish","type":"post","link":"https:\/\/arantv.az\/?p=251719","title":{"rendered":"M\u0259\u011flub Erm\u0259nistan ordusunun texnikalar\u0131 Azadl\u0131q meydan\u0131nda &#8211; FOTOREPORTAJ"},"content":{"rendered":"<p>Bu g\u00fcn Bak\u0131n\u0131n Azadl\u0131q meydan\u0131nda 44 g\u00fcnl\u00fck V\u0259t\u0259n M\u00fcharib\u0259sinin Q\u0259l\u0259b\u0259sin\u0259 h\u0259sr olunan Z\u0259f\u0259r parad\u0131 ke\u00e7irilib.<\/p>\n<p>Az\u0259rbaycan Respublikas\u0131n\u0131n Prezidenti \u0130lham \u018fliyev, Birinci vitse-prezident Mehriban \u018fliyeva, T\u00fcrkiy\u0259 Respublikas\u0131n\u0131n Prezidenti R\u0259c\u0259b Tayyib \u018frdo\u011fan v\u0259 xan\u0131m\u0131 \u018fmin\u0259 \u018frdo\u011fan Z\u0259f\u0259r parad\u0131nda i\u015ftirak edibl\u0259r.<\/p>\n<div id=\"AdviadNativeVideo0\" class=\"AdviadNativeVideo\"><\/div>\n<p>Az\u0259rbaycan\u0131n tarixi q\u0259l\u0259b\u0259si \u015f\u0259r\u0259fin\u0259 ke\u00e7iril\u0259n paradda V\u0259t\u0259n m\u00fcharib\u0259sind\u0259 Az\u0259rbaycan ordusunun d\u00fc\u015fm\u0259nd\u0259n q\u0259nim\u0259t olaraq \u0259l\u0259 ke\u00e7irdiyi h\u0259rbi texnikalar n\u00fcmayi\u015f olunub.<\/p>\n<p><strong>Oxu.Az<\/strong>\u00a0h\u0259min anlar\u0131 lent\u0259 al\u0131b:<\/p>\n<div class=\"gallery\">\n<div class=\"gallery-i\"><img src=\"https:\/\/cdn.oxu.az\/uploads\/W1siZiIsIjIwMjAvMTIvMTAvMTgvMTIvMTkvM2UxYmQ2ZDYtZjU2Ni00NWJkLTg4ODctNjEzZGMxZmEwZjRmL1FFTsSwTUVUNy5qcGciXSxbInAiLCJlbmNvZGUiLCJqcGciLCItcXVhbGl0eSA4MCJdLFsicCIsInRodW1iIiwiNTkweDU5MFx1MDAzZSJdXQ?sha=c54d821b735e3000\" alt=\"\" \/><\/p>\n<div class=\"gallery-i-caption\"><\/div>\n<\/div>\n<div class=\"gallery-i\"><img src=\"https:\/\/cdn.oxu.az\/uploads\/W1siZiIsIjIwMjAvMTIvMTAvMTgvMTIvMTkvYmY0ZWJiNzgtMzI3YS00MzQ4LTllOWEtZjJiYjU3ODcyZDNiL1FFTsSwTUVUNi5qcGciXSxbInAiLCJlbmNvZGUiLCJqcGciLCItcXVhbGl0eSA4MCJdLFsicCIsInRodW1iIiwiNTkweDU5MFx1MDAzZSJdXQ?sha=ca32d2c45e9d4a5f\" alt=\"\" \/><\/p>\n<div class=\"gallery-i-caption\"><\/div>\n<\/div>\n<div class=\"gallery-i\"><img src=\"https:\/\/cdn.oxu.az\/uploads\/W1siZiIsIjIwMjAvMTIvMTAvMTgvMTIvMTkvODEyMmUwN2YtYjhhMS00MGRiLTlhM2QtODQ5YmNhYjhhNWJhL1FFTsSwTUVUNS5qcGciXSxbInAiLCJlbmNvZGUiLCJqcGciLCItcXVhbGl0eSA4MCJdLFsicCIsInRodW1iIiwiNTkweDU5MFx1MDAzZSJdXQ?sha=9d106c76744b15ef\" alt=\"\" \/><\/p>\n<div class=\"gallery-i-caption\"><\/div>\n<\/div>\n<div class=\"gallery-i\"><img src=\"https:\/\/cdn.oxu.az\/uploads\/W1siZiIsIjIwMjAvMTIvMTAvMTgvMTIvMTkvODZmNTM1MDgtYjg3Yi00MThlLWExYTQtMTRlMjQ2ZGJiNTdmL1FFTsSwTUVUNC5qcGciXSxbInAiLCJlbmNvZGUiLCJqcGciLCItcXVhbGl0eSA4MCJdLFsicCIsInRodW1iIiwiNTkweDU5MFx1MDAzZSJdXQ?sha=4106cfd71bd53be0\" alt=\"\" \/><\/p>\n<div class=\"gallery-i-caption\"><\/div>\n<\/div>\n<div class=\"gallery-i\"><img src=\"https:\/\/cdn.oxu.az\/uploads\/W1siZiIsIjIwMjAvMTIvMTAvMTgvMTIvMjAvZmJjN2FhM2UtOGY3MC00NTg1LTlmYTMtNWYwMmEyYzhhM2QzL1FFTsSwTUVUMy5qcGciXSxbInAiLCJlbmNvZGUiLCJqcGciLCItcXVhbGl0eSA4MCJdLFsicCIsInRodW1iIiwiNTkweDU5MFx1MDAzZSJdXQ?sha=4b4ed0d2c370e5b2\" alt=\"\" \/><\/p>\n<div class=\"gallery-i-caption\"><\/div>\n<\/div>\n<div class=\"gallery-i\"><img src=\"https:\/\/cdn.oxu.az\/uploads\/W1siZiIsIjIwMjAvMTIvMTAvMTgvMTIvMjAvNTJjZjQyZTktMzBhOC00OWU3LTgzYWMtNDZkNmUxYWIzNDJmL1FFTsSwTUVUMi5qcGciXSxbInAiLCJlbmNvZGUiLCJqcGciLCItcXVhbGl0eSA4MCJdLFsicCIsInRodW1iIiwiNTkweDU5MFx1MDAzZSJdXQ?sha=2871649f6aea90ae\" alt=\"\" \/><\/p>\n<div class=\"gallery-i-caption\"><\/div>\n<\/div>\n<div class=\"gallery-i\"><img src=\"https:\/\/cdn.oxu.az\/uploads\/W1siZiIsIjIwMjAvMTIvMTAvMTgvMTIvMjAvM2IzNmNkMzktMWNlNS00MjRhLTlkOTctYzg5NjMzNTdlNTRjL1FFTsSwTUVUMS5qcGciXSxbInAiLCJlbmNvZGUiLCJqcGciLCItcXVhbGl0eSA4MCJdLFsicCIsInRodW1iIiwiNTkweDU5MFx1MDAzZSJdXQ?sha=953760aaaab9c25d\" alt=\"\" \/><\/div>\n<\/div>\n","protected":false},"excerpt":{"rendered":"<p>Bu g\u00fcn Bak\u0131n\u0131n Azadl\u0131q meydan\u0131nda 44 g\u00fcnl\u00fck V\u0259t\u0259n M\u00fcharib\u0259sinin Q\u0259l\u0259b\u0259sin\u0259 h\u0259sr olunan Z\u0259f\u0259r parad\u0131 ke\u00e7irilib. Az\u0259rbaycan Respublikas\u0131n\u0131n Prezidenti \u0130lham \u018fliyev, Birinci vitse-prezident Mehriban \u018fliyeva, T\u00fcrkiy\u0259 Respublikas\u0131n\u0131n Prezidenti R\u0259c\u0259b Tayyib \u018frdo\u011fan v\u0259 xan\u0131m\u0131 \u018fmin\u0259 \u018frdo\u011fan Z\u0259f\u0259r parad\u0131nda i\u015ftirak edibl\u0259r. Az\u0259rbaycan\u0131n tarixi q\u0259l\u0259b\u0259si \u015f\u0259r\u0259fin\u0259 ke\u00e7iril\u0259n paradda V\u0259t\u0259n m\u00fcharib\u0259sind\u0259 Az\u0259rbaycan ordusunun d\u00fc\u015fm\u0259nd\u0259n q\u0259nim\u0259t olaraq \u0259l\u0259 ke\u00e7irdiyi h\u0259rbi texnikalar n\u00fcmayi\u015f olunub. Oxu.Az\u00a0h\u0259min anlar\u0131 lent\u0259 al\u0131b:<\/p>\n","protected":false},"author":2,"featured_media":251720,"comment_status":"closed","ping_status":"closed","sticky":false,"template":"","format":"standard","meta":{"om_disable_all_campaigns":false,"_monsterinsights_skip_tracking":false,"_monsterinsights_sitenote_active":false,"_monsterinsights_sitenote_note":"","_monsterinsights_sitenote_category":0},"categories":[19],"tags":[],"aioseo_notices":[],"gutentor_comment":0,"rttpg_featured_image_url":{"full":["https:\/\/arantv.az\/wp-content\/uploads\/2020\/12\/QEN\u00c4\u00b0MET1.jpg",590,393,false],"landscape":["https:\/\/arantv.az\/wp-content\/uploads\/2020\/12\/QEN\u00c4\u00b0MET1.jpg",590,393,false],"portraits":["https:\/\/arantv.az\/wp-content\/uploads\/2020\/12\/QEN\u00c4\u00b0MET1.jpg",590,393,false],"thumbnail":["https:\/\/arantv.az\/wp-content\/uploads\/2020\/12\/QEN\u00c4\u00b0MET1-150x150.jpg",150,150,true],"medium":["https:\/\/arantv.az\/wp-content\/uploads\/2020\/12\/QEN\u00c4\u00b0MET1-300x200.jpg",300,200,true],"large":["https:\/\/arantv.az\/wp-content\/uploads\/2020\/12\/QEN\u00c4\u00b0MET1.jpg",590,393,false],"1536x1536":["https:\/\/arantv.az\/wp-content\/uploads\/2020\/12\/QEN\u00c4\u00b0MET1.jpg",590,393,false],"2048x2048":["https:\/\/arantv.az\/wp-content\/uploads\/2020\/12\/QEN\u00c4\u00b0MET1.jpg",590,393,false],"post-thumbnail":["https:\/\/arantv.az\/wp-content\/uploads\/2020\/12\/QEN\u00c4\u00b0MET1-240x172.jpg",240,172,true],"advps-thumb-one":["https:\/\/arantv.az\/wp-content\/uploads\/2020\/12\/QEN\u00c4\u00b0MET1.jpg",590,393,false]},"rttpg_author":{"display_name":"V\u00fcsal Rafiqo\u011flu","author_link":"https:\/\/arantv.az\/?author=2"},"rttpg_comment":0,"rttpg_category":"<a href=\"https:\/\/arantv.az\/?cat=19\" rel=\"category\">G\u00fcnd\u0259m<\/a>","rttpg_excerpt":"Bu g\u00fcn Bak\u0131n\u0131n Azadl\u0131q meydan\u0131nda 44 g\u00fcnl\u00fck V\u0259t\u0259n M\u00fcharib\u0259sinin Q\u0259l\u0259b\u0259sin\u0259 h\u0259sr olunan Z\u0259f\u0259r parad\u0131 ke\u00e7irilib. Az\u0259rbaycan Respublikas\u0131n\u0131n Prezidenti \u0130lham \u018fliyev, Birinci vitse-prezident Mehriban \u018fliyeva, T\u00fcrkiy\u0259 Respublikas\u0131n\u0131n Prezidenti R\u0259c\u0259b Tayyib \u018frdo\u011fan v\u0259 xan\u0131m\u0131 \u018fmin\u0259 \u018frdo\u011fan Z\u0259f\u0259r parad\u0131nda i\u015ftirak edibl\u0259r. Az\u0259rbaycan\u0131n tarixi q\u0259l\u0259b\u0259si \u015f\u0259r\u0259fin\u0259 ke\u00e7iril\u0259n paradda V\u0259t\u0259n m\u00fcharib\u0259sind\u0259 Az\u0259rbaycan ordusunun d\u00fc\u015fm\u0259nd\u0259n q\u0259nim\u0259t olaraq \u0259l\u0259 ke\u00e7irdiyi h\u0259rbi texnikalar&hellip;","_links":{"self":[{"href":"https:\/\/arantv.az\/index.php?rest_route=\/wp\/v2\/posts\/251719"}],"collection":[{"href":"https:\/\/arantv.az\/index.php?rest_route=\/wp\/v2\/posts"}],"about":[{"href":"https:\/\/arantv.az\/index.php?rest_route=\/wp\/v2\/types\/post"}],"author":[{"embeddable":true,"href":"https:\/\/arantv.az\/index.php?rest_route=\/wp\/v2\/users\/2"}],"replies":[{"embeddable":true,"href":"https:\/\/arantv.az\/index.php?rest_route=%2Fwp%2Fv2%2Fcomments&post=251719"}],"version-history":[{"count":0,"href":"https:\/\/arantv.az\/index.php?rest_route=\/wp\/v2\/posts\/251719\/revisions"}],"wp:featuredmedia":[{"embeddable":true,"href":"https:\/\/arantv.az\/index.php?rest_route=\/wp\/v2\/media\/251720"}],"wp:attachment":[{"href":"https:\/\/arantv.az\/index.php?rest_route=%2Fwp%2Fv2%2Fmedia&parent=251719"}],"wp:term":[{"taxonomy":"category","embeddable":true,"href":"https:\/\/arantv.az\/index.php?rest_route=%2Fwp%2Fv2%2Fcategories&post=251719"},{"taxonomy":"post_tag","embeddable":true,"href":"https:\/\/arantv.az\/index.php?rest_route=%2Fwp%2Fv2%2Ftags&post=251719"}],"curies":[{"name":"wp","href":"https:\/\/api.w.org\/{rel}","templated":true}]}}