{"id":251723,"date":"2020-12-10T19:53:37","date_gmt":"2020-12-10T16:53:37","guid":{"rendered":"http:\/\/arantv.az\/?p=251723"},"modified":"2020-12-10T19:53:37","modified_gmt":"2020-12-10T16:53:37","slug":"prezident-dunyada-turkiy%c9%99-v%c9%99-az%c9%99rbaycan-q%c9%99d%c9%99r-bir-birin%c9%99-yaxin-olan-olk%c9%99l%c9%99r-yoxdur","status":"publish","type":"post","link":"https:\/\/arantv.az\/?p=251723","title":{"rendered":"Prezident: \u201cD\u00fcnyada T\u00fcrkiy\u0259 v\u0259 Az\u0259rbaycan q\u0259d\u0259r bir-birin\u0259 yax\u0131n olan \u00f6lk\u0259l\u0259r yoxdur\u201d"},"content":{"rendered":"<p>\u201cM\u0259n h\u0259r zaman \u0259ziz qarda\u015f\u0131m\u0131 qar\u015f\u0131layark\u0259n, yaxud qarda\u015f T\u00fcrkiy\u0259d\u0259 olark\u0259n deyirdim ki, d\u00fcnyada T\u00fcrkiy\u0259 v\u0259 Az\u0259rbaycan q\u0259d\u0259r bir-birin\u0259 yax\u0131n olan \u00f6lk\u0259l\u0259r tap\u0131lmaz. Bu, h\u0259qiq\u0259tdir\u201d.<\/p>\n<div id=\"AdviadNativeVideo0\" class=\"AdviadNativeVideo\"><\/div>\n<p>Bu s\u00f6zl\u0259ri bu g\u00fcn T\u00fcrkiy\u0259 v\u0259 Az\u0259rbaycan aras\u0131nda s\u0259n\u0259dl\u0259rin imzalanmas\u0131 m\u0259rasimind\u0259n sonra Az\u0259rbaycan Prezidenti \u0130lham \u018fliyev bildirib.<\/p>\n<p>\u201cBu g\u00fcn d\u00fcnya x\u0259rit\u0259sin\u0259 baxsaq, g\u00f6r\u0259rik ki, bizim q\u0259d\u0259r bir-birin\u0259 ba\u011fl\u0131 olan, bir-birinin h\u0259r zaman yan\u0131nda olan ikinci \u00f6lk\u0259l\u0259r yoxdur. Bizi birl\u0259\u015fdir\u0259n h\u0259m ortaq tarix, din, m\u0259d\u0259niyy\u0259t, dil, \u0259d\u0259biyyat, eyni zamanda bizim siyas\u0259timizdir. T\u00fcrkiy\u0259 v\u0259 Az\u0259rbaycan d\u00fcnya miqyas\u0131nda m\u00fcst\u0259qil siyas\u0259t y\u00fcr\u00fcd\u0259n \u00f6lk\u0259l\u0259rdir. T\u00fcrkiy\u0259nin g\u00fcc\u00fc bizim g\u00fcc\u00fcm\u00fcz\u00fc art\u0131r\u0131r\u201d, &#8211; o qeyd edib.<\/p>\n","protected":false},"excerpt":{"rendered":"<p>\u201cM\u0259n h\u0259r zaman \u0259ziz qarda\u015f\u0131m\u0131 qar\u015f\u0131layark\u0259n, yaxud qarda\u015f T\u00fcrkiy\u0259d\u0259 olark\u0259n deyirdim ki, d\u00fcnyada T\u00fcrkiy\u0259 v\u0259 Az\u0259rbaycan q\u0259d\u0259r bir-birin\u0259 yax\u0131n olan \u00f6lk\u0259l\u0259r tap\u0131lmaz. Bu, h\u0259qiq\u0259tdir\u201d. Bu s\u00f6zl\u0259ri bu g\u00fcn T\u00fcrkiy\u0259 v\u0259 Az\u0259rbaycan aras\u0131nda s\u0259n\u0259dl\u0259rin imzalanmas\u0131 m\u0259rasimind\u0259n sonra Az\u0259rbaycan Prezidenti \u0130lham \u018fliyev bildirib. \u201cBu g\u00fcn d\u00fcnya x\u0259rit\u0259sin\u0259 baxsaq, g\u00f6r\u0259rik ki, bizim q\u0259d\u0259r bir-birin\u0259 ba\u011fl\u0131 olan, bir-birinin h\u0259r zaman yan\u0131nda olan ikinci \u00f6lk\u0259l\u0259r yoxdur. Bizi birl\u0259\u015fdir\u0259n h\u0259m ortaq tarix, din, m\u0259d\u0259niyy\u0259t, dil, \u0259d\u0259biyyat, eyni zamanda bizim siyas\u0259timizdir. T\u00fcrkiy\u0259 v\u0259 Az\u0259rbaycan d\u00fcnya miqyas\u0131nda m\u00fcst\u0259qil siyas\u0259t y\u00fcr\u00fcd\u0259n \u00f6lk\u0259l\u0259rdir. T\u00fcrkiy\u0259nin g\u00fcc\u00fc bizim g\u00fcc\u00fcm\u00fcz\u00fc art\u0131r\u0131r\u201d, &#8211; o&hellip;<\/p>\n","protected":false},"author":2,"featured_media":251724,"comment_status":"closed","ping_status":"closed","sticky":false,"template":"","format":"standard","meta":{"om_disable_all_campaigns":false,"_monsterinsights_skip_tracking":false,"_monsterinsights_sitenote_active":false,"_monsterinsights_sitenote_note":"","_monsterinsights_sitenote_category":0},"categories":[4],"tags":[],"aioseo_notices":[],"gutentor_comment":0,"rttpg_featured_image_url":{"full":["https:\/\/arantv.az\/wp-content\/uploads\/2020\/12\/l_3066.jpg",620,349,false],"landscape":["https:\/\/arantv.az\/wp-content\/uploads\/2020\/12\/l_3066.jpg",620,349,false],"portraits":["https:\/\/arantv.az\/wp-content\/uploads\/2020\/12\/l_3066.jpg",620,349,false],"thumbnail":["https:\/\/arantv.az\/wp-content\/uploads\/2020\/12\/l_3066-150x150.jpg",150,150,true],"medium":["https:\/\/arantv.az\/wp-content\/uploads\/2020\/12\/l_3066-300x169.jpg",300,169,true],"large":["https:\/\/arantv.az\/wp-content\/uploads\/2020\/12\/l_3066.jpg",620,349,false],"1536x1536":["https:\/\/arantv.az\/wp-content\/uploads\/2020\/12\/l_3066.jpg",620,349,false],"2048x2048":["https:\/\/arantv.az\/wp-content\/uploads\/2020\/12\/l_3066.jpg",620,349,false],"post-thumbnail":["https:\/\/arantv.az\/wp-content\/uploads\/2020\/12\/l_3066-240x172.jpg",240,172,true],"advps-thumb-one":["https:\/\/arantv.az\/wp-content\/uploads\/2020\/12\/l_3066.jpg",620,349,false]},"rttpg_author":{"display_name":"V\u00fcsal Rafiqo\u011flu","author_link":"https:\/\/arantv.az\/?author=2"},"rttpg_comment":0,"rttpg_category":"<a href=\"https:\/\/arantv.az\/?cat=4\" rel=\"category\">Siyas\u0259t<\/a>","rttpg_excerpt":"\u201cM\u0259n h\u0259r zaman \u0259ziz qarda\u015f\u0131m\u0131 qar\u015f\u0131layark\u0259n, yaxud qarda\u015f T\u00fcrkiy\u0259d\u0259 olark\u0259n deyirdim ki, d\u00fcnyada T\u00fcrkiy\u0259 v\u0259 Az\u0259rbaycan q\u0259d\u0259r bir-birin\u0259 yax\u0131n olan \u00f6lk\u0259l\u0259r tap\u0131lmaz. Bu, h\u0259qiq\u0259tdir\u201d. Bu s\u00f6zl\u0259ri bu g\u00fcn T\u00fcrkiy\u0259 v\u0259 Az\u0259rbaycan aras\u0131nda s\u0259n\u0259dl\u0259rin imzalanmas\u0131 m\u0259rasimind\u0259n sonra Az\u0259rbaycan Prezidenti \u0130lham \u018fliyev bildirib. \u201cBu g\u00fcn d\u00fcnya x\u0259rit\u0259sin\u0259 baxsaq, g\u00f6r\u0259rik ki, bizim q\u0259d\u0259r bir-birin\u0259 ba\u011fl\u0131 olan, bir-birinin h\u0259r&hellip;","_links":{"self":[{"href":"https:\/\/arantv.az\/index.php?rest_route=\/wp\/v2\/posts\/251723"}],"collection":[{"href":"https:\/\/arantv.az\/index.php?rest_route=\/wp\/v2\/posts"}],"about":[{"href":"https:\/\/arantv.az\/index.php?rest_route=\/wp\/v2\/types\/post"}],"author":[{"embeddable":true,"href":"https:\/\/arantv.az\/index.php?rest_route=\/wp\/v2\/users\/2"}],"replies":[{"embeddable":true,"href":"https:\/\/arantv.az\/index.php?rest_route=%2Fwp%2Fv2%2Fcomments&post=251723"}],"version-history":[{"count":0,"href":"https:\/\/arantv.az\/index.php?rest_route=\/wp\/v2\/posts\/251723\/revisions"}],"wp:featuredmedia":[{"embeddable":true,"href":"https:\/\/arantv.az\/index.php?rest_route=\/wp\/v2\/media\/251724"}],"wp:attachment":[{"href":"https:\/\/arantv.az\/index.php?rest_route=%2Fwp%2Fv2%2Fmedia&parent=251723"}],"wp:term":[{"taxonomy":"category","embeddable":true,"href":"https:\/\/arantv.az\/index.php?rest_route=%2Fwp%2Fv2%2Fcategories&post=251723"},{"taxonomy":"post_tag","embeddable":true,"href":"https:\/\/arantv.az\/index.php?rest_route=%2Fwp%2Fv2%2Ftags&post=251723"}],"curies":[{"name":"wp","href":"https:\/\/api.w.org\/{rel}","templated":true}]}}