{"id":25191,"date":"2018-11-27T09:06:57","date_gmt":"2018-11-27T06:06:57","guid":{"rendered":"http:\/\/arantv.az\/?p=25191"},"modified":"2018-11-27T09:06:57","modified_gmt":"2018-11-27T06:06:57","slug":"vladimir-solovyov-c%c9%99tin-ki-dig%c9%99r-prezidentl%c9%99r-dovl%c9%99t-bascilari-ilham-%c9%99liyev-v%c9%99-vladimir-putinl%c9%99-muqayis%c9%99-olunsun","status":"publish","type":"post","link":"https:\/\/arantv.az\/?p=25191","title":{"rendered":"Vladimir Solovyov: \u201c\u00c7\u0259tin ki, dig\u0259r prezidentl\u0259r, d\u00f6vl\u0259t ba\u015f\u00e7\u0131lar\u0131 &#8211; \u0130lham \u018fliyev v\u0259 Vladimir Putinl\u0259 m\u00fcqayis\u0259 olunsun&#8221;"},"content":{"rendered":"<p><strong>ARANTV.AZ<\/strong> x\u0259b\u0259r verir ki, \u201c\u00c7\u0259tin ki, dig\u0259r prezidentl\u0259r, d\u00f6vl\u0259t ba\u015f\u00e7\u0131lar\u0131 &#8211; \u0130lham \u018fliyev v\u0259 Vladimir Putinl\u0259 m\u00fcqayis\u0259 olunsun. Prezident \u0130lham \u018fliyev v\u0259 Vladimir Putin inan\u0131lmaz siyasi \u00fcf\u00fcq\u0259 sahibdirl\u0259r\u201d. Rusiya Jurnalistl\u0259r Birliyinin s\u0259dri Vladimir Solovyov Az\u0259rbaycana s\u0259f\u0259ri zaman\u0131 Prezident \u0130lham \u018fliyevl\u0259 g\u00f6r\u00fc\u015f\u00fcn\u00fcn t\u0259f\u0259rr\u00fcatlar\u0131 bar\u0259d\u0259 dan\u0131\u015fark\u0259n bel\u0259 deyib.<\/p>\n<p>Rusiya Jurnalistl\u0259r Birliyinin s\u0259dri Vladimir Solovyov Az\u0259rbaycana s\u0259f\u0259ri zaman\u0131 Prezident \u0130lham \u018fliyevl\u0259 g\u00f6r\u00fc\u015f\u00fcn\u00fcn t\u0259f\u0259rr\u00fcatlar\u0131 bar\u0259d\u0259 dan\u0131\u015f\u0131b. Solovyov Prezident \u0130lham \u018fliyevin Rusiya v\u0259 Az\u0259rbaycan m\u0259tbuat\u0131nda ba\u015f ver\u0259nl\u0259ri \u00e7ox \u0259trafl\u0131 anlamas\u0131n\u0131n \u015fahidi oldu\u011funu bildirib. Onun s\u00f6zl\u0259rin\u0259 g\u00f6r\u0259, Prezident \u0130lham \u018fliyev s\u00f6hb\u0259t zaman\u0131 d\u00fcnyan\u0131n m\u00fcxt\u0259lif \u00f6lk\u0259l\u0259rind\u0259n, o c\u00fcml\u0259d\u0259n Rusiyadan bir \u00e7ox jurnalistl\u0259rin soyadlar\u0131n\u0131 \u00e7\u0259kib. Sitat: \u201cHiss edirdim ki, o, g\u00fcn \u0259rzind\u0259 m\u0259tbuat\u0131 \u015f\u0259xs\u0259n izl\u0259yir. \u0130\u015f buras\u0131ndad\u0131r ki, o, Q\u0259rb medias\u0131n\u0131 ingilis, bizimkini rus, T\u00fcrkiy\u0259 m\u0259tbuat\u0131n\u0131 is\u0259 t\u00fcrk dilind\u0259 izl\u0259yir. M\u0259hz dil bilikl\u0259ri say\u0259sind\u0259 onun bu c\u00fcr materiallarla problemi olmur\u201d.Sitat\u0131n sonu. Vladimir Solovyov onu da \u0259lav\u0259 edib ki, Az\u0259rbaycan v\u0259 Rusiya prezidentl\u0259rinin xarakterind\u0259 bir \u00e7ox ox\u015far c\u0259h\u0259tl\u0259r var:\u00a0 \u201cOnlar inan\u0131lmaz siyasi \u00fcf\u00fcq\u0259 sahibdirl\u0259r. \u00c7\u0259tin ki, dig\u0259r prezidentl\u0259r onlarla m\u00fcqayis\u0259 olunsun\u201d-dey\u0259 Solovyov bildirib.<\/p>\n","protected":false},"excerpt":{"rendered":"<p>ARANTV.AZ x\u0259b\u0259r verir ki, \u201c\u00c7\u0259tin ki, dig\u0259r prezidentl\u0259r, d\u00f6vl\u0259t ba\u015f\u00e7\u0131lar\u0131 &#8211; \u0130lham \u018fliyev v\u0259 Vladimir Putinl\u0259 m\u00fcqayis\u0259 olunsun. Prezident \u0130lham \u018fliyev v\u0259 Vladimir Putin inan\u0131lmaz siyasi \u00fcf\u00fcq\u0259 sahibdirl\u0259r\u201d. Rusiya Jurnalistl\u0259r Birliyinin s\u0259dri Vladimir Solovyov Az\u0259rbaycana s\u0259f\u0259ri zaman\u0131 Prezident \u0130lham \u018fliyevl\u0259 g\u00f6r\u00fc\u015f\u00fcn\u00fcn t\u0259f\u0259rr\u00fcatlar\u0131 bar\u0259d\u0259 dan\u0131\u015fark\u0259n bel\u0259 deyib. Rusiya Jurnalistl\u0259r Birliyinin s\u0259dri Vladimir Solovyov Az\u0259rbaycana s\u0259f\u0259ri zaman\u0131 Prezident \u0130lham \u018fliyevl\u0259 g\u00f6r\u00fc\u015f\u00fcn\u00fcn t\u0259f\u0259rr\u00fcatlar\u0131 bar\u0259d\u0259 dan\u0131\u015f\u0131b. Solovyov Prezident \u0130lham \u018fliyevin Rusiya v\u0259 Az\u0259rbaycan m\u0259tbuat\u0131nda ba\u015f ver\u0259nl\u0259ri \u00e7ox \u0259trafl\u0131 anlamas\u0131n\u0131n \u015fahidi oldu\u011funu bildirib. Onun s\u00f6zl\u0259rin\u0259 g\u00f6r\u0259, Prezident \u0130lham \u018fliyev s\u00f6hb\u0259t zaman\u0131 d\u00fcnyan\u0131n m\u00fcxt\u0259lif \u00f6lk\u0259l\u0259rind\u0259n, o&hellip;<\/p>\n","protected":false},"author":2,"featured_media":25192,"comment_status":"closed","ping_status":"closed","sticky":false,"template":"","format":"standard","meta":{"om_disable_all_campaigns":false,"_monsterinsights_skip_tracking":false,"_monsterinsights_sitenote_active":false,"_monsterinsights_sitenote_note":"","_monsterinsights_sitenote_category":0},"categories":[4],"tags":[],"aioseo_notices":[],"gutentor_comment":0,"rttpg_featured_image_url":{"full":["https:\/\/arantv.az\/wp-content\/uploads\/2018\/11\/es4a7927b0or43htgk0vanm453bs.jpg",320,220,false],"landscape":["https:\/\/arantv.az\/wp-content\/uploads\/2018\/11\/es4a7927b0or43htgk0vanm453bs.jpg",320,220,false],"portraits":["https:\/\/arantv.az\/wp-content\/uploads\/2018\/11\/es4a7927b0or43htgk0vanm453bs.jpg",320,220,false],"thumbnail":["https:\/\/arantv.az\/wp-content\/uploads\/2018\/11\/es4a7927b0or43htgk0vanm453bs-150x150.jpg",150,150,true],"medium":["https:\/\/arantv.az\/wp-content\/uploads\/2018\/11\/es4a7927b0or43htgk0vanm453bs-300x206.jpg",300,206,true],"large":["https:\/\/arantv.az\/wp-content\/uploads\/2018\/11\/es4a7927b0or43htgk0vanm453bs.jpg",320,220,false],"1536x1536":["https:\/\/arantv.az\/wp-content\/uploads\/2018\/11\/es4a7927b0or43htgk0vanm453bs.jpg",320,220,false],"2048x2048":["https:\/\/arantv.az\/wp-content\/uploads\/2018\/11\/es4a7927b0or43htgk0vanm453bs.jpg",320,220,false],"post-thumbnail":["https:\/\/arantv.az\/wp-content\/uploads\/2018\/11\/es4a7927b0or43htgk0vanm453bs-240x172.jpg",240,172,true],"advps-thumb-one":["https:\/\/arantv.az\/wp-content\/uploads\/2018\/11\/es4a7927b0or43htgk0vanm453bs.jpg",320,220,false]},"rttpg_author":{"display_name":"V\u00fcsal Rafiqo\u011flu","author_link":"https:\/\/arantv.az\/?author=2"},"rttpg_comment":0,"rttpg_category":"<a href=\"https:\/\/arantv.az\/?cat=4\" rel=\"category\">Siyas\u0259t<\/a>","rttpg_excerpt":"ARANTV.AZ x\u0259b\u0259r verir ki, \u201c\u00c7\u0259tin ki, dig\u0259r prezidentl\u0259r, d\u00f6vl\u0259t ba\u015f\u00e7\u0131lar\u0131 &#8211; \u0130lham \u018fliyev v\u0259 Vladimir Putinl\u0259 m\u00fcqayis\u0259 olunsun. Prezident \u0130lham \u018fliyev v\u0259 Vladimir Putin inan\u0131lmaz siyasi \u00fcf\u00fcq\u0259 sahibdirl\u0259r\u201d. Rusiya Jurnalistl\u0259r Birliyinin s\u0259dri Vladimir Solovyov Az\u0259rbaycana s\u0259f\u0259ri zaman\u0131 Prezident \u0130lham \u018fliyevl\u0259 g\u00f6r\u00fc\u015f\u00fcn\u00fcn t\u0259f\u0259rr\u00fcatlar\u0131 bar\u0259d\u0259 dan\u0131\u015fark\u0259n bel\u0259 deyib. Rusiya Jurnalistl\u0259r Birliyinin s\u0259dri Vladimir Solovyov Az\u0259rbaycana s\u0259f\u0259ri zaman\u0131&hellip;","_links":{"self":[{"href":"https:\/\/arantv.az\/index.php?rest_route=\/wp\/v2\/posts\/25191"}],"collection":[{"href":"https:\/\/arantv.az\/index.php?rest_route=\/wp\/v2\/posts"}],"about":[{"href":"https:\/\/arantv.az\/index.php?rest_route=\/wp\/v2\/types\/post"}],"author":[{"embeddable":true,"href":"https:\/\/arantv.az\/index.php?rest_route=\/wp\/v2\/users\/2"}],"replies":[{"embeddable":true,"href":"https:\/\/arantv.az\/index.php?rest_route=%2Fwp%2Fv2%2Fcomments&post=25191"}],"version-history":[{"count":0,"href":"https:\/\/arantv.az\/index.php?rest_route=\/wp\/v2\/posts\/25191\/revisions"}],"wp:featuredmedia":[{"embeddable":true,"href":"https:\/\/arantv.az\/index.php?rest_route=\/wp\/v2\/media\/25192"}],"wp:attachment":[{"href":"https:\/\/arantv.az\/index.php?rest_route=%2Fwp%2Fv2%2Fmedia&parent=25191"}],"wp:term":[{"taxonomy":"category","embeddable":true,"href":"https:\/\/arantv.az\/index.php?rest_route=%2Fwp%2Fv2%2Fcategories&post=25191"},{"taxonomy":"post_tag","embeddable":true,"href":"https:\/\/arantv.az\/index.php?rest_route=%2Fwp%2Fv2%2Ftags&post=25191"}],"curies":[{"name":"wp","href":"https:\/\/api.w.org\/{rel}","templated":true}]}}