{"id":25194,"date":"2018-11-27T09:08:01","date_gmt":"2018-11-27T06:08:01","guid":{"rendered":"http:\/\/arantv.az\/?p=25194"},"modified":"2018-11-27T09:08:01","modified_gmt":"2018-11-27T06:08:01","slug":"ceffri-van-orden-avropa-ittifaqi-az%c9%99rbaycanla-coxt%c9%99r%c9%99fli-v%c9%99-ikit%c9%99r%c9%99fli-%c9%99m%c9%99kdasliga-boyuk-%c9%99h%c9%99miyy%c9%99t-verir","status":"publish","type":"post","link":"https:\/\/arantv.az\/?p=25194","title":{"rendered":"Ceffri Van Orden: \u201cAvropa \u0130ttifaq\u0131 Az\u0259rbaycanla \u00e7oxt\u0259r\u0259fli v\u0259 ikit\u0259r\u0259fli \u0259m\u0259kda\u015fl\u0131\u011fa b\u00f6y\u00fck \u0259h\u0259miyy\u0259t verir\u201d"},"content":{"rendered":"<p><strong>ARANTV.AZ<\/strong> x\u0259b\u0259r verir ki, Avropa \u0130ttifaq\u0131 Az\u0259rbaycanla \u00e7oxt\u0259r\u0259fli v\u0259 ikit\u0259r\u0259fli \u0259m\u0259kda\u015fl\u0131\u011fa b\u00f6y\u00fck \u0259h\u0259miyy\u0259t verir. Bu s\u00f6zl\u0259ri \u00f6lk\u0259mizd\u0259 s\u0259f\u0259rd\u0259 olan Avropa Parlamentinin Terrorizm \u00fczr\u0259 X\u00fcsusi Komit\u0259sinin s\u0259dr m\u00fcavini Ceffri Van Orden Milli M\u0259clisd\u0259 ke\u00e7irdiyi g\u00f6r\u00fc\u015fd\u0259 s\u0259sl\u0259ndirib. Qonaq \u00f6lk\u0259mizin m\u00fch\u00fcm geosiaysi m\u00f6vqed\u0259 yerl\u0259\u015fm\u0259kl\u0259 yana\u015f\u0131, b\u00f6y\u00fck iqtisadi potensiala sahib oldu\u011funu deyib.<\/p>\n<p>Avropa Parlamentinin Terrorizm \u00fczr\u0259 X\u00fcsusi Komit\u0259sinin s\u0259dr m\u00fcavini Ceffri Van Ordenin ba\u015f\u00e7\u0131l\u0131q etdiyi n\u00fcma\u0259ynd\u0259 hey\u0259tinin \u00f6lk\u0259miz\u0259 s\u0259f\u0259rinin m\u0259qs\u0259di Az\u0259rbaycanla, o c\u00fcml\u0259d\u0259n regionla daha yax\u0131ndan tan\u0131\u015f olmaqd\u0131r. N\u00fcmay\u0259nd\u0259 hey\u0259tinin Milli M\u0259clisin Avropa \u0130ttifaq\u0131-Az\u0259rbaycan Parlament \u018fm\u0259kda\u015fl\u0131q Komit\u0259sinin \u00fczvl\u0259ri il\u0259 g\u00f6r\u00fc\u015f\u00fcnd\u0259 komit\u0259nin h\u0259ms\u0259dri Cavan\u015fir Feyziyev qonaqlara \u00f6lk\u0259mizin yerl\u0259\u015fdiyi m\u00fcr\u0259kk\u0259b region, Az\u0259rbaycan\u0131n \u0259ld\u0259 etdiyi u\u011furlar bar\u0259d\u0259 geni\u015f m\u0259lumat verdi. Erm\u0259nistan\u0131n i\u015f\u011fal\u00e7\u0131l\u0131q siyas\u0259ti n\u0259tic\u0259sind\u0259 yaranm\u0131\u015f Da\u011fl\u0131q Qaraba\u011f m\u00fcnaqi\u015f\u0259sind\u0259n dan\u0131\u015fark\u0259n Avropa \u0130ttifaq\u0131n\u0131n bu problemin nizamlanmas\u0131nda i\u015f\u011fal ed\u0259n \u00f6lk\u0259 il\u0259 \u0259razisi i\u015f\u011fal olunan \u00f6lk\u0259y\u0259 m\u00fcnasib\u0259td\u0259 eyni m\u00f6vqe s\u0259rgil\u0259ndiyini t\u0259\u0259ss\u00fcfl\u0259 qeyd etdi. Az\u0259rbaycan\u0131n Avronest Parlament Assambleyas\u0131nda n\u00fcmay\u0259nd\u0259 hey\u0259tinin r\u0259hb\u0259ri Sahib\u0259 Qafarova da bu m\u00fcnaqi\u015f\u0259 n\u0259tic\u0259sind\u0259 ev-e\u015fiyind\u0259n did\u0259rgin d\u00fc\u015fm\u00fc\u015f 1 milyondan \u00e7ox az\u0259rbaycanl\u0131n\u0131n pozulmu\u015f h\u00fcquqlar\u0131 bar\u0259d\u0259 m\u0259lumat verdi. Avropa \u0130ttifaq\u0131n\u0131n Az\u0259rbaycanla h\u0259m \u00e7oxt\u0259r\u0259fli, h\u0259m d\u0259 ikit\u0259r\u0259fli \u0259m\u0259kda\u015fl\u0131\u011fa b\u00f6y\u00fck \u0259h\u0259miyy\u0259t verdiyini dey\u0259n Ceffri Van Orden \u00f6lk\u0259mizin m\u00fch\u00fcm geosiyasi m\u00f6vqed\u0259 yerl\u0259\u015fm\u0259kl\u0259 yana\u015f\u0131, n\u0259h\u0259ng iqtisadi potensiala sahib oldu\u011funu bildirdi. N\u00fcmay\u0259nd\u0259 hey\u0259tinin Milli M\u0259clisin Beyn\u0259lxalq m\u00fcnasib\u0259tl\u0259r v\u0259 parlamentl\u0259raras\u0131 \u0259laq\u0259l\u0259r komit\u0259sinin \u00fczvl\u0259ri il\u0259 g\u00f6r\u00fc\u015f\u00fcnd\u0259 d\u0259 geni\u015f fikir m\u00fcbadil\u0259si apar\u0131ld\u0131. Komit\u0259nin s\u0259dri S\u0259m\u0259d Seyidov \u00f6lk\u0259mizin daxili v\u0259 xarici siyas\u0259ti, beyn\u0259lxalq \u0259m\u0259kda\u015fl\u0131\u011f\u0131 bar\u0259d\u0259 qonaqlara geni\u015f m\u0259lumat verdi. Diqq\u0259t\u0259 \u00e7atd\u0131r\u0131ld\u0131 ki, d\u00fcnyada terrorra qar\u015f\u0131 apar\u0131lan m\u00fcbarizd\u0259 f\u0259al i\u015ftirak ed\u0259n Az\u0259rbaycan \u00f6z\u00fc d\u0259 erm\u0259ni terrorundan \u0259ziyy\u0259t \u00e7\u0259kir. Sonra n\u00fcmay\u0259nd\u0259 hey\u0259ti Milli M\u0259clisin H\u00fcquq siyas\u0259ti v\u0259 d\u00f6vl\u0259t quruculu\u011fu komit\u0259sinin \u00fczvl\u0259ri il\u0259 g\u00f6r\u00fc\u015fd\u00fc. Komit\u0259nin s\u0259dri \u018fli H\u00fcseynli dedi ki, Az\u0259rbaycan\u0131n \u0259razisinin bir hiss\u0259sinin u\u015f\u011fal edilm\u0259sin\u0259, 100 minl\u0259rl\u0259 qa\u00e7q\u0131n v\u0259 m\u0259cburi k\u00f6\u00e7k\u00fcn\u00fcn\u00fcn olmas\u0131na baxmayaraq, \u00f6lk\u0259miz s\u00fcr\u0259tl\u0259 inki\u015faf edir, b\u00f6y\u00fck u\u011furlara imza at\u0131r. Bu da m\u00fcst\u0259qil \u00f6lk\u0259mizin v\u0259 xalq\u0131m\u0131z\u0131n b\u00f6y\u00fck potensial\u0131ndan x\u0259b\u0259r verir. Ceffri Van Orden \u00f6lk\u0259si- B\u00f6y\u00fck Birtaniya il\u0259 d\u0259 Az\u0259rbaycan\u0131n \u00e7ox\u0259srlik tarixi \u0259laq\u0259l\u0259rinin y\u00fcks\u0259k s\u0259viyy\u0259d\u0259 oldu\u011funu vur\u011fulayaraq s\u00fcr\u0259tl\u0259 inki\u015faf ed\u0259n \u0259m\u0259kda\u015fl\u0131qdan m\u0259mnunla s\u00f6z a\u00e7d\u0131.<\/p>\n","protected":false},"excerpt":{"rendered":"<p>ARANTV.AZ x\u0259b\u0259r verir ki, Avropa \u0130ttifaq\u0131 Az\u0259rbaycanla \u00e7oxt\u0259r\u0259fli v\u0259 ikit\u0259r\u0259fli \u0259m\u0259kda\u015fl\u0131\u011fa b\u00f6y\u00fck \u0259h\u0259miyy\u0259t verir. Bu s\u00f6zl\u0259ri \u00f6lk\u0259mizd\u0259 s\u0259f\u0259rd\u0259 olan Avropa Parlamentinin Terrorizm \u00fczr\u0259 X\u00fcsusi Komit\u0259sinin s\u0259dr m\u00fcavini Ceffri Van Orden Milli M\u0259clisd\u0259 ke\u00e7irdiyi g\u00f6r\u00fc\u015fd\u0259 s\u0259sl\u0259ndirib. Qonaq \u00f6lk\u0259mizin m\u00fch\u00fcm geosiaysi m\u00f6vqed\u0259 yerl\u0259\u015fm\u0259kl\u0259 yana\u015f\u0131, b\u00f6y\u00fck iqtisadi potensiala sahib oldu\u011funu deyib. Avropa Parlamentinin Terrorizm \u00fczr\u0259 X\u00fcsusi Komit\u0259sinin s\u0259dr m\u00fcavini Ceffri Van Ordenin ba\u015f\u00e7\u0131l\u0131q etdiyi n\u00fcma\u0259ynd\u0259 hey\u0259tinin \u00f6lk\u0259miz\u0259 s\u0259f\u0259rinin m\u0259qs\u0259di Az\u0259rbaycanla, o c\u00fcml\u0259d\u0259n regionla daha yax\u0131ndan tan\u0131\u015f olmaqd\u0131r. N\u00fcmay\u0259nd\u0259 hey\u0259tinin Milli M\u0259clisin Avropa \u0130ttifaq\u0131-Az\u0259rbaycan Parlament \u018fm\u0259kda\u015fl\u0131q Komit\u0259sinin \u00fczvl\u0259ri il\u0259 g\u00f6r\u00fc\u015f\u00fcnd\u0259 komit\u0259nin h\u0259ms\u0259dri Cavan\u015fir Feyziyev&hellip;<\/p>\n","protected":false},"author":2,"featured_media":25195,"comment_status":"closed","ping_status":"closed","sticky":false,"template":"","format":"standard","meta":{"om_disable_all_campaigns":false,"_monsterinsights_skip_tracking":false,"_monsterinsights_sitenote_active":false,"_monsterinsights_sitenote_note":"","_monsterinsights_sitenote_category":0},"categories":[4],"tags":[],"aioseo_notices":[],"gutentor_comment":0,"rttpg_featured_image_url":{"full":["https:\/\/arantv.az\/wp-content\/uploads\/2018\/11\/es4a7927b0or43htgk0vanm453mm.jpg",981,669,false],"landscape":["https:\/\/arantv.az\/wp-content\/uploads\/2018\/11\/es4a7927b0or43htgk0vanm453mm.jpg",981,669,false],"portraits":["https:\/\/arantv.az\/wp-content\/uploads\/2018\/11\/es4a7927b0or43htgk0vanm453mm.jpg",981,669,false],"thumbnail":["https:\/\/arantv.az\/wp-content\/uploads\/2018\/11\/es4a7927b0or43htgk0vanm453mm-150x150.jpg",150,150,true],"medium":["https:\/\/arantv.az\/wp-content\/uploads\/2018\/11\/es4a7927b0or43htgk0vanm453mm-300x205.jpg",300,205,true],"large":["https:\/\/arantv.az\/wp-content\/uploads\/2018\/11\/es4a7927b0or43htgk0vanm453mm.jpg",640,436,false],"1536x1536":["https:\/\/arantv.az\/wp-content\/uploads\/2018\/11\/es4a7927b0or43htgk0vanm453mm.jpg",981,669,false],"2048x2048":["https:\/\/arantv.az\/wp-content\/uploads\/2018\/11\/es4a7927b0or43htgk0vanm453mm.jpg",981,669,false],"post-thumbnail":["https:\/\/arantv.az\/wp-content\/uploads\/2018\/11\/es4a7927b0or43htgk0vanm453mm-240x172.jpg",240,172,true],"advps-thumb-one":["https:\/\/arantv.az\/wp-content\/uploads\/2018\/11\/es4a7927b0or43htgk0vanm453mm-981x620.jpg",981,620,true]},"rttpg_author":{"display_name":"V\u00fcsal Rafiqo\u011flu","author_link":"https:\/\/arantv.az\/?author=2"},"rttpg_comment":0,"rttpg_category":"<a href=\"https:\/\/arantv.az\/?cat=4\" rel=\"category\">Siyas\u0259t<\/a>","rttpg_excerpt":"ARANTV.AZ x\u0259b\u0259r verir ki, Avropa \u0130ttifaq\u0131 Az\u0259rbaycanla \u00e7oxt\u0259r\u0259fli v\u0259 ikit\u0259r\u0259fli \u0259m\u0259kda\u015fl\u0131\u011fa b\u00f6y\u00fck \u0259h\u0259miyy\u0259t verir. Bu s\u00f6zl\u0259ri \u00f6lk\u0259mizd\u0259 s\u0259f\u0259rd\u0259 olan Avropa Parlamentinin Terrorizm \u00fczr\u0259 X\u00fcsusi Komit\u0259sinin s\u0259dr m\u00fcavini Ceffri Van Orden Milli M\u0259clisd\u0259 ke\u00e7irdiyi g\u00f6r\u00fc\u015fd\u0259 s\u0259sl\u0259ndirib. Qonaq \u00f6lk\u0259mizin m\u00fch\u00fcm geosiaysi m\u00f6vqed\u0259 yerl\u0259\u015fm\u0259kl\u0259 yana\u015f\u0131, b\u00f6y\u00fck iqtisadi potensiala sahib oldu\u011funu deyib. Avropa Parlamentinin Terrorizm \u00fczr\u0259 X\u00fcsusi Komit\u0259sinin s\u0259dr&hellip;","_links":{"self":[{"href":"https:\/\/arantv.az\/index.php?rest_route=\/wp\/v2\/posts\/25194"}],"collection":[{"href":"https:\/\/arantv.az\/index.php?rest_route=\/wp\/v2\/posts"}],"about":[{"href":"https:\/\/arantv.az\/index.php?rest_route=\/wp\/v2\/types\/post"}],"author":[{"embeddable":true,"href":"https:\/\/arantv.az\/index.php?rest_route=\/wp\/v2\/users\/2"}],"replies":[{"embeddable":true,"href":"https:\/\/arantv.az\/index.php?rest_route=%2Fwp%2Fv2%2Fcomments&post=25194"}],"version-history":[{"count":0,"href":"https:\/\/arantv.az\/index.php?rest_route=\/wp\/v2\/posts\/25194\/revisions"}],"wp:featuredmedia":[{"embeddable":true,"href":"https:\/\/arantv.az\/index.php?rest_route=\/wp\/v2\/media\/25195"}],"wp:attachment":[{"href":"https:\/\/arantv.az\/index.php?rest_route=%2Fwp%2Fv2%2Fmedia&parent=25194"}],"wp:term":[{"taxonomy":"category","embeddable":true,"href":"https:\/\/arantv.az\/index.php?rest_route=%2Fwp%2Fv2%2Fcategories&post=25194"},{"taxonomy":"post_tag","embeddable":true,"href":"https:\/\/arantv.az\/index.php?rest_route=%2Fwp%2Fv2%2Ftags&post=25194"}],"curies":[{"name":"wp","href":"https:\/\/api.w.org\/{rel}","templated":true}]}}